{"id":2330,"date":"2016-10-28T11:21:07","date_gmt":"2016-10-28T10:21:07","guid":{"rendered":"http:\/\/ostrowska.tv\/?p=2330"},"modified":"2016-10-28T11:21:07","modified_gmt":"2016-10-28T10:21:07","slug":"radny-paduch-oblal-najwazniejszy-egzamin","status":"publish","type":"post","link":"https:\/\/ostrowskatv.pl\/?p=2330","title":{"rendered":"Radny Paduch obla\u0142 najwa\u017cniejszy egzamin"},"content":{"rendered":"<p><strong>Radny Jakub Paduch po zako\u0144czeniu nauki na studiach prawniczych, obla\u0142 najwa\u017cniejszy egzamin &#8211; ten dotycz\u0105cy aplikacji. &#8222;Z\u0142ote dziecko Platformy Obywatelskiej&#8221; &#8211; jak wielu ostrowian go nazywa, ma marzenie zosta\u0107 radc\u0105 prawnym. Jednak z jego realizacj\u0105 b\u0119dzie musia\u0142 poczeka\u0107 ca\u0142y rok. Co ciekawe, radny Jakub Paduch broni\u0142 si\u0119, \u017ce &#8222;taka jest natura test\u00f3w jednokrotnego wyboru, \u017ce albo si\u0119 trafi w to pytanie albo nie&#8221;. Dziennikarz jednak poinformowa\u0142 m\u0142odego polityka, \u017ce w takich egzaminach trzeba dysponowa\u0107 wiedz\u0105, a nie szcz\u0119\u015bciem. Poza kamer\u0105 przyzna\u0142, \u017ce zabrak\u0142o mu 6 punkt\u00f3w i zamierza si\u0119 odwo\u0142a\u0107 od wyniku egzaminu pa\u0144stwowego. Jak powiedzia\u0142, z jego oblicze\u0144 wynika, \u017ce powinien zda\u0107.<\/strong><\/p>\n<p><iframe loading=\"lazy\" width=\"640\" height=\"360\" src=\"https:\/\/www.youtube.com\/embed\/emvYkaBzd6Q\" frameborder=\"0\" allowfullscreen><\/iframe><\/p>\n","protected":false},"excerpt":{"rendered":"Radny Jakub Paduch po zako\u0144czeniu nauki na studiach prawniczych, obla\u0142 najwa\u017cniejszy egzamin &#8211; ten dotycz\u0105cy aplikacji. &#8222;Z\u0142ote dziecko Platformy Obywatelskiej&#8221; &#8211; jak wielu \n<a class=\"moretag\" href=\"https:\/\/ostrowskatv.pl\/?p=2330\"> [...]<\/a>","protected":false},"author":1,"featured_media":2331,"comment_status":"open","ping_status":"open","sticky":false,"template":"","format":"standard","meta":{"footnotes":""},"categories":[1],"tags":[2],"class_list":["post-2330","post","type-post","status-publish","format-standard","has-post-thumbnail","hentry","category-news","tag-ostrow-wielkopolski"],"_links":{"self":[{"href":"https:\/\/ostrowskatv.pl\/index.php?rest_route=\/wp\/v2\/posts\/2330","targetHints":{"allow":["GET"]}}],"collection":[{"href":"https:\/\/ostrowskatv.pl\/index.php?rest_route=\/wp\/v2\/posts"}],"about":[{"href":"https:\/\/ostrowskatv.pl\/index.php?rest_route=\/wp\/v2\/types\/post"}],"author":[{"embeddable":true,"href":"https:\/\/ostrowskatv.pl\/index.php?rest_route=\/wp\/v2\/users\/1"}],"replies":[{"embeddable":true,"href":"https:\/\/ostrowskatv.pl\/index.php?rest_route=%2Fwp%2Fv2%2Fcomments&post=2330"}],"version-history":[{"count":0,"href":"https:\/\/ostrowskatv.pl\/index.php?rest_route=\/wp\/v2\/posts\/2330\/revisions"}],"wp:featuredmedia":[{"embeddable":true,"href":"https:\/\/ostrowskatv.pl\/index.php?rest_route=\/wp\/v2\/media\/2331"}],"wp:attachment":[{"href":"https:\/\/ostrowskatv.pl\/index.php?rest_route=%2Fwp%2Fv2%2Fmedia&parent=2330"}],"wp:term":[{"taxonomy":"category","embeddable":true,"href":"https:\/\/ostrowskatv.pl\/index.php?rest_route=%2Fwp%2Fv2%2Fcategories&post=2330"},{"taxonomy":"post_tag","embeddable":true,"href":"https:\/\/ostrowskatv.pl\/index.php?rest_route=%2Fwp%2Fv2%2Ftags&post=2330"}],"curies":[{"name":"wp","href":"https:\/\/api.w.org\/{rel}","templated":true}]}}