{"id":23274,"date":"2023-02-24T15:54:09","date_gmt":"2023-02-24T14:54:09","guid":{"rendered":"https:\/\/ostrowskatv.pl\/?p=23274"},"modified":"2023-02-24T15:54:09","modified_gmt":"2023-02-24T14:54:09","slug":"protestowali-w-sprawie-kolei-duzych-predkosci","status":"publish","type":"post","link":"https:\/\/ostrowskatv.pl\/?p=23274","title":{"rendered":"Protestowali w sprawie Kolei Du\u017cych Pr\u0119dko\u015bci"},"content":{"rendered":"<p><strong>Dzi\u015b w Kaliszu przy dworcu kolejowym odby\u0142a si\u0119 manifestacja w sprawie planowanych wariant\u00f3w przebiegu Kolei Du\u017cych Pr\u0119dko\u015bci do Centralnego Portu Komunikacyjnego.<\/strong><\/p>\n<p>Protest zgromadzi\u0142 mieszka\u0144c\u00f3w osiedli Sulis\u0142awice oraz Piwonice, a tak\u017ce miejscowo\u015bci Che\u0142mce, Stobno i \u017byd\u00f3w. Protestuj\u0105cy wyra\u017cali sw\u00f3j niepok\u00f3j i podkre\u015blali brak konkretnych informacji.<\/p>\n<p>Mieszka\u0144cy rejon\u00f3w zagro\u017conych inwestycj\u0105 nie wiedz\u0105 gdzie konkretnie przebiegnie kolej, czy w og\u00f3le do tego dojdzie. Ponadto zauwa\u017cyli, \u017ce w ostatnim czasie zmieniono warianty, ale nie poinformowano opinii publicznej.<\/p>\n<blockquote><p>&#8211; Jest to inicjatywa spo\u0142eczna. Nie jeste\u015bmy przeciw rozwojowi Kalisza, bo my tez tutaj mieszkamy. My nie jeste\u015bmy przeciwko naszym s\u0105siadom. Nie jeste\u015bmy przeciwko ludziom. My po prostu chcemy wiedzie\u0107 czy ta inwestycja dotknie nas w taki spos\u00f3b, \u017ce za par\u0119 miesi\u0119cy b\u0119dziemy si\u0119 musieli spakowa\u0107, \u017ce te inwestycje na kt\u00f3re wiele lat pracowali\u015bmy b\u0119dziemy musieli odda\u0107 za bezcen, a w dzisiejszych czas w og\u00f3le b\u0119dzie sta\u0107 nas b\u0119dzie na to \u017ceby\u015bmy mogli to w jaki\u015b spos\u00f3b odtworzy\u0107 i wr\u00f3ci\u0107 do bezpiecze\u0144stwa, naszych mir\u00f3w domowych, \u017ceby\u015bmy znowu wiedzieli, \u017ce w tym mie\u015bcie jeste\u015bmy chciani \u2013 m\u00f3wi\u0142 Marcin Krzywa\u0144ski.<\/p><\/blockquote>\n<blockquote><p>&#8211; Z\u0142o\u017cyli\u015bmy te\u017c zapytanie o dost\u0119p do informacji publicznej do Miasta Kalisza poniewa\u017c chcieli\u015bmy si\u0119 dowiedzie\u0107 czego\u015b wi\u0119cej od prezydenta. Miasto pod koniec roku wystosowa\u0142o dokument w kt\u00f3rym wyrazi\u0142o swoj\u0105 opini\u0119 na temat wszystkich czterech wariant\u00f3w niejako kwestionuj\u0105c zasadno\u015b\u0107 wszystkich. Wi\u0119c s\u0105dzi\u0142em na podstawie tego i spotka\u0144 kt\u00f3re w Kaliszu by\u0142y, \u017ce jakie\u015b informacje dostaniemy. Otrzymali\u015bmy odpowied\u017a wymijaj\u0105c\u0105, a tak naprawd\u0119 jej nie otrzymali\u015bmy \u2013 m\u00f3wi\u0142 Marcin Krzywa\u0144ski.<\/p><\/blockquote>\n<p>Zgromadzeni w przemowach m\u00f3wili, \u017ce wystarczy modernizacja obecnych torowisk.<\/p>\n<p>Do protestuj\u0105cych przyszed\u0142 pose\u0142 Prawa i Sprawiedliwo\u015bci Piotr Kaleta. Zaproponowa\u0142 spo\u0142ecznym &#8222;liderom protestu&#8221; spotkanie w swoim biurze poselskim. Chcia\u0142 tam wypracowa\u0107 konkretne oczekiwania i co mo\u017cna zrobi\u0107 krok po kroku. Zasugerowa\u0142, \u017ce s\u0105 rozwi\u0105zania, kt\u00f3re zadowol\u0105 mieszka\u0144c\u00f3w. Ale nie chcia\u0142 zdradzi\u0107 szczeg\u00f3\u0142\u00f3w. Protestuj\u0105cy odm\u00f3wili przyj\u015bcia i zasugerowali, \u017ceby przedstawiciele rz\u0105du, politycy komunikowali si\u0119 poprzez publikacje w mediach.<\/p>\n<p><img loading=\"lazy\" decoding=\"async\" class=\"alignnone size-full wp-image-23277\" src=\"https:\/\/ostrowskatv.pl\/wp-content\/uploads\/2023\/02\/20230224_123458-01.jpeg\" alt=\"\" width=\"1366\" height=\"766\" srcset=\"https:\/\/ostrowskatv.pl\/wp-content\/uploads\/2023\/02\/20230224_123458-01.jpeg 1366w, https:\/\/ostrowskatv.pl\/wp-content\/uploads\/2023\/02\/20230224_123458-01-300x168.jpeg 300w, https:\/\/ostrowskatv.pl\/wp-content\/uploads\/2023\/02\/20230224_123458-01-1333x747.jpeg 1333w\" sizes=\"auto, (max-width: 1366px) 100vw, 1366px\" \/> <img loading=\"lazy\" decoding=\"async\" class=\"alignnone size-full wp-image-23278\" src=\"https:\/\/ostrowskatv.pl\/wp-content\/uploads\/2023\/02\/20230224_123447-01.jpeg\" alt=\"\" width=\"1366\" height=\"1025\" srcset=\"https:\/\/ostrowskatv.pl\/wp-content\/uploads\/2023\/02\/20230224_123447-01.jpeg 1366w, https:\/\/ostrowskatv.pl\/wp-content\/uploads\/2023\/02\/20230224_123447-01-300x225.jpeg 300w, https:\/\/ostrowskatv.pl\/wp-content\/uploads\/2023\/02\/20230224_123447-01-1333x1000.jpeg 1333w\" sizes=\"auto, (max-width: 1366px) 100vw, 1366px\" \/> <img loading=\"lazy\" decoding=\"async\" class=\"alignnone size-full wp-image-23279\" src=\"https:\/\/ostrowskatv.pl\/wp-content\/uploads\/2023\/02\/20230224_123440-01.jpeg\" alt=\"\" width=\"1366\" height=\"1025\" srcset=\"https:\/\/ostrowskatv.pl\/wp-content\/uploads\/2023\/02\/20230224_123440-01.jpeg 1366w, https:\/\/ostrowskatv.pl\/wp-content\/uploads\/2023\/02\/20230224_123440-01-300x225.jpeg 300w, https:\/\/ostrowskatv.pl\/wp-content\/uploads\/2023\/02\/20230224_123440-01-1333x1000.jpeg 1333w\" sizes=\"auto, (max-width: 1366px) 100vw, 1366px\" \/> <img loading=\"lazy\" decoding=\"async\" class=\"alignnone size-full wp-image-23280\" src=\"https:\/\/ostrowskatv.pl\/wp-content\/uploads\/2023\/02\/20230224_121434-01.jpeg\" alt=\"\" width=\"1365\" height=\"708\" srcset=\"https:\/\/ostrowskatv.pl\/wp-content\/uploads\/2023\/02\/20230224_121434-01.jpeg 1365w, https:\/\/ostrowskatv.pl\/wp-content\/uploads\/2023\/02\/20230224_121434-01-300x156.jpeg 300w, https:\/\/ostrowskatv.pl\/wp-content\/uploads\/2023\/02\/20230224_121434-01-1333x691.jpeg 1333w\" sizes=\"auto, (max-width: 1365px) 100vw, 1365px\" \/> <img loading=\"lazy\" decoding=\"async\" class=\"alignnone size-full wp-image-23281\" src=\"https:\/\/ostrowskatv.pl\/wp-content\/uploads\/2023\/02\/20230224_121002-01.jpeg\" alt=\"\" width=\"1366\" height=\"711\" srcset=\"https:\/\/ostrowskatv.pl\/wp-content\/uploads\/2023\/02\/20230224_121002-01.jpeg 1366w, https:\/\/ostrowskatv.pl\/wp-content\/uploads\/2023\/02\/20230224_121002-01-300x156.jpeg 300w, https:\/\/ostrowskatv.pl\/wp-content\/uploads\/2023\/02\/20230224_121002-01-1333x694.jpeg 1333w\" sizes=\"auto, (max-width: 1366px) 100vw, 1366px\" \/> <img loading=\"lazy\" decoding=\"async\" class=\"alignnone size-full wp-image-23282\" src=\"https:\/\/ostrowskatv.pl\/wp-content\/uploads\/2023\/02\/20230224_120957-01.jpeg\" alt=\"\" width=\"1366\" height=\"1025\" srcset=\"https:\/\/ostrowskatv.pl\/wp-content\/uploads\/2023\/02\/20230224_120957-01.jpeg 1366w, https:\/\/ostrowskatv.pl\/wp-content\/uploads\/2023\/02\/20230224_120957-01-300x225.jpeg 300w, https:\/\/ostrowskatv.pl\/wp-content\/uploads\/2023\/02\/20230224_120957-01-1333x1000.jpeg 1333w\" sizes=\"auto, (max-width: 1366px) 100vw, 1366px\" \/> <img loading=\"lazy\" decoding=\"async\" class=\"alignnone size-full wp-image-23283\" src=\"https:\/\/ostrowskatv.pl\/wp-content\/uploads\/2023\/02\/20230224_120953-01.jpeg\" alt=\"\" width=\"1366\" height=\"1025\" srcset=\"https:\/\/ostrowskatv.pl\/wp-content\/uploads\/2023\/02\/20230224_120953-01.jpeg 1366w, https:\/\/ostrowskatv.pl\/wp-content\/uploads\/2023\/02\/20230224_120953-01-300x225.jpeg 300w, https:\/\/ostrowskatv.pl\/wp-content\/uploads\/2023\/02\/20230224_120953-01-1333x1000.jpeg 1333w\" sizes=\"auto, (max-width: 1366px) 100vw, 1366px\" \/> <img loading=\"lazy\" decoding=\"async\" class=\"alignnone size-full wp-image-23284\" src=\"https:\/\/ostrowskatv.pl\/wp-content\/uploads\/2023\/02\/20230224_120947-01.jpeg\" alt=\"\" width=\"1366\" height=\"708\" srcset=\"https:\/\/ostrowskatv.pl\/wp-content\/uploads\/2023\/02\/20230224_120947-01.jpeg 1366w, https:\/\/ostrowskatv.pl\/wp-content\/uploads\/2023\/02\/20230224_120947-01-300x155.jpeg 300w, https:\/\/ostrowskatv.pl\/wp-content\/uploads\/2023\/02\/20230224_120947-01-1333x691.jpeg 1333w\" sizes=\"auto, (max-width: 1366px) 100vw, 1366px\" \/> <img loading=\"lazy\" decoding=\"async\" class=\"alignnone size-full wp-image-23285\" src=\"https:\/\/ostrowskatv.pl\/wp-content\/uploads\/2023\/02\/20230224_120735-01.jpeg\" alt=\"\" width=\"1366\" height=\"799\" srcset=\"https:\/\/ostrowskatv.pl\/wp-content\/uploads\/2023\/02\/20230224_120735-01.jpeg 1366w, https:\/\/ostrowskatv.pl\/wp-content\/uploads\/2023\/02\/20230224_120735-01-300x175.jpeg 300w, https:\/\/ostrowskatv.pl\/wp-content\/uploads\/2023\/02\/20230224_120735-01-1333x780.jpeg 1333w, https:\/\/ostrowskatv.pl\/wp-content\/uploads\/2023\/02\/20230224_120735-01-752x440.jpeg 752w\" sizes=\"auto, (max-width: 1366px) 100vw, 1366px\" \/> <img loading=\"lazy\" decoding=\"async\" class=\"alignnone size-full wp-image-23286\" src=\"https:\/\/ostrowskatv.pl\/wp-content\/uploads\/2023\/02\/20230224_120640-01.jpeg\" alt=\"\" width=\"1366\" height=\"678\" srcset=\"https:\/\/ostrowskatv.pl\/wp-content\/uploads\/2023\/02\/20230224_120640-01.jpeg 1366w, https:\/\/ostrowskatv.pl\/wp-content\/uploads\/2023\/02\/20230224_120640-01-300x149.jpeg 300w, https:\/\/ostrowskatv.pl\/wp-content\/uploads\/2023\/02\/20230224_120640-01-1333x662.jpeg 1333w\" sizes=\"auto, (max-width: 1366px) 100vw, 1366px\" \/> <img loading=\"lazy\" decoding=\"async\" class=\"alignnone size-full wp-image-23287\" src=\"https:\/\/ostrowskatv.pl\/wp-content\/uploads\/2023\/02\/20230224_120637-01.jpeg\" alt=\"\" width=\"1366\" height=\"661\" srcset=\"https:\/\/ostrowskatv.pl\/wp-content\/uploads\/2023\/02\/20230224_120637-01.jpeg 1366w, https:\/\/ostrowskatv.pl\/wp-content\/uploads\/2023\/02\/20230224_120637-01-300x145.jpeg 300w, https:\/\/ostrowskatv.pl\/wp-content\/uploads\/2023\/02\/20230224_120637-01-1333x645.jpeg 1333w\" sizes=\"auto, (max-width: 1366px) 100vw, 1366px\" \/> <img loading=\"lazy\" decoding=\"async\" class=\"alignnone size-full wp-image-23288\" src=\"https:\/\/ostrowskatv.pl\/wp-content\/uploads\/2023\/02\/20230224_120634-01.jpeg\" alt=\"\" width=\"1366\" height=\"522\" srcset=\"https:\/\/ostrowskatv.pl\/wp-content\/uploads\/2023\/02\/20230224_120634-01.jpeg 1366w, https:\/\/ostrowskatv.pl\/wp-content\/uploads\/2023\/02\/20230224_120634-01-300x115.jpeg 300w, https:\/\/ostrowskatv.pl\/wp-content\/uploads\/2023\/02\/20230224_120634-01-1333x509.jpeg 1333w\" sizes=\"auto, (max-width: 1366px) 100vw, 1366px\" \/> <img loading=\"lazy\" decoding=\"async\" class=\"alignnone size-full wp-image-23289\" src=\"https:\/\/ostrowskatv.pl\/wp-content\/uploads\/2023\/02\/20230224_120316-01.jpeg\" alt=\"\" width=\"1365\" height=\"760\" srcset=\"https:\/\/ostrowskatv.pl\/wp-content\/uploads\/2023\/02\/20230224_120316-01.jpeg 1365w, https:\/\/ostrowskatv.pl\/wp-content\/uploads\/2023\/02\/20230224_120316-01-300x167.jpeg 300w, https:\/\/ostrowskatv.pl\/wp-content\/uploads\/2023\/02\/20230224_120316-01-1333x742.jpeg 1333w\" sizes=\"auto, (max-width: 1365px) 100vw, 1365px\" \/> <img loading=\"lazy\" decoding=\"async\" class=\"alignnone size-full wp-image-23290\" src=\"https:\/\/ostrowskatv.pl\/wp-content\/uploads\/2023\/02\/20230224_120313-01.jpeg\" alt=\"\" width=\"1366\" height=\"792\" srcset=\"https:\/\/ostrowskatv.pl\/wp-content\/uploads\/2023\/02\/20230224_120313-01.jpeg 1366w, https:\/\/ostrowskatv.pl\/wp-content\/uploads\/2023\/02\/20230224_120313-01-300x174.jpeg 300w, https:\/\/ostrowskatv.pl\/wp-content\/uploads\/2023\/02\/20230224_120313-01-1333x773.jpeg 1333w\" sizes=\"auto, (max-width: 1366px) 100vw, 1366px\" \/> <img loading=\"lazy\" decoding=\"async\" class=\"alignnone size-full wp-image-23291\" src=\"https:\/\/ostrowskatv.pl\/wp-content\/uploads\/2023\/02\/20230224_120310-01.jpeg\" alt=\"\" width=\"1366\" height=\"1025\" srcset=\"https:\/\/ostrowskatv.pl\/wp-content\/uploads\/2023\/02\/20230224_120310-01.jpeg 1366w, https:\/\/ostrowskatv.pl\/wp-content\/uploads\/2023\/02\/20230224_120310-01-300x225.jpeg 300w, https:\/\/ostrowskatv.pl\/wp-content\/uploads\/2023\/02\/20230224_120310-01-1333x1000.jpeg 1333w\" sizes=\"auto, (max-width: 1366px) 100vw, 1366px\" \/><\/p>\n","protected":false},"excerpt":{"rendered":"Dzi\u015b w Kaliszu przy dworcu kolejowym odby\u0142a si\u0119 manifestacja w sprawie planowanych wariant\u00f3w przebiegu Kolei Du\u017cych Pr\u0119dko\u015bci do Centralnego Portu Komunikacyjnego. Protest zgromadzi\u0142 \n<a class=\"moretag\" href=\"https:\/\/ostrowskatv.pl\/?p=23274\"> [...]<\/a>","protected":false},"author":1,"featured_media":23283,"comment_status":"open","ping_status":"closed","sticky":false,"template":"","format":"standard","meta":{"footnotes":""},"categories":[1],"tags":[213],"class_list":["post-23274","post","type-post","status-publish","format-standard","has-post-thumbnail","hentry","category-news","tag-protest"],"_links":{"self":[{"href":"https:\/\/ostrowskatv.pl\/index.php?rest_route=\/wp\/v2\/posts\/23274","targetHints":{"allow":["GET"]}}],"collection":[{"href":"https:\/\/ostrowskatv.pl\/index.php?rest_route=\/wp\/v2\/posts"}],"about":[{"href":"https:\/\/ostrowskatv.pl\/index.php?rest_route=\/wp\/v2\/types\/post"}],"author":[{"embeddable":true,"href":"https:\/\/ostrowskatv.pl\/index.php?rest_route=\/wp\/v2\/users\/1"}],"replies":[{"embeddable":true,"href":"https:\/\/ostrowskatv.pl\/index.php?rest_route=%2Fwp%2Fv2%2Fcomments&post=23274"}],"version-history":[{"count":0,"href":"https:\/\/ostrowskatv.pl\/index.php?rest_route=\/wp\/v2\/posts\/23274\/revisions"}],"wp:featuredmedia":[{"embeddable":true,"href":"https:\/\/ostrowskatv.pl\/index.php?rest_route=\/wp\/v2\/media\/23283"}],"wp:attachment":[{"href":"https:\/\/ostrowskatv.pl\/index.php?rest_route=%2Fwp%2Fv2%2Fmedia&parent=23274"}],"wp:term":[{"taxonomy":"category","embeddable":true,"href":"https:\/\/ostrowskatv.pl\/index.php?rest_route=%2Fwp%2Fv2%2Fcategories&post=23274"},{"taxonomy":"post_tag","embeddable":true,"href":"https:\/\/ostrowskatv.pl\/index.php?rest_route=%2Fwp%2Fv2%2Ftags&post=23274"}],"curies":[{"name":"wp","href":"https:\/\/api.w.org\/{rel}","templated":true}]}}