{"id":23265,"date":"2023-02-23T10:16:04","date_gmt":"2023-02-23T09:16:04","guid":{"rendered":"https:\/\/ostrowskatv.pl\/?p=23265"},"modified":"2023-02-23T10:16:04","modified_gmt":"2023-02-23T09:16:04","slug":"wypadek-w-gospodarstwie-rolnym-uratuja-mu-nogi","status":"publish","type":"post","link":"https:\/\/ostrowskatv.pl\/?p=23265","title":{"rendered":"Wypadek w gospodarstwie rolnym. Uratuj\u0105 mu nogi?"},"content":{"rendered":"<p><strong>Do powa\u017cnego wypadku dosz\u0142o w czwartkowy poranek na terenie jednego z gospodarstw rolnych w \u015awinkowie (po\u0142o\u017conego blisko granicy powiat\u00f3w ostrowskiego i krotoszy\u0144skiego). <\/strong><\/p>\n<p>Ze wst\u0119pnych informacji wynika, \u017ce dosz\u0142o do przewr\u00f3cenia si\u0119 maszyny, kt\u00f3ra dokona\u0142a cz\u0119\u015bciowej amputacji podudzi. Poszkodowanego przetransportowano \u015bmig\u0142owcem LPR do ostrowskiego szpitala.<\/p>\n<p><img loading=\"lazy\" decoding=\"async\" src=\"https:\/\/ostrowskatv.pl\/wp-content\/uploads\/2023\/02\/20230223_093309-01.jpeg\" alt=\"\" width=\"1366\" height=\"665\" class=\"alignnone size-full wp-image-23268\" srcset=\"https:\/\/ostrowskatv.pl\/wp-content\/uploads\/2023\/02\/20230223_093309-01.jpeg 1366w, https:\/\/ostrowskatv.pl\/wp-content\/uploads\/2023\/02\/20230223_093309-01-300x146.jpeg 300w, https:\/\/ostrowskatv.pl\/wp-content\/uploads\/2023\/02\/20230223_093309-01-1333x649.jpeg 1333w\" sizes=\"auto, (max-width: 1366px) 100vw, 1366px\" \/><\/p>\n<p><img loading=\"lazy\" decoding=\"async\" src=\"https:\/\/ostrowskatv.pl\/wp-content\/uploads\/2023\/02\/20230223_093314-01.jpeg\" alt=\"\" width=\"1366\" height=\"846\" class=\"alignnone size-full wp-image-23269\" srcset=\"https:\/\/ostrowskatv.pl\/wp-content\/uploads\/2023\/02\/20230223_093314-01.jpeg 1366w, https:\/\/ostrowskatv.pl\/wp-content\/uploads\/2023\/02\/20230223_093314-01-300x186.jpeg 300w, https:\/\/ostrowskatv.pl\/wp-content\/uploads\/2023\/02\/20230223_093314-01-1333x826.jpeg 1333w\" sizes=\"auto, (max-width: 1366px) 100vw, 1366px\" \/><\/p>\n","protected":false},"excerpt":{"rendered":"Do powa\u017cnego wypadku dosz\u0142o w czwartkowy poranek na terenie jednego z gospodarstw rolnych w \u015awinkowie (po\u0142o\u017conego blisko granicy powiat\u00f3w ostrowskiego i krotoszy\u0144skiego). Ze \n<a class=\"moretag\" href=\"https:\/\/ostrowskatv.pl\/?p=23265\"> [...]<\/a>","protected":false},"author":1,"featured_media":23269,"comment_status":"open","ping_status":"closed","sticky":false,"template":"","format":"standard","meta":{"footnotes":""},"categories":[1],"tags":[223],"class_list":["post-23265","post","type-post","status-publish","format-standard","has-post-thumbnail","hentry","category-news","tag-lpr"],"_links":{"self":[{"href":"https:\/\/ostrowskatv.pl\/index.php?rest_route=\/wp\/v2\/posts\/23265","targetHints":{"allow":["GET"]}}],"collection":[{"href":"https:\/\/ostrowskatv.pl\/index.php?rest_route=\/wp\/v2\/posts"}],"about":[{"href":"https:\/\/ostrowskatv.pl\/index.php?rest_route=\/wp\/v2\/types\/post"}],"author":[{"embeddable":true,"href":"https:\/\/ostrowskatv.pl\/index.php?rest_route=\/wp\/v2\/users\/1"}],"replies":[{"embeddable":true,"href":"https:\/\/ostrowskatv.pl\/index.php?rest_route=%2Fwp%2Fv2%2Fcomments&post=23265"}],"version-history":[{"count":0,"href":"https:\/\/ostrowskatv.pl\/index.php?rest_route=\/wp\/v2\/posts\/23265\/revisions"}],"wp:featuredmedia":[{"embeddable":true,"href":"https:\/\/ostrowskatv.pl\/index.php?rest_route=\/wp\/v2\/media\/23269"}],"wp:attachment":[{"href":"https:\/\/ostrowskatv.pl\/index.php?rest_route=%2Fwp%2Fv2%2Fmedia&parent=23265"}],"wp:term":[{"taxonomy":"category","embeddable":true,"href":"https:\/\/ostrowskatv.pl\/index.php?rest_route=%2Fwp%2Fv2%2Fcategories&post=23265"},{"taxonomy":"post_tag","embeddable":true,"href":"https:\/\/ostrowskatv.pl\/index.php?rest_route=%2Fwp%2Fv2%2Ftags&post=23265"}],"curies":[{"name":"wp","href":"https:\/\/api.w.org\/{rel}","templated":true}]}}