{"id":23252,"date":"2023-02-23T09:54:52","date_gmt":"2023-02-23T08:54:52","guid":{"rendered":"https:\/\/ostrowskatv.pl\/?p=23252"},"modified":"2023-02-23T10:34:47","modified_gmt":"2023-02-23T09:34:47","slug":"rowerzysta-w-ciezkim-stanie-wjechal-w-skode","status":"publish","type":"post","link":"https:\/\/ostrowskatv.pl\/?p=23252","title":{"rendered":"Rowerzysta nie \u017cyje. Wjecha\u0142 w skod\u0119 (aktualizacja)"},"content":{"rendered":"<p><strong>O godzinie 8 rano dosz\u0142o do powa\u017cnego w skutkach wypadku z udzia\u0142em rowerzysty oraz samochodu osobowego. Na ulicy Kolejowej w Nowych Skalmierzycach poszkodowany zosta\u0142 70-letni m\u0119\u017cczyzna jad\u0105cy na rowerze.<\/strong><\/p>\n<p>Ze wst\u0119pnych ustale\u0144 wynika, \u017ce rowerzysta jecha\u0142 od strony dworca i zajecha\u0142 drog\u0119 prawid\u0142owo jad\u0105cemu samochodowi. 70-latek z gm. Nowe Skalmierzyce dozna\u0142 powa\u017cnych obra\u017ce\u0144 i karetk\u0105 na sygna\u0142ach zosta\u0142 odwieziony do kaliskiego szpitala.<\/p>\n<p>Po godzinie 10 stwierdzono jego zgon.<\/p>\n<p><img loading=\"lazy\" decoding=\"async\" src=\"https:\/\/ostrowskatv.pl\/wp-content\/uploads\/2023\/02\/20230223_091220-01.jpeg\" alt=\"\" width=\"1366\" height=\"672\" class=\"alignnone size-full wp-image-23256\" srcset=\"https:\/\/ostrowskatv.pl\/wp-content\/uploads\/2023\/02\/20230223_091220-01.jpeg 1366w, https:\/\/ostrowskatv.pl\/wp-content\/uploads\/2023\/02\/20230223_091220-01-300x148.jpeg 300w, https:\/\/ostrowskatv.pl\/wp-content\/uploads\/2023\/02\/20230223_091220-01-1333x656.jpeg 1333w\" sizes=\"auto, (max-width: 1366px) 100vw, 1366px\" \/><\/p>\n<p><img loading=\"lazy\" decoding=\"async\" src=\"https:\/\/ostrowskatv.pl\/wp-content\/uploads\/2023\/02\/20230223_091156-01.jpeg\" alt=\"\" width=\"1366\" height=\"895\" class=\"alignnone size-full wp-image-23257\" srcset=\"https:\/\/ostrowskatv.pl\/wp-content\/uploads\/2023\/02\/20230223_091156-01.jpeg 1366w, https:\/\/ostrowskatv.pl\/wp-content\/uploads\/2023\/02\/20230223_091156-01-300x197.jpeg 300w, https:\/\/ostrowskatv.pl\/wp-content\/uploads\/2023\/02\/20230223_091156-01-1333x873.jpeg 1333w\" sizes=\"auto, (max-width: 1366px) 100vw, 1366px\" \/><\/p>\n<p><img loading=\"lazy\" decoding=\"async\" src=\"https:\/\/ostrowskatv.pl\/wp-content\/uploads\/2023\/02\/20230223_091153-01.jpeg\" alt=\"\" width=\"1366\" height=\"784\" class=\"alignnone size-full wp-image-23258\" srcset=\"https:\/\/ostrowskatv.pl\/wp-content\/uploads\/2023\/02\/20230223_091153-01.jpeg 1366w, https:\/\/ostrowskatv.pl\/wp-content\/uploads\/2023\/02\/20230223_091153-01-300x172.jpeg 300w, https:\/\/ostrowskatv.pl\/wp-content\/uploads\/2023\/02\/20230223_091153-01-1333x765.jpeg 1333w\" sizes=\"auto, (max-width: 1366px) 100vw, 1366px\" \/><\/p>\n<p><img loading=\"lazy\" decoding=\"async\" src=\"https:\/\/ostrowskatv.pl\/wp-content\/uploads\/2023\/02\/20230223_091146-01.jpeg\" alt=\"\" width=\"1365\" height=\"1008\" class=\"alignnone size-full wp-image-23259\" srcset=\"https:\/\/ostrowskatv.pl\/wp-content\/uploads\/2023\/02\/20230223_091146-01.jpeg 1365w, https:\/\/ostrowskatv.pl\/wp-content\/uploads\/2023\/02\/20230223_091146-01-300x222.jpeg 300w, https:\/\/ostrowskatv.pl\/wp-content\/uploads\/2023\/02\/20230223_091146-01-1333x984.jpeg 1333w\" sizes=\"auto, (max-width: 1365px) 100vw, 1365px\" \/><\/p>\n<p><img loading=\"lazy\" decoding=\"async\" src=\"https:\/\/ostrowskatv.pl\/wp-content\/uploads\/2023\/02\/20230223_091130-01.jpeg\" alt=\"\" width=\"1366\" height=\"983\" class=\"alignnone size-full wp-image-23260\" srcset=\"https:\/\/ostrowskatv.pl\/wp-content\/uploads\/2023\/02\/20230223_091130-01.jpeg 1366w, https:\/\/ostrowskatv.pl\/wp-content\/uploads\/2023\/02\/20230223_091130-01-300x216.jpeg 300w, https:\/\/ostrowskatv.pl\/wp-content\/uploads\/2023\/02\/20230223_091130-01-1333x959.jpeg 1333w, https:\/\/ostrowskatv.pl\/wp-content\/uploads\/2023\/02\/20230223_091130-01-120x85.jpeg 120w\" sizes=\"auto, (max-width: 1366px) 100vw, 1366px\" \/><\/p>\n<p><img loading=\"lazy\" decoding=\"async\" src=\"https:\/\/ostrowskatv.pl\/wp-content\/uploads\/2023\/02\/20230223_091121-02.jpeg\" alt=\"\" width=\"1366\" height=\"899\" class=\"alignnone size-full wp-image-23261\" srcset=\"https:\/\/ostrowskatv.pl\/wp-content\/uploads\/2023\/02\/20230223_091121-02.jpeg 1366w, https:\/\/ostrowskatv.pl\/wp-content\/uploads\/2023\/02\/20230223_091121-02-300x197.jpeg 300w, https:\/\/ostrowskatv.pl\/wp-content\/uploads\/2023\/02\/20230223_091121-02-1333x877.jpeg 1333w\" sizes=\"auto, (max-width: 1366px) 100vw, 1366px\" \/><\/p>\n<p><img loading=\"lazy\" decoding=\"async\" src=\"https:\/\/ostrowskatv.pl\/wp-content\/uploads\/2023\/02\/20230223_091023-01.jpeg\" alt=\"\" width=\"1366\" height=\"720\" class=\"alignnone size-full wp-image-23262\" srcset=\"https:\/\/ostrowskatv.pl\/wp-content\/uploads\/2023\/02\/20230223_091023-01.jpeg 1366w, https:\/\/ostrowskatv.pl\/wp-content\/uploads\/2023\/02\/20230223_091023-01-300x158.jpeg 300w, https:\/\/ostrowskatv.pl\/wp-content\/uploads\/2023\/02\/20230223_091023-01-1333x703.jpeg 1333w\" sizes=\"auto, (max-width: 1366px) 100vw, 1366px\" \/><\/p>\n<p><img loading=\"lazy\" decoding=\"async\" src=\"https:\/\/ostrowskatv.pl\/wp-content\/uploads\/2023\/02\/20230223_091007-01.jpeg\" alt=\"\" width=\"1366\" height=\"655\" class=\"alignnone size-full wp-image-23263\" srcset=\"https:\/\/ostrowskatv.pl\/wp-content\/uploads\/2023\/02\/20230223_091007-01.jpeg 1366w, https:\/\/ostrowskatv.pl\/wp-content\/uploads\/2023\/02\/20230223_091007-01-300x144.jpeg 300w, https:\/\/ostrowskatv.pl\/wp-content\/uploads\/2023\/02\/20230223_091007-01-1333x639.jpeg 1333w\" sizes=\"auto, (max-width: 1366px) 100vw, 1366px\" \/><\/p>\n","protected":false},"excerpt":{"rendered":"O godzinie 8 rano dosz\u0142o do powa\u017cnego w skutkach wypadku z udzia\u0142em rowerzysty oraz samochodu osobowego. Na ulicy Kolejowej w Nowych Skalmierzycach poszkodowany \n<a class=\"moretag\" href=\"https:\/\/ostrowskatv.pl\/?p=23252\"> [...]<\/a>","protected":false},"author":1,"featured_media":23257,"comment_status":"open","ping_status":"closed","sticky":false,"template":"","format":"standard","meta":{"footnotes":""},"categories":[1],"tags":[61],"class_list":["post-23252","post","type-post","status-publish","format-standard","has-post-thumbnail","hentry","category-news","tag-nowe-skalmierzyce"],"_links":{"self":[{"href":"https:\/\/ostrowskatv.pl\/index.php?rest_route=\/wp\/v2\/posts\/23252","targetHints":{"allow":["GET"]}}],"collection":[{"href":"https:\/\/ostrowskatv.pl\/index.php?rest_route=\/wp\/v2\/posts"}],"about":[{"href":"https:\/\/ostrowskatv.pl\/index.php?rest_route=\/wp\/v2\/types\/post"}],"author":[{"embeddable":true,"href":"https:\/\/ostrowskatv.pl\/index.php?rest_route=\/wp\/v2\/users\/1"}],"replies":[{"embeddable":true,"href":"https:\/\/ostrowskatv.pl\/index.php?rest_route=%2Fwp%2Fv2%2Fcomments&post=23252"}],"version-history":[{"count":0,"href":"https:\/\/ostrowskatv.pl\/index.php?rest_route=\/wp\/v2\/posts\/23252\/revisions"}],"wp:featuredmedia":[{"embeddable":true,"href":"https:\/\/ostrowskatv.pl\/index.php?rest_route=\/wp\/v2\/media\/23257"}],"wp:attachment":[{"href":"https:\/\/ostrowskatv.pl\/index.php?rest_route=%2Fwp%2Fv2%2Fmedia&parent=23252"}],"wp:term":[{"taxonomy":"category","embeddable":true,"href":"https:\/\/ostrowskatv.pl\/index.php?rest_route=%2Fwp%2Fv2%2Fcategories&post=23252"},{"taxonomy":"post_tag","embeddable":true,"href":"https:\/\/ostrowskatv.pl\/index.php?rest_route=%2Fwp%2Fv2%2Ftags&post=23252"}],"curies":[{"name":"wp","href":"https:\/\/api.w.org\/{rel}","templated":true}]}}