{"id":23243,"date":"2023-02-22T10:38:19","date_gmt":"2023-02-22T09:38:19","guid":{"rendered":"https:\/\/ostrowskatv.pl\/?p=23243"},"modified":"2023-02-22T10:38:19","modified_gmt":"2023-02-22T09:38:19","slug":"pozar-domu-policja-sprawdzala-czy-doszlo-do-celowego-podpalenia","status":"publish","type":"post","link":"https:\/\/ostrowskatv.pl\/?p=23243","title":{"rendered":"Po\u017car domu. Policja sprawdza\u0142a czy dosz\u0142o do celowego podpalenia"},"content":{"rendered":"<p><strong>We wtorek o godzinie 10.30 s\u0142u\u017cby zosta\u0142y zaalarmowane o po\u017carze domu jednorodzinnego w miejscowo\u015bci Sieroszewice. Ze zg\u0142oszenia wynika\u0142o, \u017ce kto\u015b m\u00f3g\u0142 specjalnie podpali\u0107 budynek.<\/strong><\/p>\n<p>Na miejsce wys\u0142ano stra\u017c po\u017carn\u0105 z Ostrowa Wlkp., Westrzy oraz Sieroszewic. Miejscowa jednostka by\u0142a ju\u017c pod adresem po trzech minutach. Przyst\u0105piono do gaszenia po\u017caru, kt\u00f3ry obejmowa\u0142 ju\u017c 2 pomieszczenia: \u0142azienk\u0119 oraz pok\u00f3j dzienny z aneksem kuchennym. Dzi\u0119ki akcji miejscowych stra\u017cak\u00f3w szybko uda\u0142o si\u0119 powstrzyma\u0107 p\u0142omienie przed dalszym rozprzestrzenianiem i ostatecznie ugasi\u0107 po\u017car.<\/p>\n<p>Budynek w chwili po\u017caru opu\u015bci\u0142 jeden z lokator\u00f3w. Stra\u017cacy ustalili, \u017ce przyczyn\u0105 po\u017caru by\u0142o zapr\u00f3szenie ognia. Policjanci po przeprowadzeniu wst\u0119pnego dochodzenia wykluczyli by po\u017car powsta\u0142 w wyniku celowego dzia\u0142ania.<\/p>\n","protected":false},"excerpt":{"rendered":"We wtorek o godzinie 10.30 s\u0142u\u017cby zosta\u0142y zaalarmowane o po\u017carze domu jednorodzinnego w miejscowo\u015bci Sieroszewice. Ze zg\u0142oszenia wynika\u0142o, \u017ce kto\u015b m\u00f3g\u0142 specjalnie podpali\u0107 \n<a class=\"moretag\" href=\"https:\/\/ostrowskatv.pl\/?p=23243\"> [...]<\/a>","protected":false},"author":1,"featured_media":23244,"comment_status":"open","ping_status":"closed","sticky":false,"template":"","format":"standard","meta":{"footnotes":""},"categories":[1],"tags":[7],"class_list":["post-23243","post","type-post","status-publish","format-standard","has-post-thumbnail","hentry","category-news","tag-pozar"],"_links":{"self":[{"href":"https:\/\/ostrowskatv.pl\/index.php?rest_route=\/wp\/v2\/posts\/23243","targetHints":{"allow":["GET"]}}],"collection":[{"href":"https:\/\/ostrowskatv.pl\/index.php?rest_route=\/wp\/v2\/posts"}],"about":[{"href":"https:\/\/ostrowskatv.pl\/index.php?rest_route=\/wp\/v2\/types\/post"}],"author":[{"embeddable":true,"href":"https:\/\/ostrowskatv.pl\/index.php?rest_route=\/wp\/v2\/users\/1"}],"replies":[{"embeddable":true,"href":"https:\/\/ostrowskatv.pl\/index.php?rest_route=%2Fwp%2Fv2%2Fcomments&post=23243"}],"version-history":[{"count":0,"href":"https:\/\/ostrowskatv.pl\/index.php?rest_route=\/wp\/v2\/posts\/23243\/revisions"}],"wp:featuredmedia":[{"embeddable":true,"href":"https:\/\/ostrowskatv.pl\/index.php?rest_route=\/wp\/v2\/media\/23244"}],"wp:attachment":[{"href":"https:\/\/ostrowskatv.pl\/index.php?rest_route=%2Fwp%2Fv2%2Fmedia&parent=23243"}],"wp:term":[{"taxonomy":"category","embeddable":true,"href":"https:\/\/ostrowskatv.pl\/index.php?rest_route=%2Fwp%2Fv2%2Fcategories&post=23243"},{"taxonomy":"post_tag","embeddable":true,"href":"https:\/\/ostrowskatv.pl\/index.php?rest_route=%2Fwp%2Fv2%2Ftags&post=23243"}],"curies":[{"name":"wp","href":"https:\/\/api.w.org\/{rel}","templated":true}]}}