{"id":23233,"date":"2023-02-21T20:07:01","date_gmt":"2023-02-21T19:07:01","guid":{"rendered":"https:\/\/ostrowskatv.pl\/?p=23233"},"modified":"2023-02-21T20:07:12","modified_gmt":"2023-02-21T19:07:12","slug":"powstalo-jezioro-i-zalalo-droge-to-juz-trwa-4-lata","status":"publish","type":"post","link":"https:\/\/ostrowskatv.pl\/?p=23233","title":{"rendered":"Powsta\u0142o jezioro i zala\u0142o drog\u0119. To ju\u017c trwa 4 lata"},"content":{"rendered":"<p><strong>Przy artykule dotycz\u0105cym b\u0142otnej drogi w Wysocku Wielkim w komentarzach zwr\u00f3cono uwag\u0119, \u017ce najbardziej w gminie Ostr\u00f3w Wlkp. dopieszczone s\u0105 Gorzyce Wielkie, poniewa\u017c mieszka tam syn w\u00f3jta. Nic bardziej mylnego.<\/strong><\/p>\n<p>Mieszka\u0144cy ulicy Piaskowej w Gorzycach Wielkich od czterech lat borykaj\u0105 si\u0119 z cyklicznym zalewaniem ulicy doprowadzaj\u0105cej do ich posesji. Przyczyn\u0105 jest przerwanie drena\u017cy, kt\u00f3ry odprowadza\u0142y wod\u0119 z pobliskiego pola, podczas doprowadzania r\u00f3\u017cnych medi\u00f3w (pr\u0105d, gaz itd.). Winnego, kt\u00f3ry przerwa\u0142 drena\u017ce nie ma, ale mieszka\u0144cy uwa\u017caj\u0105, \u017ce za przejezdno\u015b\u0107 drogi odpowiada gmina. Tam jednak od czterech lat s\u0105 zbywani.<\/p>\n<p>Teraz przy roztopach ponownie powsta\u0142o jezioro, a woda wlewa si\u0119 na drog\u0119. Listonosz czy kurierzy nie mog\u0105 dotrze\u0107 do adresat\u00f3w. Mieszka\u0144cy musz\u0105 mie\u0107 auta z nap\u0119dem na cztery ko\u0142a, inaczej nie mogliby tam dojecha\u0107. <\/p>\n<p>Dzi\u015b wezwano lokaln\u0105 stra\u017c po\u017carn\u0105 z pro\u015bb\u0105 o odpompowanie nadmiaru wody. Dzi\u0119ki OSP Gorzyce Wielkie uda\u0142o si\u0119 pozby\u0107 tej wody, kt\u00f3ra wlewa\u0142a si\u0119 na ulic\u0119. Nie rozwi\u0105zuje to jednak cyklicznie powracaj\u0105cego problemu. Czy w Gminie Ostr\u00f3w Wielkopolski, gdzie w\u00f3jtem jest Piotr Kuroszczyk starczy odpowiedzialno\u015bci i drena\u017ce zostan\u0105 odtworzone lub w inny spos\u00f3b zostanie rozwi\u0105zany problem nieprzejezdno\u015bci drogi?<\/p>\n<p><img loading=\"lazy\" decoding=\"async\" src=\"https:\/\/ostrowskatv.pl\/wp-content\/uploads\/2023\/02\/Gorzyce-droga01.jpg\" alt=\"\" width=\"736\" height=\"1600\" class=\"alignnone size-full wp-image-23235\" srcset=\"https:\/\/ostrowskatv.pl\/wp-content\/uploads\/2023\/02\/Gorzyce-droga01.jpg 736w, https:\/\/ostrowskatv.pl\/wp-content\/uploads\/2023\/02\/Gorzyce-droga01-138x300.jpg 138w, https:\/\/ostrowskatv.pl\/wp-content\/uploads\/2023\/02\/Gorzyce-droga01-613x1333.jpg 613w, https:\/\/ostrowskatv.pl\/wp-content\/uploads\/2023\/02\/Gorzyce-droga01-707x1536.jpg 707w\" sizes=\"auto, (max-width: 736px) 100vw, 736px\" \/><\/p>\n<p><img loading=\"lazy\" decoding=\"async\" src=\"https:\/\/ostrowskatv.pl\/wp-content\/uploads\/2023\/02\/Gorzyce-droga02.jpg\" alt=\"\" width=\"736\" height=\"1600\" class=\"alignnone size-full wp-image-23236\" srcset=\"https:\/\/ostrowskatv.pl\/wp-content\/uploads\/2023\/02\/Gorzyce-droga02.jpg 736w, https:\/\/ostrowskatv.pl\/wp-content\/uploads\/2023\/02\/Gorzyce-droga02-138x300.jpg 138w, https:\/\/ostrowskatv.pl\/wp-content\/uploads\/2023\/02\/Gorzyce-droga02-613x1333.jpg 613w, https:\/\/ostrowskatv.pl\/wp-content\/uploads\/2023\/02\/Gorzyce-droga02-707x1536.jpg 707w\" sizes=\"auto, (max-width: 736px) 100vw, 736px\" \/><\/p>\n<p><img loading=\"lazy\" decoding=\"async\" src=\"https:\/\/ostrowskatv.pl\/wp-content\/uploads\/2023\/02\/Gorzyce-droga03.jpg\" alt=\"\" width=\"899\" height=\"1599\" class=\"alignnone size-full wp-image-23237\" srcset=\"https:\/\/ostrowskatv.pl\/wp-content\/uploads\/2023\/02\/Gorzyce-droga03.jpg 899w, https:\/\/ostrowskatv.pl\/wp-content\/uploads\/2023\/02\/Gorzyce-droga03-169x300.jpg 169w, https:\/\/ostrowskatv.pl\/wp-content\/uploads\/2023\/02\/Gorzyce-droga03-749x1333.jpg 749w, https:\/\/ostrowskatv.pl\/wp-content\/uploads\/2023\/02\/Gorzyce-droga03-864x1536.jpg 864w\" sizes=\"auto, (max-width: 899px) 100vw, 899px\" \/><\/p>\n<p><img loading=\"lazy\" decoding=\"async\" src=\"https:\/\/ostrowskatv.pl\/wp-content\/uploads\/2023\/02\/Gorzyce-droga04.jpg\" alt=\"\" width=\"1599\" height=\"899\" class=\"alignnone size-full wp-image-23238\" srcset=\"https:\/\/ostrowskatv.pl\/wp-content\/uploads\/2023\/02\/Gorzyce-droga04.jpg 1599w, https:\/\/ostrowskatv.pl\/wp-content\/uploads\/2023\/02\/Gorzyce-droga04-300x169.jpg 300w, https:\/\/ostrowskatv.pl\/wp-content\/uploads\/2023\/02\/Gorzyce-droga04-1333x749.jpg 1333w, https:\/\/ostrowskatv.pl\/wp-content\/uploads\/2023\/02\/Gorzyce-droga04-1536x864.jpg 1536w\" sizes=\"auto, (max-width: 1599px) 100vw, 1599px\" \/><\/p>\n<p><img loading=\"lazy\" decoding=\"async\" src=\"https:\/\/ostrowskatv.pl\/wp-content\/uploads\/2023\/02\/Gorzyce-droga05.jpg\" alt=\"\" width=\"899\" height=\"1599\" class=\"alignnone size-full wp-image-23239\" srcset=\"https:\/\/ostrowskatv.pl\/wp-content\/uploads\/2023\/02\/Gorzyce-droga05.jpg 899w, https:\/\/ostrowskatv.pl\/wp-content\/uploads\/2023\/02\/Gorzyce-droga05-169x300.jpg 169w, https:\/\/ostrowskatv.pl\/wp-content\/uploads\/2023\/02\/Gorzyce-droga05-749x1333.jpg 749w, https:\/\/ostrowskatv.pl\/wp-content\/uploads\/2023\/02\/Gorzyce-droga05-864x1536.jpg 864w\" sizes=\"auto, (max-width: 899px) 100vw, 899px\" \/><\/p>\n<p><img loading=\"lazy\" decoding=\"async\" src=\"https:\/\/ostrowskatv.pl\/wp-content\/uploads\/2023\/02\/Gorzyce-droga06.jpg\" alt=\"\" width=\"899\" height=\"1599\" class=\"alignnone size-full wp-image-23240\" srcset=\"https:\/\/ostrowskatv.pl\/wp-content\/uploads\/2023\/02\/Gorzyce-droga06.jpg 899w, https:\/\/ostrowskatv.pl\/wp-content\/uploads\/2023\/02\/Gorzyce-droga06-169x300.jpg 169w, https:\/\/ostrowskatv.pl\/wp-content\/uploads\/2023\/02\/Gorzyce-droga06-749x1333.jpg 749w, https:\/\/ostrowskatv.pl\/wp-content\/uploads\/2023\/02\/Gorzyce-droga06-864x1536.jpg 864w\" sizes=\"auto, (max-width: 899px) 100vw, 899px\" \/><\/p>\n","protected":false},"excerpt":{"rendered":"Przy artykule dotycz\u0105cym b\u0142otnej drogi w Wysocku Wielkim w komentarzach zwr\u00f3cono uwag\u0119, \u017ce najbardziej w gminie Ostr\u00f3w Wlkp. dopieszczone s\u0105 Gorzyce Wielkie, poniewa\u017c \n<a class=\"moretag\" href=\"https:\/\/ostrowskatv.pl\/?p=23233\"> [...]<\/a>","protected":false},"author":1,"featured_media":23241,"comment_status":"open","ping_status":"closed","sticky":false,"template":"","format":"standard","meta":{"footnotes":""},"categories":[1],"tags":[168],"class_list":["post-23233","post","type-post","status-publish","format-standard","has-post-thumbnail","hentry","category-news","tag-gorzyce-wielkie"],"_links":{"self":[{"href":"https:\/\/ostrowskatv.pl\/index.php?rest_route=\/wp\/v2\/posts\/23233","targetHints":{"allow":["GET"]}}],"collection":[{"href":"https:\/\/ostrowskatv.pl\/index.php?rest_route=\/wp\/v2\/posts"}],"about":[{"href":"https:\/\/ostrowskatv.pl\/index.php?rest_route=\/wp\/v2\/types\/post"}],"author":[{"embeddable":true,"href":"https:\/\/ostrowskatv.pl\/index.php?rest_route=\/wp\/v2\/users\/1"}],"replies":[{"embeddable":true,"href":"https:\/\/ostrowskatv.pl\/index.php?rest_route=%2Fwp%2Fv2%2Fcomments&post=23233"}],"version-history":[{"count":0,"href":"https:\/\/ostrowskatv.pl\/index.php?rest_route=\/wp\/v2\/posts\/23233\/revisions"}],"wp:featuredmedia":[{"embeddable":true,"href":"https:\/\/ostrowskatv.pl\/index.php?rest_route=\/wp\/v2\/media\/23241"}],"wp:attachment":[{"href":"https:\/\/ostrowskatv.pl\/index.php?rest_route=%2Fwp%2Fv2%2Fmedia&parent=23233"}],"wp:term":[{"taxonomy":"category","embeddable":true,"href":"https:\/\/ostrowskatv.pl\/index.php?rest_route=%2Fwp%2Fv2%2Fcategories&post=23233"},{"taxonomy":"post_tag","embeddable":true,"href":"https:\/\/ostrowskatv.pl\/index.php?rest_route=%2Fwp%2Fv2%2Ftags&post=23233"}],"curies":[{"name":"wp","href":"https:\/\/api.w.org\/{rel}","templated":true}]}}