{"id":23224,"date":"2023-02-19T12:57:44","date_gmt":"2023-02-19T11:57:44","guid":{"rendered":"https:\/\/ostrowskatv.pl\/?p=23224"},"modified":"2023-02-19T12:57:44","modified_gmt":"2023-02-19T11:57:44","slug":"wylowiono-cialo-ze-stawu-w-parku","status":"publish","type":"post","link":"https:\/\/ostrowskatv.pl\/?p=23224","title":{"rendered":"Wy\u0142owiono cia\u0142o ze stawu w parku"},"content":{"rendered":"<p><strong>Oko\u0142o godziny 12.3 s\u0142u\u017cby zosta\u0142y zaalarmowane o prawdopodobnym ciele unosz\u0105cym si\u0119 w Parku 3 maj\u0105 w Ostrowie Wielkopolskim. Na miejsce wys\u0142ano stra\u017c po\u017carn\u0105, policj\u0119 oraz karetk\u0119.<\/strong><\/p>\n<p>I faktycznie stra\u017cacy ze stawu wyci\u0105gn\u0119li cia\u0142o m\u0119\u017cczyzny w wieku oko\u0142o 70 lat. Przybyli na miejsce medycy odst\u0105pili od dzia\u0142a\u0144 ratowniczych z uwagi na cechy \u015bwiadcz\u0105ce o zgonie sprzed co najmniej kilku godzin.<\/p>\n<p>Po p\u00f3\u0142nocy w tym rejonie dwa patrole policji prowadzi\u0142y penetracj\u0119 terenu co mo\u017ce \u015bwiadczy\u0107, \u017ce ju\u017c wtedy by\u0142 sygna\u0142 \u017ce kto\u015b mo\u017ce by\u0107 w stanie zagro\u017cenia \u017cycia.<\/p>\n<p><img loading=\"lazy\" decoding=\"async\" src=\"https:\/\/ostrowskatv.pl\/wp-content\/uploads\/2023\/02\/3maja5.jpeg\" alt=\"\" width=\"2048\" height=\"1536\" class=\"alignnone size-full wp-image-23225\" srcset=\"https:\/\/ostrowskatv.pl\/wp-content\/uploads\/2023\/02\/3maja5.jpeg 2048w, https:\/\/ostrowskatv.pl\/wp-content\/uploads\/2023\/02\/3maja5-300x225.jpeg 300w, https:\/\/ostrowskatv.pl\/wp-content\/uploads\/2023\/02\/3maja5-1333x1000.jpeg 1333w, https:\/\/ostrowskatv.pl\/wp-content\/uploads\/2023\/02\/3maja5-1536x1152.jpeg 1536w\" sizes=\"auto, (max-width: 2048px) 100vw, 2048px\" \/><\/p>\n<p><img loading=\"lazy\" decoding=\"async\" src=\"https:\/\/ostrowskatv.pl\/wp-content\/uploads\/2023\/02\/3maja6.jpeg\" alt=\"\" width=\"2048\" height=\"1536\" class=\"alignnone size-full wp-image-23226\" srcset=\"https:\/\/ostrowskatv.pl\/wp-content\/uploads\/2023\/02\/3maja6.jpeg 2048w, https:\/\/ostrowskatv.pl\/wp-content\/uploads\/2023\/02\/3maja6-300x225.jpeg 300w, https:\/\/ostrowskatv.pl\/wp-content\/uploads\/2023\/02\/3maja6-1333x1000.jpeg 1333w, https:\/\/ostrowskatv.pl\/wp-content\/uploads\/2023\/02\/3maja6-1536x1152.jpeg 1536w\" sizes=\"auto, (max-width: 2048px) 100vw, 2048px\" \/><\/p>\n<p><img loading=\"lazy\" decoding=\"async\" src=\"https:\/\/ostrowskatv.pl\/wp-content\/uploads\/2023\/02\/3maja7.jpg\" alt=\"\" width=\"1600\" height=\"1200\" class=\"alignnone size-full wp-image-23227\" srcset=\"https:\/\/ostrowskatv.pl\/wp-content\/uploads\/2023\/02\/3maja7.jpg 1600w, https:\/\/ostrowskatv.pl\/wp-content\/uploads\/2023\/02\/3maja7-300x225.jpg 300w, https:\/\/ostrowskatv.pl\/wp-content\/uploads\/2023\/02\/3maja7-1333x1000.jpg 1333w, https:\/\/ostrowskatv.pl\/wp-content\/uploads\/2023\/02\/3maja7-1536x1152.jpg 1536w\" sizes=\"auto, (max-width: 1600px) 100vw, 1600px\" \/><\/p>\n<p><img loading=\"lazy\" decoding=\"async\" src=\"https:\/\/ostrowskatv.pl\/wp-content\/uploads\/2023\/02\/3maja4.jpg\" alt=\"\" width=\"1600\" height=\"1200\" class=\"alignnone size-full wp-image-23228\" srcset=\"https:\/\/ostrowskatv.pl\/wp-content\/uploads\/2023\/02\/3maja4.jpg 1600w, https:\/\/ostrowskatv.pl\/wp-content\/uploads\/2023\/02\/3maja4-300x225.jpg 300w, https:\/\/ostrowskatv.pl\/wp-content\/uploads\/2023\/02\/3maja4-1333x1000.jpg 1333w, https:\/\/ostrowskatv.pl\/wp-content\/uploads\/2023\/02\/3maja4-1536x1152.jpg 1536w\" sizes=\"auto, (max-width: 1600px) 100vw, 1600px\" \/><\/p>\n<p><img loading=\"lazy\" decoding=\"async\" src=\"https:\/\/ostrowskatv.pl\/wp-content\/uploads\/2023\/02\/3maja.jpeg\" alt=\"\" width=\"1366\" height=\"791\" class=\"alignnone size-full wp-image-23229\" srcset=\"https:\/\/ostrowskatv.pl\/wp-content\/uploads\/2023\/02\/3maja.jpeg 1366w, https:\/\/ostrowskatv.pl\/wp-content\/uploads\/2023\/02\/3maja-300x174.jpeg 300w, https:\/\/ostrowskatv.pl\/wp-content\/uploads\/2023\/02\/3maja-1333x772.jpeg 1333w\" sizes=\"auto, (max-width: 1366px) 100vw, 1366px\" \/><\/p>\n<p><img loading=\"lazy\" decoding=\"async\" src=\"https:\/\/ostrowskatv.pl\/wp-content\/uploads\/2023\/02\/3maja2.jpeg\" alt=\"\" width=\"2048\" height=\"1536\" class=\"alignnone size-full wp-image-23230\" srcset=\"https:\/\/ostrowskatv.pl\/wp-content\/uploads\/2023\/02\/3maja2.jpeg 2048w, https:\/\/ostrowskatv.pl\/wp-content\/uploads\/2023\/02\/3maja2-300x225.jpeg 300w, https:\/\/ostrowskatv.pl\/wp-content\/uploads\/2023\/02\/3maja2-1333x1000.jpeg 1333w, https:\/\/ostrowskatv.pl\/wp-content\/uploads\/2023\/02\/3maja2-1536x1152.jpeg 1536w\" sizes=\"auto, (max-width: 2048px) 100vw, 2048px\" \/><\/p>\n<p><img loading=\"lazy\" decoding=\"async\" src=\"https:\/\/ostrowskatv.pl\/wp-content\/uploads\/2023\/02\/3maja3.jpeg\" alt=\"\" width=\"2048\" height=\"1536\" class=\"alignnone size-full wp-image-23231\" srcset=\"https:\/\/ostrowskatv.pl\/wp-content\/uploads\/2023\/02\/3maja3.jpeg 2048w, https:\/\/ostrowskatv.pl\/wp-content\/uploads\/2023\/02\/3maja3-300x225.jpeg 300w, https:\/\/ostrowskatv.pl\/wp-content\/uploads\/2023\/02\/3maja3-1333x1000.jpeg 1333w, https:\/\/ostrowskatv.pl\/wp-content\/uploads\/2023\/02\/3maja3-1536x1152.jpeg 1536w\" sizes=\"auto, (max-width: 2048px) 100vw, 2048px\" \/><\/p>\n","protected":false},"excerpt":{"rendered":"Oko\u0142o godziny 12.3 s\u0142u\u017cby zosta\u0142y zaalarmowane o prawdopodobnym ciele unosz\u0105cym si\u0119 w Parku 3 maj\u0105 w Ostrowie Wielkopolskim. Na miejsce wys\u0142ano stra\u017c po\u017carn\u0105, \n<a class=\"moretag\" href=\"https:\/\/ostrowskatv.pl\/?p=23224\"> [...]<\/a>","protected":false},"author":1,"featured_media":23229,"comment_status":"open","ping_status":"closed","sticky":false,"template":"","format":"standard","meta":{"footnotes":""},"categories":[1],"tags":[],"class_list":["post-23224","post","type-post","status-publish","format-standard","has-post-thumbnail","hentry","category-news"],"_links":{"self":[{"href":"https:\/\/ostrowskatv.pl\/index.php?rest_route=\/wp\/v2\/posts\/23224","targetHints":{"allow":["GET"]}}],"collection":[{"href":"https:\/\/ostrowskatv.pl\/index.php?rest_route=\/wp\/v2\/posts"}],"about":[{"href":"https:\/\/ostrowskatv.pl\/index.php?rest_route=\/wp\/v2\/types\/post"}],"author":[{"embeddable":true,"href":"https:\/\/ostrowskatv.pl\/index.php?rest_route=\/wp\/v2\/users\/1"}],"replies":[{"embeddable":true,"href":"https:\/\/ostrowskatv.pl\/index.php?rest_route=%2Fwp%2Fv2%2Fcomments&post=23224"}],"version-history":[{"count":0,"href":"https:\/\/ostrowskatv.pl\/index.php?rest_route=\/wp\/v2\/posts\/23224\/revisions"}],"wp:featuredmedia":[{"embeddable":true,"href":"https:\/\/ostrowskatv.pl\/index.php?rest_route=\/wp\/v2\/media\/23229"}],"wp:attachment":[{"href":"https:\/\/ostrowskatv.pl\/index.php?rest_route=%2Fwp%2Fv2%2Fmedia&parent=23224"}],"wp:term":[{"taxonomy":"category","embeddable":true,"href":"https:\/\/ostrowskatv.pl\/index.php?rest_route=%2Fwp%2Fv2%2Fcategories&post=23224"},{"taxonomy":"post_tag","embeddable":true,"href":"https:\/\/ostrowskatv.pl\/index.php?rest_route=%2Fwp%2Fv2%2Ftags&post=23224"}],"curies":[{"name":"wp","href":"https:\/\/api.w.org\/{rel}","templated":true}]}}