{"id":2322,"date":"2016-10-27T09:09:49","date_gmt":"2016-10-27T08:09:49","guid":{"rendered":"http:\/\/ostrowska.tv\/?p=2322"},"modified":"2016-10-27T09:09:56","modified_gmt":"2016-10-27T08:09:56","slug":"cysterna-potracila-mezczyzne-w-czekanowie","status":"publish","type":"post","link":"https:\/\/ostrowskatv.pl\/?p=2322","title":{"rendered":"Cysterna potr\u0105ci\u0142a m\u0119\u017cczyzn\u0119 w Czekanowie"},"content":{"rendered":"<p><strong>W czwartek tu\u017c po godzinie 8:30 dosz\u0142o do potr\u0105cenia oko\u0142o 40-letniego m\u0119\u017cczyzny przez cystern\u0119. Do wypadku dosz\u0142o w Czekanowie na drodze krajowej nr 25. Cysterna marki Scania jecha\u0142a w stron\u0119 Kalisza. Zwolni\u0142a na wyje\u017adzie z Czekanowa, poniewa\u017c jad\u0105cy przed ni\u0105 autobus zje\u017cd\u017ca\u0142 na zatoczk\u0119. Z przeciwka jecha\u0142 kolejny autobus zza kt\u00f3rego mia\u0142 wybiec oko\u0142o 40-letni mieszkaniec Oci\u0105\u017ca.<\/strong><\/p>\n<p>Kierowca Scanii, zdaniem \u015bwiadk\u00f3w,\u00a0 nie mia\u0142 \u017cadnych szans wyhamowa\u0107, przez co uderzy\u0142 go \u015brodkiem pojazdu. Poszkodowany pieszy z up\u0142ywem kolejnych minut traci\u0142 \u015bwiadomo\u015b\u0107. Wed\u0142ug zgromadzonych os\u00f3b, na g\u0142owie m\u0119\u017cczyzny powstawa\u0142a kula, w kt\u00f3rej gromadzi\u0142a si\u0119 krew. Z naszych informacji wynika, \u017ce pieszy po przewiezieniu do ostrowskiego szpitala od razu trafi\u0142 na st\u00f3\u0142 operacyjny.<\/p>\n<div id='gallery-1' class='gallery galleryid-2322 gallery-columns-3 gallery-size-thumbnail'><figure class='gallery-item'>\n\t\t\t<div class='gallery-icon landscape'>\n\t\t\t\t<a href='https:\/\/ostrowskatv.pl\/?attachment_id=2324'><img loading=\"lazy\" decoding=\"async\" width=\"150\" height=\"150\" src=\"https:\/\/ostrowskatv.pl\/wp-content\/uploads\/2016\/10\/potracenie-czekanow-tir-02-150x150.jpg\" class=\"attachment-thumbnail size-thumbnail\" alt=\"\" \/><\/a>\n\t\t\t<\/div><\/figure><figure class='gallery-item'>\n\t\t\t<div class='gallery-icon portrait'>\n\t\t\t\t<a href='https:\/\/ostrowskatv.pl\/?attachment_id=2325'><img loading=\"lazy\" decoding=\"async\" width=\"150\" height=\"150\" src=\"https:\/\/ostrowskatv.pl\/wp-content\/uploads\/2016\/10\/potracenie-czekanow-tir-03-150x150.jpg\" class=\"attachment-thumbnail size-thumbnail\" alt=\"\" \/><\/a>\n\t\t\t<\/div><\/figure><figure class='gallery-item'>\n\t\t\t<div class='gallery-icon landscape'>\n\t\t\t\t<a href='https:\/\/ostrowskatv.pl\/?attachment_id=2326'><img loading=\"lazy\" decoding=\"async\" width=\"150\" height=\"150\" src=\"https:\/\/ostrowskatv.pl\/wp-content\/uploads\/2016\/10\/potracenie-czekanow-tir-04-150x150.jpg\" class=\"attachment-thumbnail size-thumbnail\" alt=\"\" \/><\/a>\n\t\t\t<\/div><\/figure><figure class='gallery-item'>\n\t\t\t<div class='gallery-icon landscape'>\n\t\t\t\t<a href='https:\/\/ostrowskatv.pl\/?attachment_id=2327'><img loading=\"lazy\" decoding=\"async\" width=\"150\" height=\"150\" src=\"https:\/\/ostrowskatv.pl\/wp-content\/uploads\/2016\/10\/potracenie-pieszy-czekanow-150x150.jpg\" class=\"attachment-thumbnail size-thumbnail\" alt=\"\" \/><\/a>\n\t\t\t<\/div><\/figure><figure class='gallery-item'>\n\t\t\t<div class='gallery-icon landscape'>\n\t\t\t\t<a href='https:\/\/ostrowskatv.pl\/?attachment_id=2323'><img loading=\"lazy\" decoding=\"async\" width=\"150\" height=\"150\" src=\"https:\/\/ostrowskatv.pl\/wp-content\/uploads\/2016\/10\/potracenie-czekanow-tir-01-150x150.jpg\" class=\"attachment-thumbnail size-thumbnail\" alt=\"\" \/><\/a>\n\t\t\t<\/div><\/figure>\n\t\t<\/div>\n\n","protected":false},"excerpt":{"rendered":"W czwartek tu\u017c po godzinie 8:30 dosz\u0142o do potr\u0105cenia oko\u0142o 40-letniego m\u0119\u017cczyzny przez cystern\u0119. Do wypadku dosz\u0142o w Czekanowie na drodze krajowej nr \n<a class=\"moretag\" href=\"https:\/\/ostrowskatv.pl\/?p=2322\"> [...]<\/a>","protected":false},"author":1,"featured_media":2323,"comment_status":"open","ping_status":"open","sticky":false,"template":"","format":"standard","meta":{"footnotes":""},"categories":[1],"tags":[98],"class_list":["post-2322","post","type-post","status-publish","format-standard","has-post-thumbnail","hentry","category-news","tag-czekanow"],"_links":{"self":[{"href":"https:\/\/ostrowskatv.pl\/index.php?rest_route=\/wp\/v2\/posts\/2322","targetHints":{"allow":["GET"]}}],"collection":[{"href":"https:\/\/ostrowskatv.pl\/index.php?rest_route=\/wp\/v2\/posts"}],"about":[{"href":"https:\/\/ostrowskatv.pl\/index.php?rest_route=\/wp\/v2\/types\/post"}],"author":[{"embeddable":true,"href":"https:\/\/ostrowskatv.pl\/index.php?rest_route=\/wp\/v2\/users\/1"}],"replies":[{"embeddable":true,"href":"https:\/\/ostrowskatv.pl\/index.php?rest_route=%2Fwp%2Fv2%2Fcomments&post=2322"}],"version-history":[{"count":0,"href":"https:\/\/ostrowskatv.pl\/index.php?rest_route=\/wp\/v2\/posts\/2322\/revisions"}],"wp:featuredmedia":[{"embeddable":true,"href":"https:\/\/ostrowskatv.pl\/index.php?rest_route=\/wp\/v2\/media\/2323"}],"wp:attachment":[{"href":"https:\/\/ostrowskatv.pl\/index.php?rest_route=%2Fwp%2Fv2%2Fmedia&parent=2322"}],"wp:term":[{"taxonomy":"category","embeddable":true,"href":"https:\/\/ostrowskatv.pl\/index.php?rest_route=%2Fwp%2Fv2%2Fcategories&post=2322"},{"taxonomy":"post_tag","embeddable":true,"href":"https:\/\/ostrowskatv.pl\/index.php?rest_route=%2Fwp%2Fv2%2Ftags&post=2322"}],"curies":[{"name":"wp","href":"https:\/\/api.w.org\/{rel}","templated":true}]}}