{"id":23207,"date":"2023-02-18T09:38:19","date_gmt":"2023-02-18T08:38:19","guid":{"rendered":"https:\/\/ostrowskatv.pl\/?p=23207"},"modified":"2023-02-18T09:38:44","modified_gmt":"2023-02-18T08:38:44","slug":"mloda-dziewczyna-wyszla-bez-szwanku","status":"publish","type":"post","link":"https:\/\/ostrowskatv.pl\/?p=23207","title":{"rendered":"M\u0142oda dziewczyna mo\u017ce m\u00f3wi\u0107 o du\u017cym szcz\u0119\u015bciu"},"content":{"rendered":"<p><strong>Oko\u0142o godziny 9 rano dosz\u0142o do zderzenia dw\u00f3ch aut osobowych na skrzy\u017cowaniu ulic Bema i Batorego w Ostrowie Wielkopolskim. Szcz\u0119\u015bliwie nikt nie odni\u00f3s\u0142 obra\u017ce\u0144 cia\u0142a.<\/strong><\/p>\n<p>Oko\u0142o 20-letnia kieruj\u0105c\u0105 toyot\u0105 Yaris jecha\u0142a ulic\u0105 Bema i chcia\u0142a skr\u0119ci\u0107 w lewo w ulice Batorego. Dopiero w ostatniej chwili dostrzeg\u0142a jad\u0105cego z przeciwka opla zafir\u0119. Opel uderzy\u0142 w pracy tylny bok Toyoty. Auto sprawczyni obr\u00f3ci\u0142o si\u0119 i zatrzyma\u0142o na barierkach.<\/p>\n<p>Na miejsce wezwano policj\u0119.<\/p>\n<p><img loading=\"lazy\" decoding=\"async\" src=\"https:\/\/ostrowskatv.pl\/wp-content\/uploads\/2023\/02\/20230218_091127-01.jpeg\" alt=\"\" width=\"1025\" height=\"1366\" class=\"alignnone size-full wp-image-23208\" srcset=\"https:\/\/ostrowskatv.pl\/wp-content\/uploads\/2023\/02\/20230218_091127-01.jpeg 1025w, https:\/\/ostrowskatv.pl\/wp-content\/uploads\/2023\/02\/20230218_091127-01-225x300.jpeg 225w, https:\/\/ostrowskatv.pl\/wp-content\/uploads\/2023\/02\/20230218_091127-01-1000x1333.jpeg 1000w\" sizes=\"auto, (max-width: 1025px) 100vw, 1025px\" \/><\/p>\n<p><img loading=\"lazy\" decoding=\"async\" src=\"https:\/\/ostrowskatv.pl\/wp-content\/uploads\/2023\/02\/20230218_091124-01.jpeg\" alt=\"\" width=\"774\" height=\"1366\" class=\"alignnone size-full wp-image-23209\" srcset=\"https:\/\/ostrowskatv.pl\/wp-content\/uploads\/2023\/02\/20230218_091124-01.jpeg 774w, https:\/\/ostrowskatv.pl\/wp-content\/uploads\/2023\/02\/20230218_091124-01-170x300.jpeg 170w, https:\/\/ostrowskatv.pl\/wp-content\/uploads\/2023\/02\/20230218_091124-01-755x1333.jpeg 755w\" sizes=\"auto, (max-width: 774px) 100vw, 774px\" \/><\/p>\n<p><img loading=\"lazy\" decoding=\"async\" src=\"https:\/\/ostrowskatv.pl\/wp-content\/uploads\/2023\/02\/20230218_085757-01.jpeg\" alt=\"\" width=\"1366\" height=\"1025\" class=\"alignnone size-full wp-image-23210\" srcset=\"https:\/\/ostrowskatv.pl\/wp-content\/uploads\/2023\/02\/20230218_085757-01.jpeg 1366w, https:\/\/ostrowskatv.pl\/wp-content\/uploads\/2023\/02\/20230218_085757-01-300x225.jpeg 300w, https:\/\/ostrowskatv.pl\/wp-content\/uploads\/2023\/02\/20230218_085757-01-1333x1000.jpeg 1333w\" sizes=\"auto, (max-width: 1366px) 100vw, 1366px\" \/><\/p>\n<p><img loading=\"lazy\" decoding=\"async\" src=\"https:\/\/ostrowskatv.pl\/wp-content\/uploads\/2023\/02\/20230218_085553-01.jpeg\" alt=\"\" width=\"1365\" height=\"1005\" class=\"alignnone size-full wp-image-23211\" srcset=\"https:\/\/ostrowskatv.pl\/wp-content\/uploads\/2023\/02\/20230218_085553-01.jpeg 1365w, https:\/\/ostrowskatv.pl\/wp-content\/uploads\/2023\/02\/20230218_085553-01-300x221.jpeg 300w, https:\/\/ostrowskatv.pl\/wp-content\/uploads\/2023\/02\/20230218_085553-01-1333x981.jpeg 1333w\" sizes=\"auto, (max-width: 1365px) 100vw, 1365px\" \/><\/p>\n<p><img loading=\"lazy\" decoding=\"async\" src=\"https:\/\/ostrowskatv.pl\/wp-content\/uploads\/2023\/02\/20230218_085550-01.jpeg\" alt=\"\" width=\"1366\" height=\"986\" class=\"alignnone size-full wp-image-23212\" srcset=\"https:\/\/ostrowskatv.pl\/wp-content\/uploads\/2023\/02\/20230218_085550-01.jpeg 1366w, https:\/\/ostrowskatv.pl\/wp-content\/uploads\/2023\/02\/20230218_085550-01-300x217.jpeg 300w, https:\/\/ostrowskatv.pl\/wp-content\/uploads\/2023\/02\/20230218_085550-01-1333x962.jpeg 1333w\" sizes=\"auto, (max-width: 1366px) 100vw, 1366px\" \/><\/p>\n<p><img loading=\"lazy\" decoding=\"async\" src=\"https:\/\/ostrowskatv.pl\/wp-content\/uploads\/2023\/02\/20230218_085424-01.jpeg\" alt=\"\" width=\"1366\" height=\"1025\" class=\"alignnone size-full wp-image-23213\" srcset=\"https:\/\/ostrowskatv.pl\/wp-content\/uploads\/2023\/02\/20230218_085424-01.jpeg 1366w, https:\/\/ostrowskatv.pl\/wp-content\/uploads\/2023\/02\/20230218_085424-01-300x225.jpeg 300w, https:\/\/ostrowskatv.pl\/wp-content\/uploads\/2023\/02\/20230218_085424-01-1333x1000.jpeg 1333w\" sizes=\"auto, (max-width: 1366px) 100vw, 1366px\" \/><\/p>\n<p><img loading=\"lazy\" decoding=\"async\" src=\"https:\/\/ostrowskatv.pl\/wp-content\/uploads\/2023\/02\/20230218_085416-01.jpeg\" alt=\"\" width=\"1177\" height=\"1366\" class=\"alignnone size-full wp-image-23214\" srcset=\"https:\/\/ostrowskatv.pl\/wp-content\/uploads\/2023\/02\/20230218_085416-01.jpeg 1177w, https:\/\/ostrowskatv.pl\/wp-content\/uploads\/2023\/02\/20230218_085416-01-258x300.jpeg 258w, https:\/\/ostrowskatv.pl\/wp-content\/uploads\/2023\/02\/20230218_085416-01-1149x1333.jpeg 1149w\" sizes=\"auto, (max-width: 1177px) 100vw, 1177px\" \/><\/p>\n<p><img loading=\"lazy\" decoding=\"async\" src=\"https:\/\/ostrowskatv.pl\/wp-content\/uploads\/2023\/02\/Screenshot_20230218_092428_Photos.jpg\" alt=\"\" width=\"1080\" height=\"634\" class=\"alignnone size-full wp-image-23215\" srcset=\"https:\/\/ostrowskatv.pl\/wp-content\/uploads\/2023\/02\/Screenshot_20230218_092428_Photos.jpg 1080w, https:\/\/ostrowskatv.pl\/wp-content\/uploads\/2023\/02\/Screenshot_20230218_092428_Photos-300x176.jpg 300w, https:\/\/ostrowskatv.pl\/wp-content\/uploads\/2023\/02\/Screenshot_20230218_092428_Photos-752x440.jpg 752w\" sizes=\"auto, (max-width: 1080px) 100vw, 1080px\" \/><\/p>\n","protected":false},"excerpt":{"rendered":"Oko\u0142o godziny 9 rano dosz\u0142o do zderzenia dw\u00f3ch aut osobowych na skrzy\u017cowaniu ulic Bema i Batorego w Ostrowie Wielkopolskim. Szcz\u0119\u015bliwie nikt nie odni\u00f3s\u0142 \n<a class=\"moretag\" href=\"https:\/\/ostrowskatv.pl\/?p=23207\"> [...]<\/a>","protected":false},"author":1,"featured_media":23210,"comment_status":"open","ping_status":"closed","sticky":false,"template":"","format":"standard","meta":{"footnotes":""},"categories":[1],"tags":[2],"class_list":["post-23207","post","type-post","status-publish","format-standard","has-post-thumbnail","hentry","category-news","tag-ostrow-wielkopolski"],"_links":{"self":[{"href":"https:\/\/ostrowskatv.pl\/index.php?rest_route=\/wp\/v2\/posts\/23207","targetHints":{"allow":["GET"]}}],"collection":[{"href":"https:\/\/ostrowskatv.pl\/index.php?rest_route=\/wp\/v2\/posts"}],"about":[{"href":"https:\/\/ostrowskatv.pl\/index.php?rest_route=\/wp\/v2\/types\/post"}],"author":[{"embeddable":true,"href":"https:\/\/ostrowskatv.pl\/index.php?rest_route=\/wp\/v2\/users\/1"}],"replies":[{"embeddable":true,"href":"https:\/\/ostrowskatv.pl\/index.php?rest_route=%2Fwp%2Fv2%2Fcomments&post=23207"}],"version-history":[{"count":0,"href":"https:\/\/ostrowskatv.pl\/index.php?rest_route=\/wp\/v2\/posts\/23207\/revisions"}],"wp:featuredmedia":[{"embeddable":true,"href":"https:\/\/ostrowskatv.pl\/index.php?rest_route=\/wp\/v2\/media\/23210"}],"wp:attachment":[{"href":"https:\/\/ostrowskatv.pl\/index.php?rest_route=%2Fwp%2Fv2%2Fmedia&parent=23207"}],"wp:term":[{"taxonomy":"category","embeddable":true,"href":"https:\/\/ostrowskatv.pl\/index.php?rest_route=%2Fwp%2Fv2%2Fcategories&post=23207"},{"taxonomy":"post_tag","embeddable":true,"href":"https:\/\/ostrowskatv.pl\/index.php?rest_route=%2Fwp%2Fv2%2Ftags&post=23207"}],"curies":[{"name":"wp","href":"https:\/\/api.w.org\/{rel}","templated":true}]}}