{"id":23151,"date":"2023-02-08T18:18:18","date_gmt":"2023-02-08T17:18:18","guid":{"rendered":"https:\/\/ostrowskatv.pl\/?p=23151"},"modified":"2023-02-08T18:18:18","modified_gmt":"2023-02-08T17:18:18","slug":"zderzenie-przy-galerii-poszkodowana-wjechala-w-latarnie","status":"publish","type":"post","link":"https:\/\/ostrowskatv.pl\/?p=23151","title":{"rendered":"Zderzenie przy galerii. Poszkodowana wjecha\u0142a w latarni\u0119"},"content":{"rendered":"<p><strong>Przed godzin\u0105 14 na ulicy Oficerskiego prowadz\u0119 do galerii dosz\u0142o do zderzenia dw\u00f3ch aut osobowych. Jedno z aut wjecha\u0142o w latarni\u0119.<\/strong><\/p>\n<p>Kobieta kieruj\u0105c mercedesem wyje\u017cd\u017ca\u0142a z pobliskiego parkingu. Druga kobieta jad\u0105c seatem od strony galerii widz\u0105c wyje\u017cd\u017caj\u0105cy pojazd zacz\u0119\u0142a ucieka\u0107 na pobocze.<\/p>\n<p>Oba auta si\u0119 zderzy\u0142y, ale najwi\u0119kszych szk\u00f3d dozna\u0142 seat, kt\u00f3ry dodatkowo wjecha\u0142 w s\u0142up od latarni. Nikt nie uskar\u017ca\u0142 si\u0119 na dolegliwo\u015bci b\u00f3lowe.<\/p>\n<p><img loading=\"lazy\" decoding=\"async\" src=\"https:\/\/ostrowskatv.pl\/wp-content\/uploads\/2023\/02\/20230208_141147-01-300x193.jpeg\" alt=\"\" width=\"300\" height=\"193\" class=\"alignnone size-medium wp-image-23152\" srcset=\"https:\/\/ostrowskatv.pl\/wp-content\/uploads\/2023\/02\/20230208_141147-01-300x193.jpeg 300w, https:\/\/ostrowskatv.pl\/wp-content\/uploads\/2023\/02\/20230208_141147-01-1333x857.jpeg 1333w, https:\/\/ostrowskatv.pl\/wp-content\/uploads\/2023\/02\/20230208_141147-01.jpeg 1366w\" sizes=\"auto, (max-width: 300px) 100vw, 300px\" \/><\/p>\n<p><img loading=\"lazy\" decoding=\"async\" src=\"https:\/\/ostrowskatv.pl\/wp-content\/uploads\/2023\/02\/20230208_141010-01-300x225.jpeg\" alt=\"\" width=\"300\" height=\"225\" class=\"alignnone size-medium wp-image-23153\" srcset=\"https:\/\/ostrowskatv.pl\/wp-content\/uploads\/2023\/02\/20230208_141010-01-300x225.jpeg 300w, https:\/\/ostrowskatv.pl\/wp-content\/uploads\/2023\/02\/20230208_141010-01-1333x1000.jpeg 1333w, https:\/\/ostrowskatv.pl\/wp-content\/uploads\/2023\/02\/20230208_141010-01.jpeg 1366w\" sizes=\"auto, (max-width: 300px) 100vw, 300px\" \/><\/p>\n<p><img loading=\"lazy\" decoding=\"async\" src=\"https:\/\/ostrowskatv.pl\/wp-content\/uploads\/2023\/02\/20230208_140949-01-300x221.jpeg\" alt=\"\" width=\"300\" height=\"221\" class=\"alignnone size-medium wp-image-23154\" srcset=\"https:\/\/ostrowskatv.pl\/wp-content\/uploads\/2023\/02\/20230208_140949-01-300x221.jpeg 300w, https:\/\/ostrowskatv.pl\/wp-content\/uploads\/2023\/02\/20230208_140949-01-1333x984.jpeg 1333w, https:\/\/ostrowskatv.pl\/wp-content\/uploads\/2023\/02\/20230208_140949-01.jpeg 1366w\" sizes=\"auto, (max-width: 300px) 100vw, 300px\" \/><\/p>\n<p><img loading=\"lazy\" decoding=\"async\" src=\"https:\/\/ostrowskatv.pl\/wp-content\/uploads\/2023\/02\/20230208_140945-01-300x120.jpeg\" alt=\"\" width=\"300\" height=\"120\" class=\"alignnone size-medium wp-image-23155\" srcset=\"https:\/\/ostrowskatv.pl\/wp-content\/uploads\/2023\/02\/20230208_140945-01-300x120.jpeg 300w, https:\/\/ostrowskatv.pl\/wp-content\/uploads\/2023\/02\/20230208_140945-01-1333x534.jpeg 1333w, https:\/\/ostrowskatv.pl\/wp-content\/uploads\/2023\/02\/20230208_140945-01.jpeg 1366w\" sizes=\"auto, (max-width: 300px) 100vw, 300px\" \/><\/p>\n<p><img loading=\"lazy\" decoding=\"async\" src=\"https:\/\/ostrowskatv.pl\/wp-content\/uploads\/2023\/02\/20230208_140929-01-300x230.jpeg\" alt=\"\" width=\"300\" height=\"230\" class=\"alignnone size-medium wp-image-23156\" srcset=\"https:\/\/ostrowskatv.pl\/wp-content\/uploads\/2023\/02\/20230208_140929-01-300x230.jpeg 300w, https:\/\/ostrowskatv.pl\/wp-content\/uploads\/2023\/02\/20230208_140929-01-1333x1024.jpeg 1333w, https:\/\/ostrowskatv.pl\/wp-content\/uploads\/2023\/02\/20230208_140929-01.jpeg 1366w\" sizes=\"auto, (max-width: 300px) 100vw, 300px\" \/><\/p>\n<p><img loading=\"lazy\" decoding=\"async\" src=\"https:\/\/ostrowskatv.pl\/wp-content\/uploads\/2023\/02\/20230208_140924-01-300x243.jpeg\" alt=\"\" width=\"300\" height=\"243\" class=\"alignnone size-medium wp-image-23157\" srcset=\"https:\/\/ostrowskatv.pl\/wp-content\/uploads\/2023\/02\/20230208_140924-01-300x243.jpeg 300w, https:\/\/ostrowskatv.pl\/wp-content\/uploads\/2023\/02\/20230208_140924-01-1333x1081.jpeg 1333w, https:\/\/ostrowskatv.pl\/wp-content\/uploads\/2023\/02\/20230208_140924-01.jpeg 1366w\" sizes=\"auto, (max-width: 300px) 100vw, 300px\" \/><\/p>\n<p><img loading=\"lazy\" decoding=\"async\" src=\"https:\/\/ostrowskatv.pl\/wp-content\/uploads\/2023\/02\/20230208_140844-01-300x195.jpeg\" alt=\"\" width=\"300\" height=\"195\" class=\"alignnone size-medium wp-image-23158\" srcset=\"https:\/\/ostrowskatv.pl\/wp-content\/uploads\/2023\/02\/20230208_140844-01-300x195.jpeg 300w, https:\/\/ostrowskatv.pl\/wp-content\/uploads\/2023\/02\/20230208_140844-01-1333x865.jpeg 1333w, https:\/\/ostrowskatv.pl\/wp-content\/uploads\/2023\/02\/20230208_140844-01.jpeg 1366w\" sizes=\"auto, (max-width: 300px) 100vw, 300px\" \/><\/p>\n","protected":false},"excerpt":{"rendered":"Przed godzin\u0105 14 na ulicy Oficerskiego prowadz\u0119 do galerii dosz\u0142o do zderzenia dw\u00f3ch aut osobowych. Jedno z aut wjecha\u0142o w latarni\u0119. Kobieta kieruj\u0105c \n<a class=\"moretag\" href=\"https:\/\/ostrowskatv.pl\/?p=23151\"> [...]<\/a>","protected":false},"author":1,"featured_media":23152,"comment_status":"open","ping_status":"closed","sticky":false,"template":"","format":"standard","meta":{"footnotes":""},"categories":[1],"tags":[2],"class_list":["post-23151","post","type-post","status-publish","format-standard","has-post-thumbnail","hentry","category-news","tag-ostrow-wielkopolski"],"_links":{"self":[{"href":"https:\/\/ostrowskatv.pl\/index.php?rest_route=\/wp\/v2\/posts\/23151","targetHints":{"allow":["GET"]}}],"collection":[{"href":"https:\/\/ostrowskatv.pl\/index.php?rest_route=\/wp\/v2\/posts"}],"about":[{"href":"https:\/\/ostrowskatv.pl\/index.php?rest_route=\/wp\/v2\/types\/post"}],"author":[{"embeddable":true,"href":"https:\/\/ostrowskatv.pl\/index.php?rest_route=\/wp\/v2\/users\/1"}],"replies":[{"embeddable":true,"href":"https:\/\/ostrowskatv.pl\/index.php?rest_route=%2Fwp%2Fv2%2Fcomments&post=23151"}],"version-history":[{"count":0,"href":"https:\/\/ostrowskatv.pl\/index.php?rest_route=\/wp\/v2\/posts\/23151\/revisions"}],"wp:featuredmedia":[{"embeddable":true,"href":"https:\/\/ostrowskatv.pl\/index.php?rest_route=\/wp\/v2\/media\/23152"}],"wp:attachment":[{"href":"https:\/\/ostrowskatv.pl\/index.php?rest_route=%2Fwp%2Fv2%2Fmedia&parent=23151"}],"wp:term":[{"taxonomy":"category","embeddable":true,"href":"https:\/\/ostrowskatv.pl\/index.php?rest_route=%2Fwp%2Fv2%2Fcategories&post=23151"},{"taxonomy":"post_tag","embeddable":true,"href":"https:\/\/ostrowskatv.pl\/index.php?rest_route=%2Fwp%2Fv2%2Ftags&post=23151"}],"curies":[{"name":"wp","href":"https:\/\/api.w.org\/{rel}","templated":true}]}}