{"id":23140,"date":"2023-02-07T19:50:12","date_gmt":"2023-02-07T18:50:12","guid":{"rendered":"https:\/\/ostrowskatv.pl\/?p=23140"},"modified":"2023-02-07T19:50:27","modified_gmt":"2023-02-07T18:50:27","slug":"senior-przebiegal-przez-droge","status":"publish","type":"post","link":"https:\/\/ostrowskatv.pl\/?p=23140","title":{"rendered":"Przebiega\u0142 przez drog\u0119"},"content":{"rendered":"<p><strong>M\u0119\u017cczyzna po 70. roku \u017cycia postanowi\u0142 przebiec przez g\u0142\u00f3wn\u0105 drog\u0119 w Rad\u0142owie. Kiedy ju\u017c by\u0142 przy chodniku zosta\u0142 potr\u0105cony przez opla, kierowanego przez oko\u0142o 40-letniego m\u0119\u017cczyzn\u0119. <\/strong><\/p>\n<p>Pieszy nie by\u0142 w stanie dmuchn\u0105\u0107 w alkomat, dlatego zdecydowano si\u0119 pobra\u0107 krew do badania na zawarto\u015b\u0107 trze\u017awo\u015bci.<\/p>\n<p>W tym miejscu nie ma przej\u015bcia dla pieszych i nale\u017cy wychodzi\u0107 z za\u0142o\u017cenia, \u017ce kierowca auta nas nie widzi, ni\u017c liczy\u0107 na to \u017ce zd\u0105\u017cymy lub pojazd zwolni.<\/p>\n<p><img loading=\"lazy\" decoding=\"async\" src=\"https:\/\/ostrowskatv.pl\/wp-content\/uploads\/2023\/02\/20230207_190248-01-300x192.jpeg\" alt=\"\" width=\"300\" height=\"192\" class=\"alignnone size-medium wp-image-23141\" srcset=\"https:\/\/ostrowskatv.pl\/wp-content\/uploads\/2023\/02\/20230207_190248-01-300x192.jpeg 300w, https:\/\/ostrowskatv.pl\/wp-content\/uploads\/2023\/02\/20230207_190248-01-1333x852.jpeg 1333w, https:\/\/ostrowskatv.pl\/wp-content\/uploads\/2023\/02\/20230207_190248-01.jpeg 1366w\" sizes=\"auto, (max-width: 300px) 100vw, 300px\" \/><\/p>\n<p><img loading=\"lazy\" decoding=\"async\" src=\"https:\/\/ostrowskatv.pl\/wp-content\/uploads\/2023\/02\/20230207_190334-01-300x140.jpeg\" alt=\"\" width=\"300\" height=\"140\" class=\"alignnone size-medium wp-image-23142\" srcset=\"https:\/\/ostrowskatv.pl\/wp-content\/uploads\/2023\/02\/20230207_190334-01-300x140.jpeg 300w, https:\/\/ostrowskatv.pl\/wp-content\/uploads\/2023\/02\/20230207_190334-01-1333x622.jpeg 1333w, https:\/\/ostrowskatv.pl\/wp-content\/uploads\/2023\/02\/20230207_190334-01.jpeg 1366w\" sizes=\"auto, (max-width: 300px) 100vw, 300px\" \/><\/p>\n<p><img loading=\"lazy\" decoding=\"async\" src=\"https:\/\/ostrowskatv.pl\/wp-content\/uploads\/2023\/02\/20230207_190357-01-300x164.jpeg\" alt=\"\" width=\"300\" height=\"164\" class=\"alignnone size-medium wp-image-23143\" srcset=\"https:\/\/ostrowskatv.pl\/wp-content\/uploads\/2023\/02\/20230207_190357-01-300x164.jpeg 300w, https:\/\/ostrowskatv.pl\/wp-content\/uploads\/2023\/02\/20230207_190357-01-1333x727.jpeg 1333w, https:\/\/ostrowskatv.pl\/wp-content\/uploads\/2023\/02\/20230207_190357-01.jpeg 1366w\" sizes=\"auto, (max-width: 300px) 100vw, 300px\" \/><\/p>\n<p><img loading=\"lazy\" decoding=\"async\" src=\"https:\/\/ostrowskatv.pl\/wp-content\/uploads\/2023\/02\/Policja_noc-300x169.jpeg\" alt=\"\" width=\"300\" height=\"169\" class=\"alignnone size-medium wp-image-23144\" srcset=\"https:\/\/ostrowskatv.pl\/wp-content\/uploads\/2023\/02\/Policja_noc-300x169.jpeg 300w, https:\/\/ostrowskatv.pl\/wp-content\/uploads\/2023\/02\/Policja_noc-1333x750.jpeg 1333w, https:\/\/ostrowskatv.pl\/wp-content\/uploads\/2023\/02\/Policja_noc-388x220.jpeg 388w, https:\/\/ostrowskatv.pl\/wp-content\/uploads\/2023\/02\/Policja_noc.jpeg 1366w\" sizes=\"auto, (max-width: 300px) 100vw, 300px\" \/><\/p>\n<p><img loading=\"lazy\" decoding=\"async\" src=\"https:\/\/ostrowskatv.pl\/wp-content\/uploads\/2023\/02\/20230207_190638-01-300x169.jpeg\" alt=\"\" width=\"300\" height=\"169\" class=\"alignnone size-medium wp-image-23145\" srcset=\"https:\/\/ostrowskatv.pl\/wp-content\/uploads\/2023\/02\/20230207_190638-01-300x169.jpeg 300w, https:\/\/ostrowskatv.pl\/wp-content\/uploads\/2023\/02\/20230207_190638-01-1333x750.jpeg 1333w, https:\/\/ostrowskatv.pl\/wp-content\/uploads\/2023\/02\/20230207_190638-01-388x220.jpeg 388w, https:\/\/ostrowskatv.pl\/wp-content\/uploads\/2023\/02\/20230207_190638-01.jpeg 1366w\" sizes=\"auto, (max-width: 300px) 100vw, 300px\" \/><\/p>\n","protected":false},"excerpt":{"rendered":"M\u0119\u017cczyzna po 70. roku \u017cycia postanowi\u0142 przebiec przez g\u0142\u00f3wn\u0105 drog\u0119 w Rad\u0142owie. Kiedy ju\u017c by\u0142 przy chodniku zosta\u0142 potr\u0105cony przez opla, kierowanego przez \n<a class=\"moretag\" href=\"https:\/\/ostrowskatv.pl\/?p=23140\"> [...]<\/a>","protected":false},"author":1,"featured_media":23145,"comment_status":"open","ping_status":"closed","sticky":false,"template":"","format":"standard","meta":{"footnotes":""},"categories":[1],"tags":[138],"class_list":["post-23140","post","type-post","status-publish","format-standard","has-post-thumbnail","hentry","category-news","tag-radlow"],"_links":{"self":[{"href":"https:\/\/ostrowskatv.pl\/index.php?rest_route=\/wp\/v2\/posts\/23140","targetHints":{"allow":["GET"]}}],"collection":[{"href":"https:\/\/ostrowskatv.pl\/index.php?rest_route=\/wp\/v2\/posts"}],"about":[{"href":"https:\/\/ostrowskatv.pl\/index.php?rest_route=\/wp\/v2\/types\/post"}],"author":[{"embeddable":true,"href":"https:\/\/ostrowskatv.pl\/index.php?rest_route=\/wp\/v2\/users\/1"}],"replies":[{"embeddable":true,"href":"https:\/\/ostrowskatv.pl\/index.php?rest_route=%2Fwp%2Fv2%2Fcomments&post=23140"}],"version-history":[{"count":0,"href":"https:\/\/ostrowskatv.pl\/index.php?rest_route=\/wp\/v2\/posts\/23140\/revisions"}],"wp:featuredmedia":[{"embeddable":true,"href":"https:\/\/ostrowskatv.pl\/index.php?rest_route=\/wp\/v2\/media\/23145"}],"wp:attachment":[{"href":"https:\/\/ostrowskatv.pl\/index.php?rest_route=%2Fwp%2Fv2%2Fmedia&parent=23140"}],"wp:term":[{"taxonomy":"category","embeddable":true,"href":"https:\/\/ostrowskatv.pl\/index.php?rest_route=%2Fwp%2Fv2%2Fcategories&post=23140"},{"taxonomy":"post_tag","embeddable":true,"href":"https:\/\/ostrowskatv.pl\/index.php?rest_route=%2Fwp%2Fv2%2Ftags&post=23140"}],"curies":[{"name":"wp","href":"https:\/\/api.w.org\/{rel}","templated":true}]}}