{"id":23106,"date":"2023-02-01T10:04:31","date_gmt":"2023-02-01T09:04:31","guid":{"rendered":"https:\/\/ostrowskatv.pl\/?p=23106"},"modified":"2023-02-01T10:04:31","modified_gmt":"2023-02-01T09:04:31","slug":"strazacy-interweniowali-w-duzej-ostrowskiej-firmie","status":"publish","type":"post","link":"https:\/\/ostrowskatv.pl\/?p=23106","title":{"rendered":"Stra\u017cacy interweniowali w du\u017cej ostrowskiej firmie"},"content":{"rendered":"<p><strong>Oko\u0142o godziny 8 rano wys\u0142ano zast\u0119py stra\u017cy po\u017carnej do jednej z ostrowskich firm w rejonie ulicy Reymonta. Powodem by\u0142 za\u0142\u0105czony automatyczny alarm przeciwpo\u017carowy.<\/strong><\/p>\n<p>Po doje\u017adzie na miejsce system wskazywa\u0142, \u017ce za\u0142\u0105czy\u0142a si\u0119 czujka zlokalizowana w stolarni. Wst\u0119pna weryfikacja przez pracownik\u00f3w oraz potwierdzenie przez stra\u017cak\u00f3w wykaza\u0142o, \u017ce nie by\u0142o \u017cadnego realnego zagro\u017cenia. To kolejne w ostatnim czasie niepotwierdzone powiadomienie o po\u017carze z tego zak\u0142adu.<\/p>\n<p><img loading=\"lazy\" decoding=\"async\" src=\"https:\/\/ostrowskatv.pl\/wp-content\/uploads\/2023\/02\/20230201_083027-01-300x159.jpeg\" alt=\"\" width=\"300\" height=\"159\" class=\"alignnone size-medium wp-image-23108\" srcset=\"https:\/\/ostrowskatv.pl\/wp-content\/uploads\/2023\/02\/20230201_083027-01-300x159.jpeg 300w, https:\/\/ostrowskatv.pl\/wp-content\/uploads\/2023\/02\/20230201_083027-01-1333x707.jpeg 1333w, https:\/\/ostrowskatv.pl\/wp-content\/uploads\/2023\/02\/20230201_083027-01.jpeg 1366w\" sizes=\"auto, (max-width: 300px) 100vw, 300px\" \/><\/p>\n<p><img loading=\"lazy\" decoding=\"async\" src=\"https:\/\/ostrowskatv.pl\/wp-content\/uploads\/2023\/02\/20230201_083032-01-300x147.jpeg\" alt=\"\" width=\"300\" height=\"147\" class=\"alignnone size-medium wp-image-23109\" srcset=\"https:\/\/ostrowskatv.pl\/wp-content\/uploads\/2023\/02\/20230201_083032-01-300x147.jpeg 300w, https:\/\/ostrowskatv.pl\/wp-content\/uploads\/2023\/02\/20230201_083032-01-1333x655.jpeg 1333w, https:\/\/ostrowskatv.pl\/wp-content\/uploads\/2023\/02\/20230201_083032-01.jpeg 1366w\" sizes=\"auto, (max-width: 300px) 100vw, 300px\" \/><\/p>\n<p><img loading=\"lazy\" decoding=\"async\" src=\"https:\/\/ostrowskatv.pl\/wp-content\/uploads\/2023\/02\/20230201_083030-01-300x169.jpeg\" alt=\"\" width=\"300\" height=\"169\" class=\"alignnone size-medium wp-image-23110\" srcset=\"https:\/\/ostrowskatv.pl\/wp-content\/uploads\/2023\/02\/20230201_083030-01-300x169.jpeg 300w, https:\/\/ostrowskatv.pl\/wp-content\/uploads\/2023\/02\/20230201_083030-01-1333x750.jpeg 1333w, https:\/\/ostrowskatv.pl\/wp-content\/uploads\/2023\/02\/20230201_083030-01-388x220.jpeg 388w, https:\/\/ostrowskatv.pl\/wp-content\/uploads\/2023\/02\/20230201_083030-01.jpeg 1366w\" sizes=\"auto, (max-width: 300px) 100vw, 300px\" \/><\/p>\n","protected":false},"excerpt":{"rendered":"Oko\u0142o godziny 8 rano wys\u0142ano zast\u0119py stra\u017cy po\u017carnej do jednej z ostrowskich firm w rejonie ulicy Reymonta. Powodem by\u0142 za\u0142\u0105czony automatyczny alarm przeciwpo\u017carowy. \n<a class=\"moretag\" href=\"https:\/\/ostrowskatv.pl\/?p=23106\"> [...]<\/a>","protected":false},"author":1,"featured_media":23110,"comment_status":"open","ping_status":"closed","sticky":false,"template":"","format":"standard","meta":{"footnotes":""},"categories":[1],"tags":[7],"class_list":["post-23106","post","type-post","status-publish","format-standard","has-post-thumbnail","hentry","category-news","tag-pozar"],"_links":{"self":[{"href":"https:\/\/ostrowskatv.pl\/index.php?rest_route=\/wp\/v2\/posts\/23106","targetHints":{"allow":["GET"]}}],"collection":[{"href":"https:\/\/ostrowskatv.pl\/index.php?rest_route=\/wp\/v2\/posts"}],"about":[{"href":"https:\/\/ostrowskatv.pl\/index.php?rest_route=\/wp\/v2\/types\/post"}],"author":[{"embeddable":true,"href":"https:\/\/ostrowskatv.pl\/index.php?rest_route=\/wp\/v2\/users\/1"}],"replies":[{"embeddable":true,"href":"https:\/\/ostrowskatv.pl\/index.php?rest_route=%2Fwp%2Fv2%2Fcomments&post=23106"}],"version-history":[{"count":0,"href":"https:\/\/ostrowskatv.pl\/index.php?rest_route=\/wp\/v2\/posts\/23106\/revisions"}],"wp:featuredmedia":[{"embeddable":true,"href":"https:\/\/ostrowskatv.pl\/index.php?rest_route=\/wp\/v2\/media\/23110"}],"wp:attachment":[{"href":"https:\/\/ostrowskatv.pl\/index.php?rest_route=%2Fwp%2Fv2%2Fmedia&parent=23106"}],"wp:term":[{"taxonomy":"category","embeddable":true,"href":"https:\/\/ostrowskatv.pl\/index.php?rest_route=%2Fwp%2Fv2%2Fcategories&post=23106"},{"taxonomy":"post_tag","embeddable":true,"href":"https:\/\/ostrowskatv.pl\/index.php?rest_route=%2Fwp%2Fv2%2Ftags&post=23106"}],"curies":[{"name":"wp","href":"https:\/\/api.w.org\/{rel}","templated":true}]}}