{"id":23069,"date":"2023-01-24T12:32:53","date_gmt":"2023-01-24T11:32:53","guid":{"rendered":"https:\/\/ostrowskatv.pl\/?p=23069"},"modified":"2023-01-24T12:32:53","modified_gmt":"2023-01-24T11:32:53","slug":"20-latka-zginela-rozjechana-przez-19-latka-w-bmw-auto-kupil-za-pieniadze-od-babci-sprzedawal-kamyki","status":"publish","type":"post","link":"https:\/\/ostrowskatv.pl\/?p=23069","title":{"rendered":"20-latka zgin\u0119\u0142a rozjechana przez 19-latka w BMW. Auto kupi\u0142 za pieni\u0105dze od babci. Sprzedawa\u0142 &#8222;kamyki&#8221;"},"content":{"rendered":"<p><strong>Po o\u015bmiu miesi\u0105cach od wypadku ruszy\u0142 proces, w kt\u00f3rym oskar\u017conym jest 19-latek. Prowadz\u0105c BMW w 20-letni\u0105 kobiet\u0119 prowadz\u0105c\u0105 rower, powoduj\u0105c obra\u017cenia skutkuj\u0105ce \u015bmierci\u0105.<\/strong><\/p>\n<p>19-latek cho\u0107 prawo jazdy posiada\u0142 od 1,5 roku, zosta\u0142 ju\u017c trzykrotnie zatrzymany za przekroczenie pr\u0119dko\u015bci. Tras\u0119, kt\u00f3r\u0105 tego dnia pokonywa\u0142 zna\u0142 bardzo dobrze. Je\u017adzi\u0142 ni\u0105 4-5 razy dziennie. Zdawa\u0142 sobie spraw\u0119, \u017ce jest tam ograniczenie pr\u0119dko\u015bci do 50 km\/h. Pomimo to p\u0119dzi\u0142 z pr\u0119dko\u015bci\u0105 wi\u0119ksz\u0105 ni\u017c 100 km\/h. Pasa\u017cerem w BMW by\u0142 18-letni kolega, z kt\u00f3rym p\u0119dzili do McDonald`s.<\/p>\n<p>Przy tak kr\u00f3tkim sta\u017cu jako kierowca BMW by\u0142o jego trzecim samochodem. Pierwszy kupi\u0142 za r\u00f3wnowarto\u015b\u0107 tysi\u0105ca z\u0142otych, ale zatar\u0142 si\u0119 w nim silnik. Przez chwil\u0119 u\u017cytkowa\u0142 inny samoch\u00f3d a\u017c w ko\u0144cu po\u017cyczy\u0142 pieni\u0105dze od babci i kupi\u0142 BMW.<\/p>\n<p>W zeznaniach przyzna\u0142, \u017ce najpierw delikatnie zwolni\u0142 na widok jad\u0105cego z przeciwka radiowozu, a po chwili wjecha\u0142 z impetem w rowerzystk\u0119. &#8222;Zobaczy\u0142em j\u0105 tu\u017c przed przej\u015bciem dla pieszych. By\u0142a jakie\u015b 15 metr\u00f3w od niego&#8221;. &#8222;Zacz\u0105\u0142em gwa\u0142townie hamowa\u0107 i uderzy\u0142em j\u0105 lew\u0105 stron\u0105 pojazdu, gdy ona zbli\u017ca\u0142a si\u0119 ju\u017c do wysepki rozdzielaj\u0105cej pasy ruchu. Si\u0142a uderzenia by\u0142a tak du\u017ca, \u017ce spowodowa\u0142a obra\u017cenia skutkuj\u0105ce natychmiastow\u0105 \u015bmierci\u0105. M\u0142oda kobieta upadaj\u0105c zosta\u0142a jeszcze uderzona przez samoch\u00f3d jad\u0105cy z przeciwka.<\/p>\n<p>Oskar\u017cony przeprasza\u0142 rodzic\u00f3w zmar\u0142ej dziewczyny.<\/p>\n<p>Na co dzie\u0144 dorabia\u0142 montuj\u0105c instalacje elektrycznych u znajomych. Miesi\u0119cznie zarabia\u0142 1500 z\u0142otych. Postanowi\u0142 dorobi\u0107 sprzedaj\u0105c &#8222;kamyki&#8221; &#8211; tak potocznie m\u00f3wi\u0142 ze znajomymi na \u015brodki odurzaj\u0105ce tj. chlorowodorek 4-CMC, 3-CMC. Jeden &#8222;kamyk&#8221; kosztowa\u0142 u niego 50 z\u0142otych. Okaza\u0142o si\u0119, \u017ce dwoma klientami by\u0142y osoby niepe\u0142noletnie za co grozi wi\u0119ksza kara.<\/p>\n<p>Do tego tragicznego wypadku dosz\u0142o wczesnym popo\u0142udniem na dawnej drodze krajowej nr 11 pomi\u0119dzy Jarocinem, a Cielcz\u0105.<\/p>\n<p><img loading=\"lazy\" decoding=\"async\" src=\"https:\/\/ostrowskatv.pl\/wp-content\/uploads\/2023\/01\/20230124_090753-01-300x169.jpeg\" alt=\"\" width=\"300\" height=\"169\" class=\"alignnone size-medium wp-image-23066\" srcset=\"https:\/\/ostrowskatv.pl\/wp-content\/uploads\/2023\/01\/20230124_090753-01-300x169.jpeg 300w, https:\/\/ostrowskatv.pl\/wp-content\/uploads\/2023\/01\/20230124_090753-01-640x360.jpeg 640w, https:\/\/ostrowskatv.pl\/wp-content\/uploads\/2023\/01\/20230124_090753-01-388x220.jpeg 388w, https:\/\/ostrowskatv.pl\/wp-content\/uploads\/2023\/01\/20230124_090753-01.jpeg 1366w\" sizes=\"auto, (max-width: 300px) 100vw, 300px\" \/><\/p>\n<p><img loading=\"lazy\" decoding=\"async\" src=\"https:\/\/ostrowskatv.pl\/wp-content\/uploads\/2023\/01\/20230124_090800-01-300x169.jpeg\" alt=\"\" width=\"300\" height=\"169\" class=\"alignnone size-medium wp-image-23065\" srcset=\"https:\/\/ostrowskatv.pl\/wp-content\/uploads\/2023\/01\/20230124_090800-01-300x169.jpeg 300w, https:\/\/ostrowskatv.pl\/wp-content\/uploads\/2023\/01\/20230124_090800-01-640x360.jpeg 640w, https:\/\/ostrowskatv.pl\/wp-content\/uploads\/2023\/01\/20230124_090800-01-388x220.jpeg 388w, https:\/\/ostrowskatv.pl\/wp-content\/uploads\/2023\/01\/20230124_090800-01.jpeg 1366w\" sizes=\"auto, (max-width: 300px) 100vw, 300px\" \/><\/p>\n<p><img loading=\"lazy\" decoding=\"async\" src=\"https:\/\/ostrowskatv.pl\/wp-content\/uploads\/2023\/01\/20230124_090800-02-300x169.jpeg\" alt=\"\" width=\"300\" height=\"169\" class=\"alignnone size-medium wp-image-23064\" srcset=\"https:\/\/ostrowskatv.pl\/wp-content\/uploads\/2023\/01\/20230124_090800-02-300x169.jpeg 300w, https:\/\/ostrowskatv.pl\/wp-content\/uploads\/2023\/01\/20230124_090800-02-640x360.jpeg 640w, https:\/\/ostrowskatv.pl\/wp-content\/uploads\/2023\/01\/20230124_090800-02-388x220.jpeg 388w, https:\/\/ostrowskatv.pl\/wp-content\/uploads\/2023\/01\/20230124_090800-02.jpeg 1366w\" sizes=\"auto, (max-width: 300px) 100vw, 300px\" \/><\/p>\n<p><img loading=\"lazy\" decoding=\"async\" src=\"https:\/\/ostrowskatv.pl\/wp-content\/uploads\/2023\/01\/20230124_090813-01-300x167.jpeg\" alt=\"\" width=\"300\" height=\"167\" class=\"alignnone size-medium wp-image-23063\" srcset=\"https:\/\/ostrowskatv.pl\/wp-content\/uploads\/2023\/01\/20230124_090813-01-300x167.jpeg 300w, https:\/\/ostrowskatv.pl\/wp-content\/uploads\/2023\/01\/20230124_090813-01-640x357.jpeg 640w, https:\/\/ostrowskatv.pl\/wp-content\/uploads\/2023\/01\/20230124_090813-01.jpeg 1366w\" sizes=\"auto, (max-width: 300px) 100vw, 300px\" \/><\/p>\n<p><img loading=\"lazy\" decoding=\"async\" src=\"https:\/\/ostrowskatv.pl\/wp-content\/uploads\/2023\/01\/20230124_091314-01-300x169.jpeg\" alt=\"\" width=\"300\" height=\"169\" class=\"alignnone size-medium wp-image-23062\" srcset=\"https:\/\/ostrowskatv.pl\/wp-content\/uploads\/2023\/01\/20230124_091314-01-300x169.jpeg 300w, https:\/\/ostrowskatv.pl\/wp-content\/uploads\/2023\/01\/20230124_091314-01-640x360.jpeg 640w, https:\/\/ostrowskatv.pl\/wp-content\/uploads\/2023\/01\/20230124_091314-01-388x220.jpeg 388w, https:\/\/ostrowskatv.pl\/wp-content\/uploads\/2023\/01\/20230124_091314-01.jpeg 1366w\" sizes=\"auto, (max-width: 300px) 100vw, 300px\" \/><\/p>\n<p><img loading=\"lazy\" decoding=\"async\" src=\"https:\/\/ostrowskatv.pl\/wp-content\/uploads\/2023\/01\/20230124_092955-01-300x169.jpeg\" alt=\"\" width=\"300\" height=\"169\" class=\"alignnone size-medium wp-image-23061\" srcset=\"https:\/\/ostrowskatv.pl\/wp-content\/uploads\/2023\/01\/20230124_092955-01-300x169.jpeg 300w, https:\/\/ostrowskatv.pl\/wp-content\/uploads\/2023\/01\/20230124_092955-01-640x360.jpeg 640w, https:\/\/ostrowskatv.pl\/wp-content\/uploads\/2023\/01\/20230124_092955-01-388x220.jpeg 388w, https:\/\/ostrowskatv.pl\/wp-content\/uploads\/2023\/01\/20230124_092955-01.jpeg 1366w\" sizes=\"auto, (max-width: 300px) 100vw, 300px\" \/><\/p>\n<p>Przypomnijmy. Do wypadku dosz\u0142o, kiedy od strony Poznania jecha\u0142 19-latek w BMW wraz z 18-letnim pasa\u017cerem. W tym samym kierunku, ale wydzielon\u0105 \u015bcie\u017ck\u0105 rowerow\u0105 jecha\u0142a 20-letnia rowerzystka. W tym miejscu \u015bcie\u017cka rowerowa ko\u0144czy si\u0119. Trzeba zej\u015b\u0107 z roweru i przej\u015b\u0107 na drug\u0105 stron\u0119 jezdni. Zdaniem \u015bwiadk\u00f3w rowerzystka zd\u0105\u017cy\u0142a zeskoczy\u0107 z roweru, po czym dosta\u0142a si\u0119 na przej\u015bcie dla pieszych.<\/p>\n<p>Tu zosta\u0142a potr\u0105cona przez BMW. Ko\u0142o od roweru i fragment ramy zosta\u0142y odrzucone na oko\u0142o 50 metr\u00f3w.<\/p>\n","protected":false},"excerpt":{"rendered":"Po o\u015bmiu miesi\u0105cach od wypadku ruszy\u0142 proces, w kt\u00f3rym oskar\u017conym jest 19-latek. Prowadz\u0105c BMW w 20-letni\u0105 kobiet\u0119 prowadz\u0105c\u0105 rower, powoduj\u0105c obra\u017cenia skutkuj\u0105ce \u015bmierci\u0105. \n<a class=\"moretag\" href=\"https:\/\/ostrowskatv.pl\/?p=23069\"> [...]<\/a>","protected":false},"author":1,"featured_media":23065,"comment_status":"open","ping_status":"closed","sticky":false,"template":"","format":"standard","meta":{"footnotes":""},"categories":[1],"tags":[52],"class_list":["post-23069","post","type-post","status-publish","format-standard","has-post-thumbnail","hentry","category-news","tag-sad"],"_links":{"self":[{"href":"https:\/\/ostrowskatv.pl\/index.php?rest_route=\/wp\/v2\/posts\/23069","targetHints":{"allow":["GET"]}}],"collection":[{"href":"https:\/\/ostrowskatv.pl\/index.php?rest_route=\/wp\/v2\/posts"}],"about":[{"href":"https:\/\/ostrowskatv.pl\/index.php?rest_route=\/wp\/v2\/types\/post"}],"author":[{"embeddable":true,"href":"https:\/\/ostrowskatv.pl\/index.php?rest_route=\/wp\/v2\/users\/1"}],"replies":[{"embeddable":true,"href":"https:\/\/ostrowskatv.pl\/index.php?rest_route=%2Fwp%2Fv2%2Fcomments&post=23069"}],"version-history":[{"count":0,"href":"https:\/\/ostrowskatv.pl\/index.php?rest_route=\/wp\/v2\/posts\/23069\/revisions"}],"wp:featuredmedia":[{"embeddable":true,"href":"https:\/\/ostrowskatv.pl\/index.php?rest_route=\/wp\/v2\/media\/23065"}],"wp:attachment":[{"href":"https:\/\/ostrowskatv.pl\/index.php?rest_route=%2Fwp%2Fv2%2Fmedia&parent=23069"}],"wp:term":[{"taxonomy":"category","embeddable":true,"href":"https:\/\/ostrowskatv.pl\/index.php?rest_route=%2Fwp%2Fv2%2Fcategories&post=23069"},{"taxonomy":"post_tag","embeddable":true,"href":"https:\/\/ostrowskatv.pl\/index.php?rest_route=%2Fwp%2Fv2%2Ftags&post=23069"}],"curies":[{"name":"wp","href":"https:\/\/api.w.org\/{rel}","templated":true}]}}