{"id":2302,"date":"2016-10-18T10:29:36","date_gmt":"2016-10-18T09:29:36","guid":{"rendered":"http:\/\/ostrowska.tv\/?p=2302"},"modified":"2016-10-18T10:29:36","modified_gmt":"2016-10-18T09:29:36","slug":"zarzut-ciaglego-molestowania-maloletnich","status":"publish","type":"post","link":"https:\/\/ostrowskatv.pl\/?p=2302","title":{"rendered":"Zarzut ci\u0105g\u0142ego molestowania ma\u0142oletnich"},"content":{"rendered":"<p><strong>47-letniemu m\u0119\u017cczy\u017anie postawiono zarzut p\u0142ciowego obcowania z ma\u0142oletnim poni\u017cej 15 roku \u017cycia. Prokuratura Rejonowa w Ostrowie Wlkp. zatrzyma\u0142a tymczasowo m\u0119\u017cczyzn\u0119 i przeprowadza z nim czynno\u015bci procesowe. Nie zosta\u0142a jeszcze podj\u0119ta decyzja o aresztowaniu go. Nie ma r\u00f3wnie\u017c jeszcze informacji ile os\u00f3b mog\u0142o pa\u015b\u0107 ofiar\u0105 tego podejrzanego.<\/strong><\/p>\n","protected":false},"excerpt":{"rendered":"47-letniemu m\u0119\u017cczy\u017anie postawiono zarzut p\u0142ciowego obcowania z ma\u0142oletnim poni\u017cej 15 roku \u017cycia. Prokuratura Rejonowa w Ostrowie Wlkp. zatrzyma\u0142a tymczasowo m\u0119\u017cczyzn\u0119 i przeprowadza z \n<a class=\"moretag\" href=\"https:\/\/ostrowskatv.pl\/?p=2302\"> [...]<\/a>","protected":false},"author":1,"featured_media":2303,"comment_status":"open","ping_status":"open","sticky":false,"template":"","format":"standard","meta":{"footnotes":""},"categories":[1],"tags":[2],"class_list":["post-2302","post","type-post","status-publish","format-standard","has-post-thumbnail","hentry","category-news","tag-ostrow-wielkopolski"],"_links":{"self":[{"href":"https:\/\/ostrowskatv.pl\/index.php?rest_route=\/wp\/v2\/posts\/2302","targetHints":{"allow":["GET"]}}],"collection":[{"href":"https:\/\/ostrowskatv.pl\/index.php?rest_route=\/wp\/v2\/posts"}],"about":[{"href":"https:\/\/ostrowskatv.pl\/index.php?rest_route=\/wp\/v2\/types\/post"}],"author":[{"embeddable":true,"href":"https:\/\/ostrowskatv.pl\/index.php?rest_route=\/wp\/v2\/users\/1"}],"replies":[{"embeddable":true,"href":"https:\/\/ostrowskatv.pl\/index.php?rest_route=%2Fwp%2Fv2%2Fcomments&post=2302"}],"version-history":[{"count":0,"href":"https:\/\/ostrowskatv.pl\/index.php?rest_route=\/wp\/v2\/posts\/2302\/revisions"}],"wp:featuredmedia":[{"embeddable":true,"href":"https:\/\/ostrowskatv.pl\/index.php?rest_route=\/wp\/v2\/media\/2303"}],"wp:attachment":[{"href":"https:\/\/ostrowskatv.pl\/index.php?rest_route=%2Fwp%2Fv2%2Fmedia&parent=2302"}],"wp:term":[{"taxonomy":"category","embeddable":true,"href":"https:\/\/ostrowskatv.pl\/index.php?rest_route=%2Fwp%2Fv2%2Fcategories&post=2302"},{"taxonomy":"post_tag","embeddable":true,"href":"https:\/\/ostrowskatv.pl\/index.php?rest_route=%2Fwp%2Fv2%2Ftags&post=2302"}],"curies":[{"name":"wp","href":"https:\/\/api.w.org\/{rel}","templated":true}]}}