{"id":23001,"date":"2023-01-18T19:38:29","date_gmt":"2023-01-18T18:38:29","guid":{"rendered":"https:\/\/ostrowskatv.pl\/?p=23001"},"modified":"2023-01-18T19:41:52","modified_gmt":"2023-01-18T18:41:52","slug":"podczas-slizgawicy-zostaly-rozbite-2-bmw","status":"publish","type":"post","link":"https:\/\/ostrowskatv.pl\/?p=23001","title":{"rendered":"Podczas \u015blizgawicy zosta\u0142y rozbite 2 BMW"},"content":{"rendered":"<p><strong>Wracaj\u0105c jeszcze na moment do wczorajszej \u015blizgawicy na drogach powiatu ostrowskiego i regionu, nie mo\u017cna omin\u0105\u0107 dw\u00f3ch zdarze\u0144 drogowych z udzia\u0142em ulubionej marki naszych niekt\u00f3rych czytelnik\u00f3w.<\/strong><\/p>\n<p>Wczesnym rankiem kierowca seata nie wiedzia\u0142 jeszcze, \u017ce jest bardzo \u015blisko na drodze. Na przej\u015bciu dla pieszych na ulicy Reymonta w Ostrowie Wlkp. pojawi\u0142 si\u0119 pieszy. Spowodowa\u0142o to, \u017ce kierowca seata straci\u0142 panowanie nad autem i uderzy\u0142 w BMW. Kierowcy czekali p\u00f3\u0142torej godziny na patrol drog\u00f3wki, poniewa\u017c patrol prewencji, kt\u00f3ry zabezpiecza\u0142 miejsce zdarzenia, nie czu\u0142 si\u0119 na si\u0142ach by wypisa\u0107 papiery do tej prostej kolizji.<\/p>\n<p><img loading=\"lazy\" decoding=\"async\" src=\"https:\/\/ostrowskatv.pl\/wp-content\/uploads\/2023\/01\/20230117_072246-01-300x188.jpeg\" alt=\"\" width=\"300\" height=\"188\" class=\"alignnone size-medium wp-image-23003\" srcset=\"https:\/\/ostrowskatv.pl\/wp-content\/uploads\/2023\/01\/20230117_072246-01-300x188.jpeg 300w, https:\/\/ostrowskatv.pl\/wp-content\/uploads\/2023\/01\/20230117_072246-01-574x360.jpeg 574w, https:\/\/ostrowskatv.pl\/wp-content\/uploads\/2023\/01\/20230117_072246-01.jpeg 1366w\" sizes=\"auto, (max-width: 300px) 100vw, 300px\" \/><\/p>\n<p><img loading=\"lazy\" decoding=\"async\" src=\"https:\/\/ostrowskatv.pl\/wp-content\/uploads\/2023\/01\/20230117_072252-02-300x211.jpeg\" alt=\"\" width=\"300\" height=\"211\" class=\"alignnone size-medium wp-image-23004\" srcset=\"https:\/\/ostrowskatv.pl\/wp-content\/uploads\/2023\/01\/20230117_072252-02-300x211.jpeg 300w, https:\/\/ostrowskatv.pl\/wp-content\/uploads\/2023\/01\/20230117_072252-02-512x360.jpeg 512w, https:\/\/ostrowskatv.pl\/wp-content\/uploads\/2023\/01\/20230117_072252-02-120x85.jpeg 120w, https:\/\/ostrowskatv.pl\/wp-content\/uploads\/2023\/01\/20230117_072252-02.jpeg 1366w\" sizes=\"auto, (max-width: 300px) 100vw, 300px\" \/><\/p>\n<p><img loading=\"lazy\" decoding=\"async\" src=\"https:\/\/ostrowskatv.pl\/wp-content\/uploads\/2023\/01\/20230117_072212-02-300x133.jpeg\" alt=\"\" width=\"300\" height=\"133\" class=\"alignnone size-medium wp-image-23005\" srcset=\"https:\/\/ostrowskatv.pl\/wp-content\/uploads\/2023\/01\/20230117_072212-02-300x133.jpeg 300w, https:\/\/ostrowskatv.pl\/wp-content\/uploads\/2023\/01\/20230117_072212-02-640x283.jpeg 640w, https:\/\/ostrowskatv.pl\/wp-content\/uploads\/2023\/01\/20230117_072212-02.jpeg 1366w\" sizes=\"auto, (max-width: 300px) 100vw, 300px\" \/><\/p>\n<p><img loading=\"lazy\" decoding=\"async\" src=\"https:\/\/ostrowskatv.pl\/wp-content\/uploads\/2023\/01\/20230117_072203-01-300x194.jpeg\" alt=\"\" width=\"300\" height=\"194\" class=\"alignnone size-medium wp-image-23006\" srcset=\"https:\/\/ostrowskatv.pl\/wp-content\/uploads\/2023\/01\/20230117_072203-01-300x194.jpeg 300w, https:\/\/ostrowskatv.pl\/wp-content\/uploads\/2023\/01\/20230117_072203-01-557x360.jpeg 557w, https:\/\/ostrowskatv.pl\/wp-content\/uploads\/2023\/01\/20230117_072203-01.jpeg 1366w\" sizes=\"auto, (max-width: 300px) 100vw, 300px\" \/><\/p>\n<p>Na drodze krajowej nr 36 pomi\u0119dzy Ostrowem Wlkp. a Krotoszynem zderzy\u0142o si\u0119 BMW oraz volkswagen. Wezwano stra\u017cak\u00f3w do posprz\u0105tania pozosta\u0142o\u015bci po kolizji.<\/p>\n<p><img loading=\"lazy\" decoding=\"async\" src=\"https:\/\/ostrowskatv.pl\/wp-content\/uploads\/2023\/01\/Daniszyn1-300x188.jpeg\" alt=\"\" width=\"300\" height=\"188\" class=\"alignnone size-medium wp-image-23007\" srcset=\"https:\/\/ostrowskatv.pl\/wp-content\/uploads\/2023\/01\/Daniszyn1-300x188.jpeg 300w, https:\/\/ostrowskatv.pl\/wp-content\/uploads\/2023\/01\/Daniszyn1-574x360.jpeg 574w, https:\/\/ostrowskatv.pl\/wp-content\/uploads\/2023\/01\/Daniszyn1.jpeg 1080w\" sizes=\"auto, (max-width: 300px) 100vw, 300px\" \/><\/p>\n<p><img loading=\"lazy\" decoding=\"async\" src=\"https:\/\/ostrowskatv.pl\/wp-content\/uploads\/2023\/01\/Daniszyn2-300x232.jpeg\" alt=\"\" width=\"300\" height=\"232\" class=\"alignnone size-medium wp-image-23008\" srcset=\"https:\/\/ostrowskatv.pl\/wp-content\/uploads\/2023\/01\/Daniszyn2-300x232.jpeg 300w, https:\/\/ostrowskatv.pl\/wp-content\/uploads\/2023\/01\/Daniszyn2-466x360.jpeg 466w, https:\/\/ostrowskatv.pl\/wp-content\/uploads\/2023\/01\/Daniszyn2.jpeg 678w\" sizes=\"auto, (max-width: 300px) 100vw, 300px\" \/><\/p>\n<p><img loading=\"lazy\" decoding=\"async\" src=\"https:\/\/ostrowskatv.pl\/wp-content\/uploads\/2023\/01\/Daniszyn3-300x176.jpeg\" alt=\"\" width=\"300\" height=\"176\" class=\"alignnone size-medium wp-image-23009\" srcset=\"https:\/\/ostrowskatv.pl\/wp-content\/uploads\/2023\/01\/Daniszyn3-300x176.jpeg 300w, https:\/\/ostrowskatv.pl\/wp-content\/uploads\/2023\/01\/Daniszyn3-613x360.jpeg 613w, https:\/\/ostrowskatv.pl\/wp-content\/uploads\/2023\/01\/Daniszyn3-752x440.jpeg 752w, https:\/\/ostrowskatv.pl\/wp-content\/uploads\/2023\/01\/Daniszyn3.jpeg 1366w\" sizes=\"auto, (max-width: 300px) 100vw, 300px\" \/><\/p>\n<p>Dzi\u015b na drogach regionu pomimo opad\u00f3w \u015bniegu by\u0142o du\u017co bardziej bezpiecznie. <\/p>\n","protected":false},"excerpt":{"rendered":"Wracaj\u0105c jeszcze na moment do wczorajszej \u015blizgawicy na drogach powiatu ostrowskiego i regionu, nie mo\u017cna omin\u0105\u0107 dw\u00f3ch zdarze\u0144 drogowych z udzia\u0142em ulubionej marki \n<a class=\"moretag\" href=\"https:\/\/ostrowskatv.pl\/?p=23001\"> [...]<\/a>","protected":false},"author":1,"featured_media":23009,"comment_status":"open","ping_status":"closed","sticky":false,"template":"","format":"standard","meta":{"footnotes":""},"categories":[1],"tags":[2],"class_list":["post-23001","post","type-post","status-publish","format-standard","has-post-thumbnail","hentry","category-news","tag-ostrow-wielkopolski"],"_links":{"self":[{"href":"https:\/\/ostrowskatv.pl\/index.php?rest_route=\/wp\/v2\/posts\/23001","targetHints":{"allow":["GET"]}}],"collection":[{"href":"https:\/\/ostrowskatv.pl\/index.php?rest_route=\/wp\/v2\/posts"}],"about":[{"href":"https:\/\/ostrowskatv.pl\/index.php?rest_route=\/wp\/v2\/types\/post"}],"author":[{"embeddable":true,"href":"https:\/\/ostrowskatv.pl\/index.php?rest_route=\/wp\/v2\/users\/1"}],"replies":[{"embeddable":true,"href":"https:\/\/ostrowskatv.pl\/index.php?rest_route=%2Fwp%2Fv2%2Fcomments&post=23001"}],"version-history":[{"count":0,"href":"https:\/\/ostrowskatv.pl\/index.php?rest_route=\/wp\/v2\/posts\/23001\/revisions"}],"wp:featuredmedia":[{"embeddable":true,"href":"https:\/\/ostrowskatv.pl\/index.php?rest_route=\/wp\/v2\/media\/23009"}],"wp:attachment":[{"href":"https:\/\/ostrowskatv.pl\/index.php?rest_route=%2Fwp%2Fv2%2Fmedia&parent=23001"}],"wp:term":[{"taxonomy":"category","embeddable":true,"href":"https:\/\/ostrowskatv.pl\/index.php?rest_route=%2Fwp%2Fv2%2Fcategories&post=23001"},{"taxonomy":"post_tag","embeddable":true,"href":"https:\/\/ostrowskatv.pl\/index.php?rest_route=%2Fwp%2Fv2%2Ftags&post=23001"}],"curies":[{"name":"wp","href":"https:\/\/api.w.org\/{rel}","templated":true}]}}