{"id":22949,"date":"2023-01-16T19:37:01","date_gmt":"2023-01-16T18:37:01","guid":{"rendered":"https:\/\/ostrowskatv.pl\/?p=22949"},"modified":"2023-01-16T19:37:01","modified_gmt":"2023-01-16T18:37:01","slug":"zderzenia-osobowek-z-busem-i-dostawczym","status":"publish","type":"post","link":"https:\/\/ostrowskatv.pl\/?p=22949","title":{"rendered":"Zderzenia osob\u00f3wek z busem i dostawczym"},"content":{"rendered":"<p><strong>W poniedzia\u0142ek dosz\u0142o do dw\u00f3ch kolizji na drogach prowadz\u0105cych do Ostrowa Wielkopolskiego. Jedna w Szczurach gdzie samoch\u00f3d ci\u0119\u017carowy wjecha\u0142 w osob\u00f3wk\u0119 oraz w Fabianowie gdzie bus zajecha\u0142 drog\u0119 osob\u00f3wce.<\/strong><\/p>\n<p>Oko\u0142o godziny 12 na g\u0142\u00f3wnej drodze w Szczurach kierowca samochodu ci\u0119\u017carowego wjecha\u0142 w ty\u0142 peugeota. W kolizji nikt nie zosta\u0142 ranny.<\/p>\n<p><img loading=\"lazy\" decoding=\"async\" class=\"alignnone size-medium wp-image-22953\" src=\"https:\/\/ostrowskatv.pl\/wp-content\/uploads\/2023\/01\/20230116_122853-01-300x283.jpeg\" alt=\"\" width=\"300\" height=\"283\" srcset=\"https:\/\/ostrowskatv.pl\/wp-content\/uploads\/2023\/01\/20230116_122853-01-300x283.jpeg 300w, https:\/\/ostrowskatv.pl\/wp-content\/uploads\/2023\/01\/20230116_122853-01-382x360.jpeg 382w, https:\/\/ostrowskatv.pl\/wp-content\/uploads\/2023\/01\/20230116_122853-01.jpeg 1366w\" sizes=\"auto, (max-width: 300px) 100vw, 300px\" \/><\/p>\n<p><img loading=\"lazy\" decoding=\"async\" class=\"alignnone size-medium wp-image-22954\" src=\"https:\/\/ostrowskatv.pl\/wp-content\/uploads\/2023\/01\/20230116_123154-01-300x151.jpeg\" alt=\"\" width=\"300\" height=\"151\" srcset=\"https:\/\/ostrowskatv.pl\/wp-content\/uploads\/2023\/01\/20230116_123154-01-300x151.jpeg 300w, https:\/\/ostrowskatv.pl\/wp-content\/uploads\/2023\/01\/20230116_123154-01-640x323.jpeg 640w, https:\/\/ostrowskatv.pl\/wp-content\/uploads\/2023\/01\/20230116_123154-01.jpeg 1366w\" sizes=\"auto, (max-width: 300px) 100vw, 300px\" \/><\/p>\n<p><img loading=\"lazy\" decoding=\"async\" class=\"alignnone size-medium wp-image-22955\" src=\"https:\/\/ostrowskatv.pl\/wp-content\/uploads\/2023\/01\/20230116_122850-01-300x169.jpeg\" alt=\"\" width=\"300\" height=\"169\" srcset=\"https:\/\/ostrowskatv.pl\/wp-content\/uploads\/2023\/01\/20230116_122850-01-300x169.jpeg 300w, https:\/\/ostrowskatv.pl\/wp-content\/uploads\/2023\/01\/20230116_122850-01-640x360.jpeg 640w, https:\/\/ostrowskatv.pl\/wp-content\/uploads\/2023\/01\/20230116_122850-01-388x220.jpeg 388w, https:\/\/ostrowskatv.pl\/wp-content\/uploads\/2023\/01\/20230116_122850-01.jpeg 1366w\" sizes=\"auto, (max-width: 300px) 100vw, 300px\" \/><\/p>\n<p>Dwie godziny p\u00f3\u017aniej w Fabianowie kierowca busa skr\u0119ca\u0142 w lewo na stacj\u0119 paliw. Z niewiadomych przyczyn nie zauwa\u017cy\u0142 jad\u0105cego z przeciwka mercedesa, kt\u00f3rym kierowa\u0142 kaliszanin. W tej kolizji r\u00f3wnie\u017c szcz\u0119\u015bliwie nikt nie ucierpia\u0142<\/p>\n<p><img loading=\"lazy\" decoding=\"async\" class=\"alignnone size-medium wp-image-22950\" src=\"https:\/\/ostrowskatv.pl\/wp-content\/uploads\/2023\/01\/20230116_144222-01-300x168.jpeg\" alt=\"\" width=\"300\" height=\"168\" srcset=\"https:\/\/ostrowskatv.pl\/wp-content\/uploads\/2023\/01\/20230116_144222-01-300x168.jpeg 300w, https:\/\/ostrowskatv.pl\/wp-content\/uploads\/2023\/01\/20230116_144222-01-640x357.jpeg 640w, https:\/\/ostrowskatv.pl\/wp-content\/uploads\/2023\/01\/20230116_144222-01.jpeg 1366w\" sizes=\"auto, (max-width: 300px) 100vw, 300px\" \/><\/p>\n<p><img loading=\"lazy\" decoding=\"async\" class=\"alignnone size-medium wp-image-22951\" src=\"https:\/\/ostrowskatv.pl\/wp-content\/uploads\/2023\/01\/20230116_143923-01-300x233.jpeg\" alt=\"\" width=\"300\" height=\"233\" srcset=\"https:\/\/ostrowskatv.pl\/wp-content\/uploads\/2023\/01\/20230116_143923-01-300x233.jpeg 300w, https:\/\/ostrowskatv.pl\/wp-content\/uploads\/2023\/01\/20230116_143923-01-463x360.jpeg 463w, https:\/\/ostrowskatv.pl\/wp-content\/uploads\/2023\/01\/20230116_143923-01.jpeg 1366w\" sizes=\"auto, (max-width: 300px) 100vw, 300px\" \/><\/p>\n","protected":false},"excerpt":{"rendered":"W poniedzia\u0142ek dosz\u0142o do dw\u00f3ch kolizji na drogach prowadz\u0105cych do Ostrowa Wielkopolskiego. Jedna w Szczurach gdzie samoch\u00f3d ci\u0119\u017carowy wjecha\u0142 w osob\u00f3wk\u0119 oraz w \n<a class=\"moretag\" href=\"https:\/\/ostrowskatv.pl\/?p=22949\"> [...]<\/a>","protected":false},"author":1,"featured_media":22950,"comment_status":"open","ping_status":"closed","sticky":false,"template":"","format":"standard","meta":{"footnotes":""},"categories":[1],"tags":[106],"class_list":["post-22949","post","type-post","status-publish","format-standard","has-post-thumbnail","hentry","category-news","tag-fabianow"],"_links":{"self":[{"href":"https:\/\/ostrowskatv.pl\/index.php?rest_route=\/wp\/v2\/posts\/22949","targetHints":{"allow":["GET"]}}],"collection":[{"href":"https:\/\/ostrowskatv.pl\/index.php?rest_route=\/wp\/v2\/posts"}],"about":[{"href":"https:\/\/ostrowskatv.pl\/index.php?rest_route=\/wp\/v2\/types\/post"}],"author":[{"embeddable":true,"href":"https:\/\/ostrowskatv.pl\/index.php?rest_route=\/wp\/v2\/users\/1"}],"replies":[{"embeddable":true,"href":"https:\/\/ostrowskatv.pl\/index.php?rest_route=%2Fwp%2Fv2%2Fcomments&post=22949"}],"version-history":[{"count":0,"href":"https:\/\/ostrowskatv.pl\/index.php?rest_route=\/wp\/v2\/posts\/22949\/revisions"}],"wp:featuredmedia":[{"embeddable":true,"href":"https:\/\/ostrowskatv.pl\/index.php?rest_route=\/wp\/v2\/media\/22950"}],"wp:attachment":[{"href":"https:\/\/ostrowskatv.pl\/index.php?rest_route=%2Fwp%2Fv2%2Fmedia&parent=22949"}],"wp:term":[{"taxonomy":"category","embeddable":true,"href":"https:\/\/ostrowskatv.pl\/index.php?rest_route=%2Fwp%2Fv2%2Fcategories&post=22949"},{"taxonomy":"post_tag","embeddable":true,"href":"https:\/\/ostrowskatv.pl\/index.php?rest_route=%2Fwp%2Fv2%2Ftags&post=22949"}],"curies":[{"name":"wp","href":"https:\/\/api.w.org\/{rel}","templated":true}]}}