{"id":22939,"date":"2023-01-14T13:31:36","date_gmt":"2023-01-14T12:31:36","guid":{"rendered":"https:\/\/ostrowskatv.pl\/?p=22939"},"modified":"2023-01-14T13:32:14","modified_gmt":"2023-01-14T12:32:14","slug":"intrygujace-zbiegi-okolicznosci-po-zdarzeniu-drogowym","status":"publish","type":"post","link":"https:\/\/ostrowskatv.pl\/?p=22939","title":{"rendered":"Intryguj\u0105ce zdarzenie drogowe"},"content":{"rendered":"<p><strong>W sobot\u0119 o godzinie 11.40 za\u0142\u0105czy\u0142 si\u0119 system ecall w samochodzie Volvo. Do Ko\u015bciuszkowa wys\u0142ano policj\u0119, karetk\u0119, oraz stra\u017cak\u00f3w z Ostrowa Wielkopolskiego i Skalmierzyc. <\/strong><\/p>\n<p><img loading=\"lazy\" decoding=\"async\" src=\"https:\/\/ostrowskatv.pl\/wp-content\/uploads\/2023\/01\/20230114_114852-01-300x169.jpeg\" alt=\"\" width=\"300\" height=\"169\" class=\"alignnone size-medium wp-image-22940\" srcset=\"https:\/\/ostrowskatv.pl\/wp-content\/uploads\/2023\/01\/20230114_114852-01-300x169.jpeg 300w, https:\/\/ostrowskatv.pl\/wp-content\/uploads\/2023\/01\/20230114_114852-01-640x360.jpeg 640w, https:\/\/ostrowskatv.pl\/wp-content\/uploads\/2023\/01\/20230114_114852-01-388x220.jpeg 388w, https:\/\/ostrowskatv.pl\/wp-content\/uploads\/2023\/01\/20230114_114852-01.jpeg 1366w\" sizes=\"auto, (max-width: 300px) 100vw, 300px\" \/><\/p>\n<p>Dojazd na miejsce, ajal s\u0142u\u017cbom nieca\u0142e 10 minut. Ku zaskoczeniu policjant\u00f3w samoch\u00f3d by\u0142 ju\u017c za\u0142adowany na lawet\u0119. Kierowca volvo, kt\u00f3ry by\u0142 ubrany w ten sam polar firmowy co kierowca lawety, przekonywa\u0142, \u017ce nie wiedzia\u0142 jak dzia\u0142a ecall i bezpo\u015brednio po zdarzeniu m\u00f3wi\u0142 kobiecie z centrali, \u017ce \u017cadna pomoc nie jest potrzebna. Pomimo to wszystkie s\u0142u\u017cby dojecha\u0142y na miejsce. <\/p>\n<p><img loading=\"lazy\" decoding=\"async\" src=\"https:\/\/ostrowskatv.pl\/wp-content\/uploads\/2023\/01\/20230114_114923-01-300x147.jpeg\" alt=\"\" width=\"300\" height=\"147\" class=\"alignnone size-medium wp-image-22941\" srcset=\"https:\/\/ostrowskatv.pl\/wp-content\/uploads\/2023\/01\/20230114_114923-01-300x147.jpeg 300w, https:\/\/ostrowskatv.pl\/wp-content\/uploads\/2023\/01\/20230114_114923-01-640x314.jpeg 640w, https:\/\/ostrowskatv.pl\/wp-content\/uploads\/2023\/01\/20230114_114923-01.jpeg 1366w\" sizes=\"auto, (max-width: 300px) 100vw, 300px\" \/><\/p>\n<p>Chwil\u0119 wcze\u015bniej volvo wjecha\u0142o do rowu na \u0142uku drogi. Po nieca\u0142ych 10 minutach uszkodzony pojazd by\u0142 ju\u017c gotowy do odjechania na lawecie.<\/p>\n<p><img loading=\"lazy\" decoding=\"async\" src=\"https:\/\/ostrowskatv.pl\/wp-content\/uploads\/2023\/01\/20230114_114953-01-300x176.jpeg\" alt=\"\" width=\"300\" height=\"176\" class=\"alignnone size-medium wp-image-22942\" srcset=\"https:\/\/ostrowskatv.pl\/wp-content\/uploads\/2023\/01\/20230114_114953-01-300x176.jpeg 300w, https:\/\/ostrowskatv.pl\/wp-content\/uploads\/2023\/01\/20230114_114953-01-614x360.jpeg 614w, https:\/\/ostrowskatv.pl\/wp-content\/uploads\/2023\/01\/20230114_114953-01-752x440.jpeg 752w, https:\/\/ostrowskatv.pl\/wp-content\/uploads\/2023\/01\/20230114_114953-01.jpeg 1366w\" sizes=\"auto, (max-width: 300px) 100vw, 300px\" \/><\/p>\n<p>Kierowca volvo na ten moment zosta\u0142 ukarany mandatem karnym za spowodowanie kolizji.<\/p>\n<p><img loading=\"lazy\" decoding=\"async\" src=\"https:\/\/ostrowskatv.pl\/wp-content\/uploads\/2023\/01\/20230114_115000-01-300x169.jpeg\" alt=\"\" width=\"300\" height=\"169\" class=\"alignnone size-medium wp-image-22943\" srcset=\"https:\/\/ostrowskatv.pl\/wp-content\/uploads\/2023\/01\/20230114_115000-01-300x169.jpeg 300w, https:\/\/ostrowskatv.pl\/wp-content\/uploads\/2023\/01\/20230114_115000-01-640x360.jpeg 640w, https:\/\/ostrowskatv.pl\/wp-content\/uploads\/2023\/01\/20230114_115000-01-388x220.jpeg 388w, https:\/\/ostrowskatv.pl\/wp-content\/uploads\/2023\/01\/20230114_115000-01.jpeg 1366w\" sizes=\"auto, (max-width: 300px) 100vw, 300px\" \/><\/p>\n","protected":false},"excerpt":{"rendered":"W sobot\u0119 o godzinie 11.40 za\u0142\u0105czy\u0142 si\u0119 system ecall w samochodzie Volvo. Do Ko\u015bciuszkowa wys\u0142ano policj\u0119, karetk\u0119, oraz stra\u017cak\u00f3w z Ostrowa Wielkopolskiego i \n<a class=\"moretag\" href=\"https:\/\/ostrowskatv.pl\/?p=22939\"> [...]<\/a>","protected":false},"author":1,"featured_media":22944,"comment_status":"open","ping_status":"closed","sticky":false,"template":"","format":"standard","meta":{"footnotes":""},"categories":[1],"tags":[48],"class_list":["post-22939","post","type-post","status-publish","format-standard","has-post-thumbnail","hentry","category-news","tag-kolizja"],"_links":{"self":[{"href":"https:\/\/ostrowskatv.pl\/index.php?rest_route=\/wp\/v2\/posts\/22939","targetHints":{"allow":["GET"]}}],"collection":[{"href":"https:\/\/ostrowskatv.pl\/index.php?rest_route=\/wp\/v2\/posts"}],"about":[{"href":"https:\/\/ostrowskatv.pl\/index.php?rest_route=\/wp\/v2\/types\/post"}],"author":[{"embeddable":true,"href":"https:\/\/ostrowskatv.pl\/index.php?rest_route=\/wp\/v2\/users\/1"}],"replies":[{"embeddable":true,"href":"https:\/\/ostrowskatv.pl\/index.php?rest_route=%2Fwp%2Fv2%2Fcomments&post=22939"}],"version-history":[{"count":0,"href":"https:\/\/ostrowskatv.pl\/index.php?rest_route=\/wp\/v2\/posts\/22939\/revisions"}],"wp:featuredmedia":[{"embeddable":true,"href":"https:\/\/ostrowskatv.pl\/index.php?rest_route=\/wp\/v2\/media\/22944"}],"wp:attachment":[{"href":"https:\/\/ostrowskatv.pl\/index.php?rest_route=%2Fwp%2Fv2%2Fmedia&parent=22939"}],"wp:term":[{"taxonomy":"category","embeddable":true,"href":"https:\/\/ostrowskatv.pl\/index.php?rest_route=%2Fwp%2Fv2%2Fcategories&post=22939"},{"taxonomy":"post_tag","embeddable":true,"href":"https:\/\/ostrowskatv.pl\/index.php?rest_route=%2Fwp%2Fv2%2Ftags&post=22939"}],"curies":[{"name":"wp","href":"https:\/\/api.w.org\/{rel}","templated":true}]}}