{"id":2292,"date":"2016-10-13T02:34:07","date_gmt":"2016-10-13T01:34:07","guid":{"rendered":"http:\/\/ostrowska.tv\/?p=2292"},"modified":"2016-10-13T12:45:15","modified_gmt":"2016-10-13T11:45:15","slug":"mezczyzna-splonal-w-domu","status":"publish","type":"post","link":"https:\/\/ostrowskatv.pl\/?p=2292","title":{"rendered":"M\u0119\u017cczyzna sp\u0142on\u0105\u0142 w domu"},"content":{"rendered":"<p><strong>W czwartek kilka minut po godzinie 1:00 w nocy zg\u0142oszono po\u017car budynku mieszkalnego. Ze zg\u0142oszenia wynika\u0142o, \u017ce w \u015brodku mo\u017ce znajdowa\u0107 si\u0119 osoba. Do Fabianowa na ul. Poln\u0105 zadysponowano stra\u017c po\u017carn\u0105 z Ostrowa Wielkopolskiego oraz okoliczne jednostki Ochotniczych Stra\u017cy Po\u017carnych. W sumie na miejsce dojecha\u0142o 7 woz\u00f3w ga\u015bniczych oraz dodatkowo samoch\u00f3d osobowy z oficerem operacyjnym.<\/strong><\/p>\n<p>Po przybyciu stra\u017cak\u00f3w na miejsce, ca\u0142y dom dwukondygnacyjny by\u0142 obj\u0119ty p\u0142omieniami. Stra\u017cacy przyst\u0105pili do akcji ratowniczo-ga\u015bniczej. Z uwagi na du\u017c\u0105 temperatur\u0119, nie byli w stanie wej\u015b\u0107 wcze\u015bniej do \u015brodka, ni\u017c po opanowaniu ognia. W \u015brodku znaleziono zw\u0142oki 52-letniego m\u0119\u017cczyzny samotnie zamieszkuj\u0105cego ten dom.<\/p>\n<p>Lekarz przyby\u0142y na miejsce stwierdzi\u0142 zgon. Nieoficjalnie uda\u0142o si\u0119 dowiedzie\u0107, \u017ce cia\u0142o m\u0119\u017cczyzny znajdowa\u0142o si\u0119 na pod\u0142odze, niedaleko okna. Mo\u017ce to sugerowa\u0107, \u017ce zmar\u0142y m\u0119\u017cczyzna pr\u00f3bowa\u0142 si\u0119 jeszcze ratowa\u0107, ale nie zdo\u0142a\u0142 doj\u015b\u0107 do okna.<\/p>\n<p>Stra\u017cacy gasili po\u017car zar\u00f3wno z ziemi za pomoc\u0105 czterech pr\u0105d\u00f3w natarcia oraz z podno\u015bnika. Budynek sp\u0142on\u0105\u0142 ca\u0142kowicie.<\/p>\n<div id='gallery-1' class='gallery galleryid-2292 gallery-columns-3 gallery-size-thumbnail'><figure class='gallery-item'>\n\t\t\t<div class='gallery-icon landscape'>\n\t\t\t\t<a href='https:\/\/ostrowskatv.pl\/?attachment_id=2293'><img loading=\"lazy\" decoding=\"async\" width=\"150\" height=\"150\" src=\"https:\/\/ostrowskatv.pl\/wp-content\/uploads\/2016\/10\/pozar-fabianow-01-150x150.jpg\" class=\"attachment-thumbnail size-thumbnail\" alt=\"\" \/><\/a>\n\t\t\t<\/div><\/figure><figure class='gallery-item'>\n\t\t\t<div class='gallery-icon landscape'>\n\t\t\t\t<a href='https:\/\/ostrowskatv.pl\/?attachment_id=2294'><img loading=\"lazy\" decoding=\"async\" width=\"150\" height=\"150\" src=\"https:\/\/ostrowskatv.pl\/wp-content\/uploads\/2016\/10\/pozar-fabianow-02-150x150.jpg\" class=\"attachment-thumbnail size-thumbnail\" alt=\"\" \/><\/a>\n\t\t\t<\/div><\/figure><figure class='gallery-item'>\n\t\t\t<div class='gallery-icon landscape'>\n\t\t\t\t<a href='https:\/\/ostrowskatv.pl\/?attachment_id=2295'><img loading=\"lazy\" decoding=\"async\" width=\"150\" height=\"150\" src=\"https:\/\/ostrowskatv.pl\/wp-content\/uploads\/2016\/10\/pozar-fabianow-03-150x150.jpg\" class=\"attachment-thumbnail size-thumbnail\" alt=\"\" \/><\/a>\n\t\t\t<\/div><\/figure><figure class='gallery-item'>\n\t\t\t<div class='gallery-icon landscape'>\n\t\t\t\t<a href='https:\/\/ostrowskatv.pl\/?attachment_id=2296'><img loading=\"lazy\" decoding=\"async\" width=\"150\" height=\"150\" src=\"https:\/\/ostrowskatv.pl\/wp-content\/uploads\/2016\/10\/pozar-fabianow-04-150x150.jpg\" class=\"attachment-thumbnail size-thumbnail\" alt=\"\" \/><\/a>\n\t\t\t<\/div><\/figure><figure class='gallery-item'>\n\t\t\t<div class='gallery-icon landscape'>\n\t\t\t\t<a href='https:\/\/ostrowskatv.pl\/?attachment_id=2297'><img loading=\"lazy\" decoding=\"async\" width=\"150\" height=\"150\" src=\"https:\/\/ostrowskatv.pl\/wp-content\/uploads\/2016\/10\/pozar-fabianow-06-150x150.jpg\" class=\"attachment-thumbnail size-thumbnail\" alt=\"\" \/><\/a>\n\t\t\t<\/div><\/figure><figure class='gallery-item'>\n\t\t\t<div class='gallery-icon landscape'>\n\t\t\t\t<a href='https:\/\/ostrowskatv.pl\/?attachment_id=2298'><img loading=\"lazy\" decoding=\"async\" width=\"150\" height=\"150\" src=\"https:\/\/ostrowskatv.pl\/wp-content\/uploads\/2016\/10\/pozar-fabianow-07-150x150.jpg\" class=\"attachment-thumbnail size-thumbnail\" alt=\"\" \/><\/a>\n\t\t\t<\/div><\/figure>\n\t\t<\/div>\n\n<p><iframe loading=\"lazy\" src=\"https:\/\/www.google.com\/maps\/embed?pb=!1m21!1m12!1m3!1d791.191129283934!2d17.912943235889568!3d51.68199907098561!2m3!1f0!2f0!3f0!3m2!1i1024!2i768!4f13.1!4m6!3e6!4m3!3m2!1d51.681968!2d17.913733999999998!4m0!5e1!3m2!1spl!2spl!4v1476322594109\" width=\"600\" height=\"450\" frameborder=\"0\" style=\"border:0\" allowfullscreen><\/iframe><\/p>\n","protected":false},"excerpt":{"rendered":"W czwartek kilka minut po godzinie 1:00 w nocy zg\u0142oszono po\u017car budynku mieszkalnego. Ze zg\u0142oszenia wynika\u0142o, \u017ce w \u015brodku mo\u017ce znajdowa\u0107 si\u0119 osoba. \n<a class=\"moretag\" href=\"https:\/\/ostrowskatv.pl\/?p=2292\"> [...]<\/a>","protected":false},"author":1,"featured_media":2298,"comment_status":"open","ping_status":"open","sticky":false,"template":"","format":"standard","meta":{"footnotes":""},"categories":[1],"tags":[106],"class_list":["post-2292","post","type-post","status-publish","format-standard","has-post-thumbnail","hentry","category-news","tag-fabianow"],"_links":{"self":[{"href":"https:\/\/ostrowskatv.pl\/index.php?rest_route=\/wp\/v2\/posts\/2292","targetHints":{"allow":["GET"]}}],"collection":[{"href":"https:\/\/ostrowskatv.pl\/index.php?rest_route=\/wp\/v2\/posts"}],"about":[{"href":"https:\/\/ostrowskatv.pl\/index.php?rest_route=\/wp\/v2\/types\/post"}],"author":[{"embeddable":true,"href":"https:\/\/ostrowskatv.pl\/index.php?rest_route=\/wp\/v2\/users\/1"}],"replies":[{"embeddable":true,"href":"https:\/\/ostrowskatv.pl\/index.php?rest_route=%2Fwp%2Fv2%2Fcomments&post=2292"}],"version-history":[{"count":0,"href":"https:\/\/ostrowskatv.pl\/index.php?rest_route=\/wp\/v2\/posts\/2292\/revisions"}],"wp:featuredmedia":[{"embeddable":true,"href":"https:\/\/ostrowskatv.pl\/index.php?rest_route=\/wp\/v2\/media\/2298"}],"wp:attachment":[{"href":"https:\/\/ostrowskatv.pl\/index.php?rest_route=%2Fwp%2Fv2%2Fmedia&parent=2292"}],"wp:term":[{"taxonomy":"category","embeddable":true,"href":"https:\/\/ostrowskatv.pl\/index.php?rest_route=%2Fwp%2Fv2%2Fcategories&post=2292"},{"taxonomy":"post_tag","embeddable":true,"href":"https:\/\/ostrowskatv.pl\/index.php?rest_route=%2Fwp%2Fv2%2Ftags&post=2292"}],"curies":[{"name":"wp","href":"https:\/\/api.w.org\/{rel}","templated":true}]}}