{"id":22919,"date":"2023-01-12T15:31:02","date_gmt":"2023-01-12T14:31:02","guid":{"rendered":"https:\/\/ostrowskatv.pl\/?p=22919"},"modified":"2023-01-12T15:31:02","modified_gmt":"2023-01-12T14:31:02","slug":"5-osob-w-rozbitym-bmw-byli-pijani","status":"publish","type":"post","link":"https:\/\/ostrowskatv.pl\/?p=22919","title":{"rendered":"5 os\u00f3b w rozbitym BMW. Byli pijani"},"content":{"rendered":"<p><strong>Alkohol, m\u0142ody wiek, auto  z nap\u0119dem na tyln\u0105 o\u015b i rozbawione towarzystwo na pok\u0142adzie. Cz\u0119sto po\u0142\u0105czenie tych czynnik\u00f3w prowadzi do niebezpiecznych sytuacji na drodze. <\/strong><\/p>\n<p>Minionej nocy o godzinie 2.00 w  miejscowo\u015bci Wolenice na drodze krajowej DK15 (powiat krotoszy\u0144ski) dosz\u0142o do zdarzenia drogowego. <\/p>\n<p>Kierowca pojazdu m-ki BMW serii 3 straci\u0142 panowanie nad pojazdem i wjecha\u0142 do przydro\u017cnego rowu. Samoch\u00f3d, na co wskazuj\u0105 uszkodzenia, najpewniej dachowa\u0142. <\/p>\n<p>W kabinie znajdowa\u0142y si\u0119 butelki po wypitym alkoholu.  Kiedy na miejsce przyjecha\u0142y s\u0142u\u017cby ratownicze i patrol policji nie zastano kieruj\u0105cego oraz \u017cadnych innych uczestnik\u00f3w. <\/p>\n<p>Skierowano patrol krotoszy\u0144skich policjant\u00f3w celem sprawdzenia DK15 od strony Krotoszyna w kierunku Wolenic czy nie przemieszczaj\u0105 si\u0119 uczestnicy tego zdarzenia oraz czy nie dosz\u0142o r\u00f3wnie\u017c do innego zdarzenia gdy\u017c z informacji zg\u0142oszonej na numer alarmowy wynika\u0142o, \u017ce w rowie le\u017cy bia\u0142y i czarny samoch\u00f3d. <\/p>\n<p>Patrol policjant\u00f3w z komisariatu w Ko\u017aminie Wielkopolskim w trakcie penetracji terenu na drodze gruntowej z Wolenic do Ustkowa napotka\u0142 5 os\u00f3b kt\u00f3re potwierdzi\u0142y, \u017ce podr\u00f3\u017cowa\u0142y tym pojazdem, kt\u00f3ry wypad\u0142 z drogi. <\/p>\n<p>Osoby by\u0142y nietrze\u017awe oraz posiada\u0142y niegro\u017ane obra\u017cenia cia\u0142a. Na miejsce skierowano drugi patrol KPP Krotoszyn celem przetransportowania uczestnik\u00f3w zdarzenia do komendy w Krotoszynie. <\/p>\n<p>Rozpytano uczestnik\u00f3w zdarzenia i ustalono wst\u0119pnie kieruj\u0105cego, kt\u00f3rego osadzono w policyjnym areszcie. <strong>Jest nim 17-letni mieszkaniec powiatu ostrowskiego, kt\u00f3ry by\u0142 nietrze\u017awy. Wydmucha\u0142 1.7 promila alkoholu.<\/strong> <\/p>\n<p>Post\u0119powanie prowadz\u0105 policjanci z policji w Krotoszynie. O dalszym losie m\u0119\u017cczyzny zdecyduje teraz s\u0105d.<\/p>\n<p><img loading=\"lazy\" decoding=\"async\" src=\"https:\/\/ostrowskatv.pl\/wp-content\/uploads\/2023\/01\/Goleniew01.jpeg\" alt=\"\" width=\"576\" height=\"376\" class=\"alignnone size-full wp-image-22920\" srcset=\"https:\/\/ostrowskatv.pl\/wp-content\/uploads\/2023\/01\/Goleniew01.jpeg 576w, https:\/\/ostrowskatv.pl\/wp-content\/uploads\/2023\/01\/Goleniew01-300x196.jpeg 300w, https:\/\/ostrowskatv.pl\/wp-content\/uploads\/2023\/01\/Goleniew01-551x360.jpeg 551w\" sizes=\"auto, (max-width: 576px) 100vw, 576px\" \/><\/p>\n<p><img loading=\"lazy\" decoding=\"async\" src=\"https:\/\/ostrowskatv.pl\/wp-content\/uploads\/2023\/01\/Goleniew02.jpeg\" alt=\"\" width=\"761\" height=\"633\" class=\"alignnone size-full wp-image-22921\" srcset=\"https:\/\/ostrowskatv.pl\/wp-content\/uploads\/2023\/01\/Goleniew02.jpeg 761w, https:\/\/ostrowskatv.pl\/wp-content\/uploads\/2023\/01\/Goleniew02-300x250.jpeg 300w, https:\/\/ostrowskatv.pl\/wp-content\/uploads\/2023\/01\/Goleniew02-433x360.jpeg 433w\" sizes=\"auto, (max-width: 761px) 100vw, 761px\" \/><\/p>\n<p><img loading=\"lazy\" decoding=\"async\" src=\"https:\/\/ostrowskatv.pl\/wp-content\/uploads\/2023\/01\/Goleniew03.jpeg\" alt=\"\" width=\"789\" height=\"475\" class=\"alignnone size-full wp-image-22922\" srcset=\"https:\/\/ostrowskatv.pl\/wp-content\/uploads\/2023\/01\/Goleniew03.jpeg 789w, https:\/\/ostrowskatv.pl\/wp-content\/uploads\/2023\/01\/Goleniew03-300x181.jpeg 300w, https:\/\/ostrowskatv.pl\/wp-content\/uploads\/2023\/01\/Goleniew03-598x360.jpeg 598w\" sizes=\"auto, (max-width: 789px) 100vw, 789px\" \/><\/p>\n<p><img loading=\"lazy\" decoding=\"async\" src=\"https:\/\/ostrowskatv.pl\/wp-content\/uploads\/2023\/01\/Goleniew04.jpeg\" alt=\"\" width=\"903\" height=\"544\" class=\"alignnone size-full wp-image-22923\" srcset=\"https:\/\/ostrowskatv.pl\/wp-content\/uploads\/2023\/01\/Goleniew04.jpeg 903w, https:\/\/ostrowskatv.pl\/wp-content\/uploads\/2023\/01\/Goleniew04-300x181.jpeg 300w, https:\/\/ostrowskatv.pl\/wp-content\/uploads\/2023\/01\/Goleniew04-598x360.jpeg 598w\" sizes=\"auto, (max-width: 903px) 100vw, 903px\" \/><\/p>\n<p><img loading=\"lazy\" decoding=\"async\" src=\"https:\/\/ostrowskatv.pl\/wp-content\/uploads\/2023\/01\/Goleniew05.jpeg\" alt=\"\" width=\"684\" height=\"360\" class=\"alignnone size-full wp-image-22924\" srcset=\"https:\/\/ostrowskatv.pl\/wp-content\/uploads\/2023\/01\/Goleniew05.jpeg 684w, https:\/\/ostrowskatv.pl\/wp-content\/uploads\/2023\/01\/Goleniew05-300x158.jpeg 300w, https:\/\/ostrowskatv.pl\/wp-content\/uploads\/2023\/01\/Goleniew05-640x337.jpeg 640w\" sizes=\"auto, (max-width: 684px) 100vw, 684px\" \/><\/p>\n<p><img loading=\"lazy\" decoding=\"async\" src=\"https:\/\/ostrowskatv.pl\/wp-content\/uploads\/2023\/01\/Goleniew06.jpeg\" alt=\"\" width=\"774\" height=\"499\" class=\"alignnone size-full wp-image-22925\" srcset=\"https:\/\/ostrowskatv.pl\/wp-content\/uploads\/2023\/01\/Goleniew06.jpeg 774w, https:\/\/ostrowskatv.pl\/wp-content\/uploads\/2023\/01\/Goleniew06-300x193.jpeg 300w, https:\/\/ostrowskatv.pl\/wp-content\/uploads\/2023\/01\/Goleniew06-558x360.jpeg 558w\" sizes=\"auto, (max-width: 774px) 100vw, 774px\" \/><\/p>\n","protected":false},"excerpt":{"rendered":"Alkohol, m\u0142ody wiek, auto z nap\u0119dem na tyln\u0105 o\u015b i rozbawione towarzystwo na pok\u0142adzie. Cz\u0119sto po\u0142\u0105czenie tych czynnik\u00f3w prowadzi do niebezpiecznych sytuacji na \n<a class=\"moretag\" href=\"https:\/\/ostrowskatv.pl\/?p=22919\"> [...]<\/a>","protected":false},"author":1,"featured_media":22922,"comment_status":"open","ping_status":"closed","sticky":false,"template":"","format":"standard","meta":{"footnotes":""},"categories":[1],"tags":[11],"class_list":["post-22919","post","type-post","status-publish","format-standard","has-post-thumbnail","hentry","category-news","tag-wypadek"],"_links":{"self":[{"href":"https:\/\/ostrowskatv.pl\/index.php?rest_route=\/wp\/v2\/posts\/22919","targetHints":{"allow":["GET"]}}],"collection":[{"href":"https:\/\/ostrowskatv.pl\/index.php?rest_route=\/wp\/v2\/posts"}],"about":[{"href":"https:\/\/ostrowskatv.pl\/index.php?rest_route=\/wp\/v2\/types\/post"}],"author":[{"embeddable":true,"href":"https:\/\/ostrowskatv.pl\/index.php?rest_route=\/wp\/v2\/users\/1"}],"replies":[{"embeddable":true,"href":"https:\/\/ostrowskatv.pl\/index.php?rest_route=%2Fwp%2Fv2%2Fcomments&post=22919"}],"version-history":[{"count":0,"href":"https:\/\/ostrowskatv.pl\/index.php?rest_route=\/wp\/v2\/posts\/22919\/revisions"}],"wp:featuredmedia":[{"embeddable":true,"href":"https:\/\/ostrowskatv.pl\/index.php?rest_route=\/wp\/v2\/media\/22922"}],"wp:attachment":[{"href":"https:\/\/ostrowskatv.pl\/index.php?rest_route=%2Fwp%2Fv2%2Fmedia&parent=22919"}],"wp:term":[{"taxonomy":"category","embeddable":true,"href":"https:\/\/ostrowskatv.pl\/index.php?rest_route=%2Fwp%2Fv2%2Fcategories&post=22919"},{"taxonomy":"post_tag","embeddable":true,"href":"https:\/\/ostrowskatv.pl\/index.php?rest_route=%2Fwp%2Fv2%2Ftags&post=22919"}],"curies":[{"name":"wp","href":"https:\/\/api.w.org\/{rel}","templated":true}]}}