{"id":22899,"date":"2023-01-09T15:56:31","date_gmt":"2023-01-09T14:56:31","guid":{"rendered":"https:\/\/ostrowskatv.pl\/?p=22899"},"modified":"2023-01-09T15:56:31","modified_gmt":"2023-01-09T14:56:31","slug":"zafundowali-polakom-prace-az-do-smierci","status":"publish","type":"post","link":"https:\/\/ostrowskatv.pl\/?p=22899","title":{"rendered":"&#8222;Zafundowali Polakom prac\u0119 a\u017c do \u015bmierci&#8221;"},"content":{"rendered":"<p><strong>Dzia\u0142acze Prawa i Sprawiedliwo\u015bci spotkali si\u0119 z dziennikarzami, \u017ceby poinformowa\u0107 o szczeg\u00f3lnej rocznicy. Ot\u00f3\u017c 10 lat temu rz\u0105d PO &#8211; PSL &#8222;zafundowa\u0142 Polakom prac\u0119 a\u017c do \u015bmierci&#8221;.<\/strong><\/p>\n<p><img loading=\"lazy\" decoding=\"async\" src=\"https:\/\/ostrowskatv.pl\/wp-content\/uploads\/2023\/01\/20230109_110531-01.jpeg\" alt=\"\" width=\"1366\" height=\"769\" class=\"alignnone size-full wp-image-22905\" srcset=\"https:\/\/ostrowskatv.pl\/wp-content\/uploads\/2023\/01\/20230109_110531-01.jpeg 1366w, https:\/\/ostrowskatv.pl\/wp-content\/uploads\/2023\/01\/20230109_110531-01-300x169.jpeg 300w, https:\/\/ostrowskatv.pl\/wp-content\/uploads\/2023\/01\/20230109_110531-01-640x360.jpeg 640w\" sizes=\"auto, (max-width: 1366px) 100vw, 1366px\" \/><\/p>\n<blockquote><p>10 lat temu pan Kosiniak-Kamysz, rz\u0105dz\u0105ca Platforma Obywatelska i PSL zafundowali Polakom, a przede wszystkim Polkom prac\u0119 a\u017c do \u015bmierci. \u017beby nie by\u0142o czasu na opiekowanie si\u0119 swoimi wnukami, tylko w bezprecedensowy spos\u00f3b k\u0142ami\u0105c spo\u0142ecze\u0144stwo obywateli, \u017ce w momencie kiedy szli do wybor\u00f3w obiecywali, \u017ce nie b\u0119d\u0105 zwi\u0119ksza\u0107 wieku emerytalnego. Kiedy je wygrali sytuacja diametralnie si\u0119 zmieni\u0142a. &#8211; m\u00f3wi Marlena Mal\u0105g, minister Rodziny i Polityki Spo\u0142ecznej w rz\u0105dzie PiS.<\/p><\/blockquote>\n<p><img loading=\"lazy\" decoding=\"async\" src=\"https:\/\/ostrowskatv.pl\/wp-content\/uploads\/2023\/01\/20230109_111425-01.jpeg\" alt=\"\" width=\"1366\" height=\"769\" class=\"alignnone size-full wp-image-22904\" srcset=\"https:\/\/ostrowskatv.pl\/wp-content\/uploads\/2023\/01\/20230109_111425-01.jpeg 1366w, https:\/\/ostrowskatv.pl\/wp-content\/uploads\/2023\/01\/20230109_111425-01-300x169.jpeg 300w, https:\/\/ostrowskatv.pl\/wp-content\/uploads\/2023\/01\/20230109_111425-01-640x360.jpeg 640w\" sizes=\"auto, (max-width: 1366px) 100vw, 1366px\" \/><\/p>\n<blockquote><p>&#8211; Mija 10 lat odk\u0105d za rz\u0105d\u00f3w Platformy Obywatelskiej i PSL podj\u0119to decyzj\u0119 by zwi\u0119kszy\u0107 wiek emerytalny do 67 lat. Dla niekt\u00f3rych kobiet, tych mieszkaj\u0105cych na wsi czas przej\u015bcia na emerytur\u0119 zwi\u0119kszy\u0142 si\u0119 o 12 lat. Tamta sytuacja by\u0142a niedopuszczalna. &#8211; Katarzyna S\u00f3jka, pos\u0142anka PiS.<\/p><\/blockquote>\n<p><img loading=\"lazy\" decoding=\"async\" src=\"https:\/\/ostrowskatv.pl\/wp-content\/uploads\/2023\/01\/20230109_111435-01.jpeg\" alt=\"\" width=\"1366\" height=\"631\" class=\"alignnone size-full wp-image-22903\" srcset=\"https:\/\/ostrowskatv.pl\/wp-content\/uploads\/2023\/01\/20230109_111435-01.jpeg 1366w, https:\/\/ostrowskatv.pl\/wp-content\/uploads\/2023\/01\/20230109_111435-01-300x139.jpeg 300w, https:\/\/ostrowskatv.pl\/wp-content\/uploads\/2023\/01\/20230109_111435-01-640x296.jpeg 640w\" sizes=\"auto, (max-width: 1366px) 100vw, 1366px\" \/><\/p>\n<blockquote><p>W 2022 roku waloryzacja, 13. i 14. emerytura to dodatkowe 44 miliardy dodatkowych \u015brodk\u00f3w dla Polak\u00f3w. W obecnym nie \u0142atwiejszym roku planujemy od 1 marca waloryzacj\u0119 tych \u015bwiadcze\u0144. B\u0119dziemy podnosi\u0107 emerytury co najmniej o 250 z\u0142otych. Powy\u017cej tej kwoty b\u0119dzie waloryzacja procentowa. Na dzi\u015b jest to 14%. Ostateczny % b\u0119dzie znany w lutym. Minimalna emerytura b\u0119dzie wynosi\u0107 1588 z\u0142otych. Por\u00f3wnuj\u0105c do 2015 roku i bior\u0105c pod uwag\u0119 13. i 14. emerytur\u0119 jest to wzrost o 120%. &#8211; doda\u0142a Mal\u0105g.<\/p><\/blockquote>\n<p><img loading=\"lazy\" decoding=\"async\" src=\"https:\/\/ostrowskatv.pl\/wp-content\/uploads\/2023\/01\/20230109_111442-01.jpeg\" alt=\"\" width=\"1366\" height=\"584\" class=\"alignnone size-full wp-image-22902\" srcset=\"https:\/\/ostrowskatv.pl\/wp-content\/uploads\/2023\/01\/20230109_111442-01.jpeg 1366w, https:\/\/ostrowskatv.pl\/wp-content\/uploads\/2023\/01\/20230109_111442-01-300x128.jpeg 300w, https:\/\/ostrowskatv.pl\/wp-content\/uploads\/2023\/01\/20230109_111442-01-640x274.jpeg 640w\" sizes=\"auto, (max-width: 1366px) 100vw, 1366px\" \/><\/p>\n<p>Pose\u0142 Tomasz \u0141awniczak opowiada\u0142 o mieszka\u0144cach, kt\u00f3rzy przychodzili do niego za czas\u00f3w rz\u0105d\u00f3w PO &#8211; PSL i m\u00f3wili, \u017ce to absurd, \u017ce otrzymali waloryzacj\u0119 emerytury na poziomie niewiele ponad 1 z\u0142. <\/p>\n<p><img loading=\"lazy\" decoding=\"async\" src=\"https:\/\/ostrowskatv.pl\/wp-content\/uploads\/2023\/01\/20230109_111444-01.jpeg\" alt=\"\" width=\"1366\" height=\"551\" class=\"alignnone size-full wp-image-22901\" srcset=\"https:\/\/ostrowskatv.pl\/wp-content\/uploads\/2023\/01\/20230109_111444-01.jpeg 1366w, https:\/\/ostrowskatv.pl\/wp-content\/uploads\/2023\/01\/20230109_111444-01-300x121.jpeg 300w, https:\/\/ostrowskatv.pl\/wp-content\/uploads\/2023\/01\/20230109_111444-01-640x258.jpeg 640w\" sizes=\"auto, (max-width: 1366px) 100vw, 1366px\" \/><\/p>\n<p>Pose\u0142 Piotr Kaleta przypomnia\u0142 jak Donald Tusk wyst\u0105pi\u0142 w Sejmie i z &#8222;nieskrywan\u0105 rado\u015bci\u0105&#8221; obwie\u015bci\u0142, \u017ce nast\u0119puje rewaloryzacja rent i emerytur o 3,5 z\u0142. Gdyby dzi\u015b nasz Premier wyst\u0105pi\u0142 i poinformowa\u0142 o takiej kwocie, w\u00f3wczas spaliliby\u015bmy si\u0119 ze wstydu.<\/p>\n","protected":false},"excerpt":{"rendered":"Dzia\u0142acze Prawa i Sprawiedliwo\u015bci spotkali si\u0119 z dziennikarzami, \u017ceby poinformowa\u0107 o szczeg\u00f3lnej rocznicy. Ot\u00f3\u017c 10 lat temu rz\u0105d PO &#8211; PSL &#8222;zafundowa\u0142 Polakom \n<a class=\"moretag\" href=\"https:\/\/ostrowskatv.pl\/?p=22899\"> [...]<\/a>","protected":false},"author":1,"featured_media":22906,"comment_status":"open","ping_status":"closed","sticky":false,"template":"","format":"standard","meta":{"footnotes":""},"categories":[1],"tags":[24],"class_list":["post-22899","post","type-post","status-publish","format-standard","has-post-thumbnail","hentry","category-news","tag-polityka"],"_links":{"self":[{"href":"https:\/\/ostrowskatv.pl\/index.php?rest_route=\/wp\/v2\/posts\/22899","targetHints":{"allow":["GET"]}}],"collection":[{"href":"https:\/\/ostrowskatv.pl\/index.php?rest_route=\/wp\/v2\/posts"}],"about":[{"href":"https:\/\/ostrowskatv.pl\/index.php?rest_route=\/wp\/v2\/types\/post"}],"author":[{"embeddable":true,"href":"https:\/\/ostrowskatv.pl\/index.php?rest_route=\/wp\/v2\/users\/1"}],"replies":[{"embeddable":true,"href":"https:\/\/ostrowskatv.pl\/index.php?rest_route=%2Fwp%2Fv2%2Fcomments&post=22899"}],"version-history":[{"count":0,"href":"https:\/\/ostrowskatv.pl\/index.php?rest_route=\/wp\/v2\/posts\/22899\/revisions"}],"wp:featuredmedia":[{"embeddable":true,"href":"https:\/\/ostrowskatv.pl\/index.php?rest_route=\/wp\/v2\/media\/22906"}],"wp:attachment":[{"href":"https:\/\/ostrowskatv.pl\/index.php?rest_route=%2Fwp%2Fv2%2Fmedia&parent=22899"}],"wp:term":[{"taxonomy":"category","embeddable":true,"href":"https:\/\/ostrowskatv.pl\/index.php?rest_route=%2Fwp%2Fv2%2Fcategories&post=22899"},{"taxonomy":"post_tag","embeddable":true,"href":"https:\/\/ostrowskatv.pl\/index.php?rest_route=%2Fwp%2Fv2%2Ftags&post=22899"}],"curies":[{"name":"wp","href":"https:\/\/api.w.org\/{rel}","templated":true}]}}