{"id":2286,"date":"2016-10-09T15:01:33","date_gmt":"2016-10-09T14:01:33","guid":{"rendered":"http:\/\/ostrowska.tv\/?p=2286"},"modified":"2016-10-09T15:04:17","modified_gmt":"2016-10-09T14:04:17","slug":"nagrano-wilki-niedaleko-ostrowa-wlkp","status":"publish","type":"post","link":"https:\/\/ostrowskatv.pl\/?p=2286","title":{"rendered":"Nagrano wilki niedaleko Ostrowa Wlkp."},"content":{"rendered":"<p><strong>Wychodz\u0105c do okolicznych las\u00f3w np. na grzyby b\u0119dziecie musieli liczy\u0107 si\u0119 z mo\u017cliwo\u015bci\u0105 spotkania wilk\u00f3w. W ostatnich dniach wrze\u015bnia 2016 r. ukryta kamera zarejestrowa\u0142a dwa m\u0142ode osobniki. Fotopu\u0142apka by\u0142a zamontowana przez Nadle\u015bnictwo Antonin w okolicach wsi Krupa (gmina So\u015bnie).<\/strong><\/p>\n<p><iframe loading=\"lazy\" width=\"640\" height=\"360\" src=\"https:\/\/www.youtube.com\/embed\/N0RVHb0MIwU\" frameborder=\"0\" allowfullscreen><\/iframe><\/p>\n<p>Do tej pory nie by\u0142y znane przypadki obecno\u015bci tego gatunku w okolicznych lasach. Tym wi\u0119ksze by\u0142o zdumienie le\u015bniczych. Co ciekawe, kamera zarejestrowa\u0142a tylko dwa osobniki, kt\u00f3re mog\u0105 mie\u0107 dopiero kilka miesi\u0119cy.\u00a0 Wcze\u015bniej jeden z le\u015bniczych widzia\u0142 trzy m\u0142ode osobniki. Pracownik\u00f3w Nadle\u015bnictwa Antonin zastanawia gdzie si\u0119 podzia\u0142y doros\u0142e wilki. Powinny towarzyszy\u0107 m\u0142odym do czasu osi\u0105gni\u0119cia przez nie dojrza\u0142o\u015bci.<\/p>\n<p>Pocz\u0105tkowo nie by\u0142o pewno\u015bci czy na pewno s\u0105 to wilki. Dopuszczano my\u015bli, \u017ce mog\u0105 to by\u0107 dzikie psy. Specjali\u015bcie nie mieli jednak w\u0105tpliwo\u015bci. W innych mediach pojawi\u0142a si\u0119 nieprawdziwa informacja, \u017ce para wilk\u00f3w by\u0142a widziana w gminie Blizan\u00f3w k. Kalisza. S\u0119k w tym, \u017ce wtedy widziano doros\u0142e osobniki.<\/p>\n<p>W ostatnich latach wilki nie by\u0142y spotykane na terenie po\u0142udniowej Wielkopolski. To oznacza, \u017ce musia\u0142y przyw\u0119drowa\u0107. Sk\u0105d? Tego nie wiadomo. W okolicznych lasach jest sporo zwierzyny, w tym jelenie, dziki.<\/p>\n<p>Lokalizacja obserwacji wilk\u00f3w:<\/p>\n<p><iframe loading=\"lazy\" src=\"https:\/\/www.google.com\/maps\/embed?pb=!1m21!1m12!1m3!1d113034.54364838335!2d17.716927451641798!3d51.48315958497419!2m3!1f0!2f0!3f0!3m2!1i1024!2i768!4f13.1!4m6!3e6!4m0!4m3!3m2!1d51.456303299999995!2d17.7398304!5e1!3m2!1spl!2spl!4v1476021778155\" width=\"600\" height=\"450\" frameborder=\"0\" style=\"border:0\" allowfullscreen><\/iframe><\/p>\n<p>Wielki ka\u017cdego dnia potrafi\u0105 przej\u015b\u0107 kilkadziesi\u0105t kilometr\u00f3w. Le\u015bnicy uspokajaj\u0105, Zwierz\u0119ta te z natury s\u0105 do\u015b\u0107 ostro\u017cne i unikaj\u0105 kontakt\u00f3w z lud\u017ami. Znane s\u0105 jednak przypadki atakowania przez osobniki chore na w\u015bcieklizn\u0119. Szacuje si\u0119, \u017ce w Polsce \u017cyje obecnie 1200 osobnik\u00f3w &#8211; to najwi\u0119cej od zako\u0144czenia II wojny \u015bwiatowej. Najwi\u0119cej z nich \u017cyje w wojew\u00f3dztwach podkarpackim, ma\u0142opolskim i podlaskim. Od 1998 r. s\u0105 gatunkiem chronionym.<\/p>\n<p><img decoding=\"async\" src=\"http:\/\/www.polskiwilk.org.pl\/images\/strony\/1hr2rd_wilk_zasieg_2015_copyrights_s.jpg\" alt=\"\" \/><\/p>\n<p>Wyst\u0119powanie wilk\u00f3w w Polsce w 2015 r. \u017ar\u00f3d\u0142o: polskiwilk.org.pl<\/p>\n","protected":false},"excerpt":{"rendered":"Wychodz\u0105c do okolicznych las\u00f3w np. na grzyby b\u0119dziecie musieli liczy\u0107 si\u0119 z mo\u017cliwo\u015bci\u0105 spotkania wilk\u00f3w. W ostatnich dniach wrze\u015bnia 2016 r. ukryta kamera \n<a class=\"moretag\" href=\"https:\/\/ostrowskatv.pl\/?p=2286\"> [...]<\/a>","protected":false},"author":1,"featured_media":2287,"comment_status":"open","ping_status":"open","sticky":false,"template":"","format":"standard","meta":{"footnotes":""},"categories":[1],"tags":[105],"class_list":["post-2286","post","type-post","status-publish","format-standard","has-post-thumbnail","hentry","category-news","tag-nadlesnictwo-antonin"],"_links":{"self":[{"href":"https:\/\/ostrowskatv.pl\/index.php?rest_route=\/wp\/v2\/posts\/2286","targetHints":{"allow":["GET"]}}],"collection":[{"href":"https:\/\/ostrowskatv.pl\/index.php?rest_route=\/wp\/v2\/posts"}],"about":[{"href":"https:\/\/ostrowskatv.pl\/index.php?rest_route=\/wp\/v2\/types\/post"}],"author":[{"embeddable":true,"href":"https:\/\/ostrowskatv.pl\/index.php?rest_route=\/wp\/v2\/users\/1"}],"replies":[{"embeddable":true,"href":"https:\/\/ostrowskatv.pl\/index.php?rest_route=%2Fwp%2Fv2%2Fcomments&post=2286"}],"version-history":[{"count":0,"href":"https:\/\/ostrowskatv.pl\/index.php?rest_route=\/wp\/v2\/posts\/2286\/revisions"}],"wp:featuredmedia":[{"embeddable":true,"href":"https:\/\/ostrowskatv.pl\/index.php?rest_route=\/wp\/v2\/media\/2287"}],"wp:attachment":[{"href":"https:\/\/ostrowskatv.pl\/index.php?rest_route=%2Fwp%2Fv2%2Fmedia&parent=2286"}],"wp:term":[{"taxonomy":"category","embeddable":true,"href":"https:\/\/ostrowskatv.pl\/index.php?rest_route=%2Fwp%2Fv2%2Fcategories&post=2286"},{"taxonomy":"post_tag","embeddable":true,"href":"https:\/\/ostrowskatv.pl\/index.php?rest_route=%2Fwp%2Fv2%2Ftags&post=2286"}],"curies":[{"name":"wp","href":"https:\/\/api.w.org\/{rel}","templated":true}]}}