{"id":2281,"date":"2016-10-07T17:41:40","date_gmt":"2016-10-07T16:41:40","guid":{"rendered":"http:\/\/ostrowska.tv\/?p=2281"},"modified":"2016-10-07T17:41:40","modified_gmt":"2016-10-07T16:41:40","slug":"wypadek-na-newralgicznym-skrzyzowaniu","status":"publish","type":"post","link":"https:\/\/ostrowskatv.pl\/?p=2281","title":{"rendered":"Wypadek na newralgicznym skrzy\u017cowaniu"},"content":{"rendered":"<p><strong>Do zderzenia Audi i BMW dosz\u0142o w pi\u0105tek po godzinie 18:00. Ze wst\u0119pnych ustale\u0144 wynika, \u017ce kobieta kieruj\u0105ca Audi na jaroci\u0144skich tablicach rejestracyjnych uderzy\u0142a w czarne BMW. Kobieta dosta\u0142a padaczki. Na miejsce dotar\u0142y dwie jednostki stra\u017cy po\u017carnej oraz pogotowie i policja. Wypadek mia\u0142 miejsce na newralgicznym skrzy\u017cowaniu ulic Raszkowska\/Al. S\u0142owackiego\/Krotoszy\u0144ska\/Dworcowa w Ostrowie Wlkp.<br \/>\n<\/strong><\/p>\n<p>Prowadzone s\u0105 czynno\u015bci maj\u0105ce na celu ustalenie szczeg\u00f3\u0142owych okoliczno\u015bci wypadku.<\/p>\n<div id='gallery-1' class='gallery galleryid-2281 gallery-columns-3 gallery-size-thumbnail'><figure class='gallery-item'>\n\t\t\t<div class='gallery-icon landscape'>\n\t\t\t\t<a href='https:\/\/ostrowskatv.pl\/?attachment_id=2282'><img loading=\"lazy\" decoding=\"async\" width=\"150\" height=\"150\" src=\"https:\/\/ostrowskatv.pl\/wp-content\/uploads\/2016\/10\/20161007_181931-150x150.jpg\" class=\"attachment-thumbnail size-thumbnail\" alt=\"\" \/><\/a>\n\t\t\t<\/div><\/figure><figure class='gallery-item'>\n\t\t\t<div class='gallery-icon landscape'>\n\t\t\t\t<a href='https:\/\/ostrowskatv.pl\/?attachment_id=2283'><img loading=\"lazy\" decoding=\"async\" width=\"150\" height=\"150\" src=\"https:\/\/ostrowskatv.pl\/wp-content\/uploads\/2016\/10\/20161007_182001-150x150.jpg\" class=\"attachment-thumbnail size-thumbnail\" alt=\"\" \/><\/a>\n\t\t\t<\/div><\/figure><figure class='gallery-item'>\n\t\t\t<div class='gallery-icon landscape'>\n\t\t\t\t<a href='https:\/\/ostrowskatv.pl\/?attachment_id=2284'><img loading=\"lazy\" decoding=\"async\" width=\"150\" height=\"150\" src=\"https:\/\/ostrowskatv.pl\/wp-content\/uploads\/2016\/10\/20161007_182046-150x150.jpg\" class=\"attachment-thumbnail size-thumbnail\" alt=\"\" \/><\/a>\n\t\t\t<\/div><\/figure>\n\t\t<\/div>\n\n","protected":false},"excerpt":{"rendered":"Do zderzenia Audi i BMW dosz\u0142o w pi\u0105tek po godzinie 18:00. Ze wst\u0119pnych ustale\u0144 wynika, \u017ce kobieta kieruj\u0105ca Audi na jaroci\u0144skich tablicach rejestracyjnych \n<a class=\"moretag\" href=\"https:\/\/ostrowskatv.pl\/?p=2281\"> [...]<\/a>","protected":false},"author":1,"featured_media":2282,"comment_status":"open","ping_status":"open","sticky":false,"template":"","format":"standard","meta":{"footnotes":""},"categories":[1],"tags":[11],"class_list":["post-2281","post","type-post","status-publish","format-standard","has-post-thumbnail","hentry","category-news","tag-wypadek"],"_links":{"self":[{"href":"https:\/\/ostrowskatv.pl\/index.php?rest_route=\/wp\/v2\/posts\/2281","targetHints":{"allow":["GET"]}}],"collection":[{"href":"https:\/\/ostrowskatv.pl\/index.php?rest_route=\/wp\/v2\/posts"}],"about":[{"href":"https:\/\/ostrowskatv.pl\/index.php?rest_route=\/wp\/v2\/types\/post"}],"author":[{"embeddable":true,"href":"https:\/\/ostrowskatv.pl\/index.php?rest_route=\/wp\/v2\/users\/1"}],"replies":[{"embeddable":true,"href":"https:\/\/ostrowskatv.pl\/index.php?rest_route=%2Fwp%2Fv2%2Fcomments&post=2281"}],"version-history":[{"count":0,"href":"https:\/\/ostrowskatv.pl\/index.php?rest_route=\/wp\/v2\/posts\/2281\/revisions"}],"wp:featuredmedia":[{"embeddable":true,"href":"https:\/\/ostrowskatv.pl\/index.php?rest_route=\/wp\/v2\/media\/2282"}],"wp:attachment":[{"href":"https:\/\/ostrowskatv.pl\/index.php?rest_route=%2Fwp%2Fv2%2Fmedia&parent=2281"}],"wp:term":[{"taxonomy":"category","embeddable":true,"href":"https:\/\/ostrowskatv.pl\/index.php?rest_route=%2Fwp%2Fv2%2Fcategories&post=2281"},{"taxonomy":"post_tag","embeddable":true,"href":"https:\/\/ostrowskatv.pl\/index.php?rest_route=%2Fwp%2Fv2%2Ftags&post=2281"}],"curies":[{"name":"wp","href":"https:\/\/api.w.org\/{rel}","templated":true}]}}