{"id":22778,"date":"2023-01-03T19:21:49","date_gmt":"2023-01-03T18:21:49","guid":{"rendered":"https:\/\/ostrowskatv.pl\/?p=22778"},"modified":"2023-01-03T19:26:54","modified_gmt":"2023-01-03T18:26:54","slug":"42-latek-nie-zyje-wiozl-dwoje-dzieci","status":"publish","type":"post","link":"https:\/\/ostrowskatv.pl\/?p=22778","title":{"rendered":"42-latek nie \u017cyje. Wi\u00f3z\u0142 dwoje dzieci"},"content":{"rendered":"<p><strong>Dzisiaj po godzinie 15 dosz\u0142o do wypadku drogowego, kt\u00f3rego nie prze\u017cy\u0142 42-letni m\u0119\u017cczyzna a dwoje dzieci w wieku 6 i 13 lat trafi\u0142o do ostrowskiego szpitala. <\/strong><\/p>\n<p>Do wypadku dosz\u0142o na drodze krajowej nr 39 mi\u0119dzy miejscowo\u015bci\u0105 Rychtal a miejscowo\u015bci\u0105 Mrocze\u0144 (powiat k\u0119pi\u0144ski). Ze wst\u0119pnych ustale\u0144 policjant\u00f3w wynika \u017ce 42-letni m\u0119\u017cczyzna mieszkaniec gminy Rychtal kieruj\u0105c samochodem marki Opel wyprzedza\u0142 ci\u0105g pojazd\u00f3w. <\/p>\n<p>W wyniku wyprzedzania aby nie zderzy\u0107 si\u0119 z prawid\u0142owo jad\u0105cym z naprzeciwka innym pojazdem, wr\u00f3ci\u0142 na sw\u00f3j pas drogi. <\/p>\n<p>Podczas tego manewru najprawdopodobniej z\u0142apa\u0142 pobocze co spowodowa\u0142o, \u017ce wypad\u0142 z drogi i uderzy\u0142 w drzewo. M\u0119\u017cczyzna pomimo podj\u0119tej reanimacji zmar\u0142 na miejscu. <\/p>\n<p>Z m\u0119\u017cczyzn\u0105 podr\u00f3\u017cowa\u0142o dwoje dzieci w wieku: dziewczynka 6 i ch\u0142opiec 13 lat. Ch\u0142opca zabrano \u015bmig\u0142owcem LPR a dziewczynk\u0119 karetk\u0105 jad\u0105c\u0105 na sygna\u0142ach do ostrowskiego szpitala. <\/p>\n<p>Z chwil\u0105 przyjazdu stra\u017cak\u00f3w dzieci by\u0142y ju\u017c na zewn\u0105trz pojazdu. M\u0119\u017cczyzna bez oznak \u017cycia siedzia\u0142 uwi\u0119ziony w poje\u017adzie. Stra\u017cacy sprz\u0119tem wykonali do niego dost\u0119p i wydobyli go na zewn\u0105trz, gdzie prowadzona by\u0142a resuscytacja kr\u0105\u017ceniowo-oddechowa. <\/p>\n<p>13-latek na podstawie wst\u0119pnych bada\u0144 nie odni\u00f3s\u0142 powa\u017cniejszych obra\u017ce\u0144. Wskaz\u00f3wka licznika zatrzyma\u0142a si\u0119 w momencie zderzenia na pr\u0119dko\u015bci wynosz\u0105cej ponad 80 km\/h.<\/p>\n<p>Nieoficjalnie ustalili\u015bmy, \u017ce m\u0119\u017cczyzna nie by\u0142 ojciem dzieci a ojczymem.<\/p>\n<p><img loading=\"lazy\" decoding=\"async\" src=\"https:\/\/ostrowskatv.pl\/wp-content\/uploads\/2023\/01\/20230103_181127-01.jpeg\" alt=\"\" width=\"1366\" height=\"769\" class=\"alignnone size-full wp-image-22785\" srcset=\"https:\/\/ostrowskatv.pl\/wp-content\/uploads\/2023\/01\/20230103_181127-01.jpeg 1366w, https:\/\/ostrowskatv.pl\/wp-content\/uploads\/2023\/01\/20230103_181127-01-300x169.jpeg 300w, https:\/\/ostrowskatv.pl\/wp-content\/uploads\/2023\/01\/20230103_181127-01-640x360.jpeg 640w\" sizes=\"auto, (max-width: 1366px) 100vw, 1366px\" \/><\/p>\n<p><img loading=\"lazy\" decoding=\"async\" src=\"https:\/\/ostrowskatv.pl\/wp-content\/uploads\/2023\/01\/20230103_180912-01.jpeg\" alt=\"\" width=\"1366\" height=\"769\" class=\"alignnone size-full wp-image-22783\" srcset=\"https:\/\/ostrowskatv.pl\/wp-content\/uploads\/2023\/01\/20230103_180912-01.jpeg 1366w, https:\/\/ostrowskatv.pl\/wp-content\/uploads\/2023\/01\/20230103_180912-01-300x169.jpeg 300w, https:\/\/ostrowskatv.pl\/wp-content\/uploads\/2023\/01\/20230103_180912-01-640x360.jpeg 640w\" sizes=\"auto, (max-width: 1366px) 100vw, 1366px\" \/><\/p>\n<p><img loading=\"lazy\" decoding=\"async\" src=\"https:\/\/ostrowskatv.pl\/wp-content\/uploads\/2023\/01\/20230103_180746-01-1.jpeg\" alt=\"\" width=\"1366\" height=\"769\" class=\"alignnone size-full wp-image-22782\" srcset=\"https:\/\/ostrowskatv.pl\/wp-content\/uploads\/2023\/01\/20230103_180746-01-1.jpeg 1366w, https:\/\/ostrowskatv.pl\/wp-content\/uploads\/2023\/01\/20230103_180746-01-1-300x169.jpeg 300w, https:\/\/ostrowskatv.pl\/wp-content\/uploads\/2023\/01\/20230103_180746-01-1-640x360.jpeg 640w\" sizes=\"auto, (max-width: 1366px) 100vw, 1366px\" \/><\/p>\n<p><img loading=\"lazy\" decoding=\"async\" src=\"https:\/\/ostrowskatv.pl\/wp-content\/uploads\/2023\/01\/20230103_180741-01.jpeg\" alt=\"\" width=\"1366\" height=\"1215\" class=\"alignnone size-full wp-image-22780\" srcset=\"https:\/\/ostrowskatv.pl\/wp-content\/uploads\/2023\/01\/20230103_180741-01.jpeg 1366w, https:\/\/ostrowskatv.pl\/wp-content\/uploads\/2023\/01\/20230103_180741-01-300x267.jpeg 300w, https:\/\/ostrowskatv.pl\/wp-content\/uploads\/2023\/01\/20230103_180741-01-405x360.jpeg 405w\" sizes=\"auto, (max-width: 1366px) 100vw, 1366px\" \/><\/p>\n<p><img loading=\"lazy\" decoding=\"async\" src=\"https:\/\/ostrowskatv.pl\/wp-content\/uploads\/2023\/01\/20230103_180734-01.jpeg\" alt=\"\" width=\"1365\" height=\"794\" class=\"alignnone size-full wp-image-22779\" srcset=\"https:\/\/ostrowskatv.pl\/wp-content\/uploads\/2023\/01\/20230103_180734-01.jpeg 1365w, https:\/\/ostrowskatv.pl\/wp-content\/uploads\/2023\/01\/20230103_180734-01-300x175.jpeg 300w, https:\/\/ostrowskatv.pl\/wp-content\/uploads\/2023\/01\/20230103_180734-01-619x360.jpeg 619w\" sizes=\"auto, (max-width: 1365px) 100vw, 1365px\" \/><\/p>\n","protected":false},"excerpt":{"rendered":"Dzisiaj po godzinie 15 dosz\u0142o do wypadku drogowego, kt\u00f3rego nie prze\u017cy\u0142 42-letni m\u0119\u017cczyzna a dwoje dzieci w wieku 6 i 13 lat trafi\u0142o \n<a class=\"moretag\" href=\"https:\/\/ostrowskatv.pl\/?p=22778\"> [...]<\/a>","protected":false},"author":1,"featured_media":22785,"comment_status":"open","ping_status":"closed","sticky":false,"template":"","format":"standard","meta":{"footnotes":""},"categories":[1],"tags":[11],"class_list":["post-22778","post","type-post","status-publish","format-standard","has-post-thumbnail","hentry","category-news","tag-wypadek"],"_links":{"self":[{"href":"https:\/\/ostrowskatv.pl\/index.php?rest_route=\/wp\/v2\/posts\/22778","targetHints":{"allow":["GET"]}}],"collection":[{"href":"https:\/\/ostrowskatv.pl\/index.php?rest_route=\/wp\/v2\/posts"}],"about":[{"href":"https:\/\/ostrowskatv.pl\/index.php?rest_route=\/wp\/v2\/types\/post"}],"author":[{"embeddable":true,"href":"https:\/\/ostrowskatv.pl\/index.php?rest_route=\/wp\/v2\/users\/1"}],"replies":[{"embeddable":true,"href":"https:\/\/ostrowskatv.pl\/index.php?rest_route=%2Fwp%2Fv2%2Fcomments&post=22778"}],"version-history":[{"count":0,"href":"https:\/\/ostrowskatv.pl\/index.php?rest_route=\/wp\/v2\/posts\/22778\/revisions"}],"wp:featuredmedia":[{"embeddable":true,"href":"https:\/\/ostrowskatv.pl\/index.php?rest_route=\/wp\/v2\/media\/22785"}],"wp:attachment":[{"href":"https:\/\/ostrowskatv.pl\/index.php?rest_route=%2Fwp%2Fv2%2Fmedia&parent=22778"}],"wp:term":[{"taxonomy":"category","embeddable":true,"href":"https:\/\/ostrowskatv.pl\/index.php?rest_route=%2Fwp%2Fv2%2Fcategories&post=22778"},{"taxonomy":"post_tag","embeddable":true,"href":"https:\/\/ostrowskatv.pl\/index.php?rest_route=%2Fwp%2Fv2%2Ftags&post=22778"}],"curies":[{"name":"wp","href":"https:\/\/api.w.org\/{rel}","templated":true}]}}