{"id":22769,"date":"2023-01-03T21:13:17","date_gmt":"2023-01-03T20:13:17","guid":{"rendered":"https:\/\/ostrowskatv.pl\/?p=22769"},"modified":"2023-01-03T21:13:17","modified_gmt":"2023-01-03T20:13:17","slug":"kolejne-rozbite-auta-w-tym-miejscu","status":"publish","type":"post","link":"https:\/\/ostrowskatv.pl\/?p=22769","title":{"rendered":"Kolejne rozbite auta w tym miejscu"},"content":{"rendered":"<p><strong>Od ponad dw\u00f3ch tygodni nie dzia\u0142a w pe\u0142ni sygnalizacja na skrzy\u017cowaniu ulic Bema i Kordeckiego w Ostrowie Wielkopolskim. W tym czasie dosz\u0142o tu do kilku gro\u017anych zdarze\u0144 drogowych.  Nie inaczej by\u0142o we wtorek.<\/strong><\/p>\n<p>Przed godzin\u0105 16 mieszkanka powiatu krotoszy\u0144skiego jecha\u0142a volkswagenem tiguanem i nie ust\u0105pi\u0142a pierwsze\u0144stwa volkswagenowi golfowi. Pomimo mocno rozbitych aut, oboje kieruj\u0105cy wyszli z pojazd\u00f3w o w\u0142asnych si\u0142ach i nie uskar\u017cali si\u0119 na \u017cadne dolegliwo\u015bci b\u00f3lowe.<\/p>\n<p><img loading=\"lazy\" decoding=\"async\" src=\"https:\/\/ostrowskatv.pl\/wp-content\/uploads\/2023\/01\/20230103_160104-01.jpeg\" alt=\"\" width=\"1366\" height=\"834\" class=\"alignnone size-full wp-image-22770\" srcset=\"https:\/\/ostrowskatv.pl\/wp-content\/uploads\/2023\/01\/20230103_160104-01.jpeg 1366w, https:\/\/ostrowskatv.pl\/wp-content\/uploads\/2023\/01\/20230103_160104-01-300x183.jpeg 300w, https:\/\/ostrowskatv.pl\/wp-content\/uploads\/2023\/01\/20230103_160104-01-590x360.jpeg 590w\" sizes=\"auto, (max-width: 1366px) 100vw, 1366px\" \/><\/p>\n<p><img loading=\"lazy\" decoding=\"async\" src=\"https:\/\/ostrowskatv.pl\/wp-content\/uploads\/2023\/01\/20230103_155839-01.jpeg\" alt=\"\" width=\"1366\" height=\"769\" class=\"alignnone size-full wp-image-22771\" srcset=\"https:\/\/ostrowskatv.pl\/wp-content\/uploads\/2023\/01\/20230103_155839-01.jpeg 1366w, https:\/\/ostrowskatv.pl\/wp-content\/uploads\/2023\/01\/20230103_155839-01-300x169.jpeg 300w, https:\/\/ostrowskatv.pl\/wp-content\/uploads\/2023\/01\/20230103_155839-01-640x360.jpeg 640w\" sizes=\"auto, (max-width: 1366px) 100vw, 1366px\" \/><\/p>\n<p><img loading=\"lazy\" decoding=\"async\" src=\"https:\/\/ostrowskatv.pl\/wp-content\/uploads\/2023\/01\/20230103_155829-01.jpeg\" alt=\"\" width=\"1366\" height=\"931\" class=\"alignnone size-full wp-image-22772\" srcset=\"https:\/\/ostrowskatv.pl\/wp-content\/uploads\/2023\/01\/20230103_155829-01.jpeg 1366w, https:\/\/ostrowskatv.pl\/wp-content\/uploads\/2023\/01\/20230103_155829-01-300x204.jpeg 300w, https:\/\/ostrowskatv.pl\/wp-content\/uploads\/2023\/01\/20230103_155829-01-528x360.jpeg 528w\" sizes=\"auto, (max-width: 1366px) 100vw, 1366px\" \/><\/p>\n<p><img loading=\"lazy\" decoding=\"async\" src=\"https:\/\/ostrowskatv.pl\/wp-content\/uploads\/2023\/01\/20230103_155759-01.jpeg\" alt=\"\" width=\"1366\" height=\"769\" class=\"alignnone size-full wp-image-22773\" srcset=\"https:\/\/ostrowskatv.pl\/wp-content\/uploads\/2023\/01\/20230103_155759-01.jpeg 1366w, https:\/\/ostrowskatv.pl\/wp-content\/uploads\/2023\/01\/20230103_155759-01-300x169.jpeg 300w, https:\/\/ostrowskatv.pl\/wp-content\/uploads\/2023\/01\/20230103_155759-01-640x360.jpeg 640w\" sizes=\"auto, (max-width: 1366px) 100vw, 1366px\" \/><\/p>\n<p><img loading=\"lazy\" decoding=\"async\" src=\"https:\/\/ostrowskatv.pl\/wp-content\/uploads\/2023\/01\/20230103_155715-01.jpeg\" alt=\"\" width=\"1179\" height=\"1366\" class=\"alignnone size-full wp-image-22774\" srcset=\"https:\/\/ostrowskatv.pl\/wp-content\/uploads\/2023\/01\/20230103_155715-01.jpeg 1179w, https:\/\/ostrowskatv.pl\/wp-content\/uploads\/2023\/01\/20230103_155715-01-259x300.jpeg 259w, https:\/\/ostrowskatv.pl\/wp-content\/uploads\/2023\/01\/20230103_155715-01-311x360.jpeg 311w\" sizes=\"auto, (max-width: 1179px) 100vw, 1179px\" \/><\/p>\n<p><img loading=\"lazy\" decoding=\"async\" src=\"https:\/\/ostrowskatv.pl\/wp-content\/uploads\/2023\/01\/20230103_155626-01.jpeg\" alt=\"\" width=\"1366\" height=\"769\" class=\"alignnone size-full wp-image-22775\" srcset=\"https:\/\/ostrowskatv.pl\/wp-content\/uploads\/2023\/01\/20230103_155626-01.jpeg 1366w, https:\/\/ostrowskatv.pl\/wp-content\/uploads\/2023\/01\/20230103_155626-01-300x169.jpeg 300w, https:\/\/ostrowskatv.pl\/wp-content\/uploads\/2023\/01\/20230103_155626-01-640x360.jpeg 640w\" sizes=\"auto, (max-width: 1366px) 100vw, 1366px\" \/><\/p>\n<p><img loading=\"lazy\" decoding=\"async\" src=\"https:\/\/ostrowskatv.pl\/wp-content\/uploads\/2023\/01\/20230103_155514-01.jpeg\" alt=\"\" width=\"1366\" height=\"813\" class=\"alignnone size-full wp-image-22776\" srcset=\"https:\/\/ostrowskatv.pl\/wp-content\/uploads\/2023\/01\/20230103_155514-01.jpeg 1366w, https:\/\/ostrowskatv.pl\/wp-content\/uploads\/2023\/01\/20230103_155514-01-300x179.jpeg 300w, https:\/\/ostrowskatv.pl\/wp-content\/uploads\/2023\/01\/20230103_155514-01-605x360.jpeg 605w\" sizes=\"auto, (max-width: 1366px) 100vw, 1366px\" \/><\/p>\n","protected":false},"excerpt":{"rendered":"Od ponad dw\u00f3ch tygodni nie dzia\u0142a w pe\u0142ni sygnalizacja na skrzy\u017cowaniu ulic Bema i Kordeckiego w Ostrowie Wielkopolskim. W tym czasie dosz\u0142o tu \n<a class=\"moretag\" href=\"https:\/\/ostrowskatv.pl\/?p=22769\"> [...]<\/a>","protected":false},"author":1,"featured_media":22771,"comment_status":"open","ping_status":"closed","sticky":false,"template":"","format":"standard","meta":{"footnotes":""},"categories":[1],"tags":[48],"class_list":["post-22769","post","type-post","status-publish","format-standard","has-post-thumbnail","hentry","category-news","tag-kolizja"],"_links":{"self":[{"href":"https:\/\/ostrowskatv.pl\/index.php?rest_route=\/wp\/v2\/posts\/22769","targetHints":{"allow":["GET"]}}],"collection":[{"href":"https:\/\/ostrowskatv.pl\/index.php?rest_route=\/wp\/v2\/posts"}],"about":[{"href":"https:\/\/ostrowskatv.pl\/index.php?rest_route=\/wp\/v2\/types\/post"}],"author":[{"embeddable":true,"href":"https:\/\/ostrowskatv.pl\/index.php?rest_route=\/wp\/v2\/users\/1"}],"replies":[{"embeddable":true,"href":"https:\/\/ostrowskatv.pl\/index.php?rest_route=%2Fwp%2Fv2%2Fcomments&post=22769"}],"version-history":[{"count":0,"href":"https:\/\/ostrowskatv.pl\/index.php?rest_route=\/wp\/v2\/posts\/22769\/revisions"}],"wp:featuredmedia":[{"embeddable":true,"href":"https:\/\/ostrowskatv.pl\/index.php?rest_route=\/wp\/v2\/media\/22771"}],"wp:attachment":[{"href":"https:\/\/ostrowskatv.pl\/index.php?rest_route=%2Fwp%2Fv2%2Fmedia&parent=22769"}],"wp:term":[{"taxonomy":"category","embeddable":true,"href":"https:\/\/ostrowskatv.pl\/index.php?rest_route=%2Fwp%2Fv2%2Fcategories&post=22769"},{"taxonomy":"post_tag","embeddable":true,"href":"https:\/\/ostrowskatv.pl\/index.php?rest_route=%2Fwp%2Fv2%2Ftags&post=22769"}],"curies":[{"name":"wp","href":"https:\/\/api.w.org\/{rel}","templated":true}]}}