{"id":22724,"date":"2022-12-29T20:15:37","date_gmt":"2022-12-29T19:15:37","guid":{"rendered":"https:\/\/ostrowskatv.pl\/?p=22724"},"modified":"2022-12-29T20:16:41","modified_gmt":"2022-12-29T19:16:41","slug":"policja-zajela-sie-na-powaznie-wiedzma-czy-sad-tez-stanie-na-wysokosci-zadania","status":"publish","type":"post","link":"https:\/\/ostrowskatv.pl\/?p=22724","title":{"rendered":"Policja zaj\u0119\u0142a si\u0119 na powa\u017cnie &#8222;Wied\u017am\u0105&#8221;. Czy S\u0105d te\u017c stanie na wysoko\u015bci zadania?"},"content":{"rendered":"<p><strong>Powracamy do tematu m\u0119\u017cczyzny, kt\u00f3ry swoim zachowaniem terroryzuje mieszka\u0144c\u00f3w i pracownik\u00f3w z rejonu ulic Asnyka i \u015amigielskiego w Ostrowie Wlkp. Policja przedstawi\u0142a dotychczasowe dzia\u0142ania.<\/strong><\/p>\n<blockquote><p>Wobec m\u0119\u017cczyzny obecnie toczy si\u0119 post\u0119powanie przygotowawcze o przest\u0119pstwo okre\u015blone w artykule 288 \u00a7 1 oraz 190 \u00a7 1 kodeksu karnego oraz dochodzenie prowadzone przez Prokuratur\u0119 Rejonow\u0105 w Ostrowie Wielkopolskim w zwi\u0105zku z interwencj\u0105 z dnia 27 grudnia 2022 roku, gdzie m\u0119\u017cczyzna zniewa\u017cy\u0142 funkcjonariuszy Komendy Powiatowej Policji w Ostrowie Wielkopolskim czym pope\u0142ni\u0142 przest\u0119pstwo z artyku\u0142u 226 kodeksu karnego.<\/p>\n<p>Ponadto policjanci wystosowali pismo do Miejskiego O\u015brodka Pomocy Spo\u0142ecznej w Ostrowie Wielkopolskim o ponowne rozpatrzenie i skierowanie wniosku do S\u0105du Rejonowego w Ostrowie Wielkopolskim celem leczenia m\u0119\u017cczyzny. M\u0119\u017cczyzna jest osob\u0105 bezdomn\u0105, kt\u00f3ra prowadzi koczowniczy tryb \u017cycia.<\/p>\n<p>Od pa\u017adziernika wobec wymienionego toczy\u0142o si\u0119 6 post\u0119powa\u0144 w sprawach o wykroczenie.<\/p><\/blockquote>\n<p>Z naszych ustale\u0144 wynika, \u017ce prokurator na\u0142o\u017cy\u0142 na m\u0119\u017cczyzn\u0119 zakaz zbli\u017cania si\u0119 do pracownic, kt\u00f3re zdecydowa\u0142y si\u0119 z\u0142o\u017cy\u0107 zawiadomienie na policji. Dodatkowo musi dwa razy w tygodniu stawia\u0107 si\u0119 na komendzie w ramach dozoru policyjnego.<\/p>\n<p>Ostrowski S\u0105d &#8211; wed\u0142ug ostrowskiej policji &#8211; ju\u017c raz rozpatrzy\u0142 wniosek o skierowanie m\u0119\u017cczyzny na przymusowe leczenie. Z niewiadomego powodu<strong> wniosek zosta\u0142 rozpatrzony negatywnie<\/strong>. Mo\u017ce je\u015bli nast\u0119pnym razem wejdzie do budynku s\u0105du za\u0142atwi\u0107 swoje potrzeby fizjologiczne na korytarzu oraz zacznie wymachiwa\u0107 no\u017cem, to decyzja zostanie rozpatrzona pozytywnie.<\/p>\n","protected":false},"excerpt":{"rendered":"Powracamy do tematu m\u0119\u017cczyzny, kt\u00f3ry swoim zachowaniem terroryzuje mieszka\u0144c\u00f3w i pracownik\u00f3w z rejonu ulic Asnyka i \u015amigielskiego w Ostrowie Wlkp. Policja przedstawi\u0142a dotychczasowe \n<a class=\"moretag\" href=\"https:\/\/ostrowskatv.pl\/?p=22724\"> [...]<\/a>","protected":false},"author":1,"featured_media":22715,"comment_status":"open","ping_status":"closed","sticky":false,"template":"","format":"standard","meta":{"footnotes":""},"categories":[1],"tags":[2,34],"class_list":["post-22724","post","type-post","status-publish","format-standard","has-post-thumbnail","hentry","category-news","tag-ostrow-wielkopolski","tag-policja"],"_links":{"self":[{"href":"https:\/\/ostrowskatv.pl\/index.php?rest_route=\/wp\/v2\/posts\/22724","targetHints":{"allow":["GET"]}}],"collection":[{"href":"https:\/\/ostrowskatv.pl\/index.php?rest_route=\/wp\/v2\/posts"}],"about":[{"href":"https:\/\/ostrowskatv.pl\/index.php?rest_route=\/wp\/v2\/types\/post"}],"author":[{"embeddable":true,"href":"https:\/\/ostrowskatv.pl\/index.php?rest_route=\/wp\/v2\/users\/1"}],"replies":[{"embeddable":true,"href":"https:\/\/ostrowskatv.pl\/index.php?rest_route=%2Fwp%2Fv2%2Fcomments&post=22724"}],"version-history":[{"count":0,"href":"https:\/\/ostrowskatv.pl\/index.php?rest_route=\/wp\/v2\/posts\/22724\/revisions"}],"wp:featuredmedia":[{"embeddable":true,"href":"https:\/\/ostrowskatv.pl\/index.php?rest_route=\/wp\/v2\/media\/22715"}],"wp:attachment":[{"href":"https:\/\/ostrowskatv.pl\/index.php?rest_route=%2Fwp%2Fv2%2Fmedia&parent=22724"}],"wp:term":[{"taxonomy":"category","embeddable":true,"href":"https:\/\/ostrowskatv.pl\/index.php?rest_route=%2Fwp%2Fv2%2Fcategories&post=22724"},{"taxonomy":"post_tag","embeddable":true,"href":"https:\/\/ostrowskatv.pl\/index.php?rest_route=%2Fwp%2Fv2%2Ftags&post=22724"}],"curies":[{"name":"wp","href":"https:\/\/api.w.org\/{rel}","templated":true}]}}