{"id":2272,"date":"2016-10-03T14:39:19","date_gmt":"2016-10-03T13:39:19","guid":{"rendered":"http:\/\/ostrowska.tv\/?p=2272"},"modified":"2016-10-03T14:39:19","modified_gmt":"2016-10-03T13:39:19","slug":"ostrow-odolanow-zderzenie-mercedesa-i-peugeota","status":"publish","type":"post","link":"https:\/\/ostrowskatv.pl\/?p=2272","title":{"rendered":"Ostr\u00f3w &#8211; Odolan\u00f3w. Zderzenie Mercedesa i Peugeota"},"content":{"rendered":"<p><strong>W poniedzia\u0142kowe przedpo\u0142udnie dosz\u0142o do zderzenia Peugeota 307 z osobowym Mercedesem R. Powa\u017cna kolizja mia\u0142a miejsce na drodze wojew\u00f3dzkiej pomi\u0119dzy Ostrowem Wlkp., a Odolanowem.<\/strong><\/p>\n<p>Kieruj\u0105cy Peugeotem 307 jecha\u0142 z Odolanowa. Na s\u0142yn\u0105cym z niebezpiecze\u0144stwa \u0142uku drogi (tu\u017c przed lasem) wpad\u0142 w po\u015blizg. Peugeot chwyci\u0142 pobocze, zahaczy\u0142 o barier\u0119 energoch\u0142onn\u0105, po czym obr\u00f3ci\u0142 si\u0119 360 stopni wok\u00f3\u0142 w\u0142asnej osi.\u00a0 Pech sprawi\u0142, \u017ce z przeciwka jecha\u0142 Mercedes, w kt\u00f3rego obracaj\u0105cy si\u0119 Peugeot uderzy\u0142 przodem. Dzi\u0119ki systemom bezpiecze\u0144stwa, \u017cadnemu z kierowc\u00f3w nic si\u0119 nie sta\u0142o.<\/p>\n<p>Na miejsce wezwano jednostk\u0119 OSP z Tacha\u0142 Wielkich oraz policj\u0119. Stra\u017cacy usuwali elementy karoserii, a tak\u017ce neutralizowali p\u0142yny eksploatacyjne. Przyczyn\u0105 zdarzenia by\u0142o najpewniej niedostosowanie pr\u0119dko\u015bci do panuj\u0105cych warunk\u00f3w na drodze. Nieoficjalnie dowiedzieli\u015bmy si\u0119, \u017ce obaj kierowcy pochodz\u0105 z gminy Odolan\u00f3w.<\/p>\n<div id='gallery-1' class='gallery galleryid-2272 gallery-columns-3 gallery-size-thumbnail'><figure class='gallery-item'>\n\t\t\t<div class='gallery-icon landscape'>\n\t\t\t\t<a href='https:\/\/ostrowskatv.pl\/?attachment_id=2273'><img loading=\"lazy\" decoding=\"async\" width=\"150\" height=\"150\" src=\"https:\/\/ostrowskatv.pl\/wp-content\/uploads\/2016\/10\/mms_img135322095-150x150.jpg\" class=\"attachment-thumbnail size-thumbnail\" alt=\"\" \/><\/a>\n\t\t\t<\/div><\/figure><figure class='gallery-item'>\n\t\t\t<div class='gallery-icon landscape'>\n\t\t\t\t<a href='https:\/\/ostrowskatv.pl\/?attachment_id=2274'><img loading=\"lazy\" decoding=\"async\" width=\"150\" height=\"150\" src=\"https:\/\/ostrowskatv.pl\/wp-content\/uploads\/2016\/10\/mms_img431604025-150x150.jpg\" class=\"attachment-thumbnail size-thumbnail\" alt=\"\" \/><\/a>\n\t\t\t<\/div><\/figure><figure class='gallery-item'>\n\t\t\t<div class='gallery-icon landscape'>\n\t\t\t\t<a href='https:\/\/ostrowskatv.pl\/?attachment_id=2275'><img loading=\"lazy\" decoding=\"async\" width=\"150\" height=\"150\" src=\"https:\/\/ostrowskatv.pl\/wp-content\/uploads\/2016\/10\/mms_img999337977-150x150.jpg\" class=\"attachment-thumbnail size-thumbnail\" alt=\"\" \/><\/a>\n\t\t\t<\/div><\/figure><figure class='gallery-item'>\n\t\t\t<div class='gallery-icon landscape'>\n\t\t\t\t<a href='https:\/\/ostrowskatv.pl\/?attachment_id=2276'><img loading=\"lazy\" decoding=\"async\" width=\"150\" height=\"150\" src=\"https:\/\/ostrowskatv.pl\/wp-content\/uploads\/2016\/10\/mms_img-1477367566-150x150.jpg\" class=\"attachment-thumbnail size-thumbnail\" alt=\"\" \/><\/a>\n\t\t\t<\/div><\/figure><figure class='gallery-item'>\n\t\t\t<div class='gallery-icon landscape'>\n\t\t\t\t<a href='https:\/\/ostrowskatv.pl\/?attachment_id=2277'><img loading=\"lazy\" decoding=\"async\" width=\"150\" height=\"150\" src=\"https:\/\/ostrowskatv.pl\/wp-content\/uploads\/2016\/10\/mms_img1576549622-150x150.jpg\" class=\"attachment-thumbnail size-thumbnail\" alt=\"\" \/><\/a>\n\t\t\t<\/div><\/figure><figure class='gallery-item'>\n\t\t\t<div class='gallery-icon portrait'>\n\t\t\t\t<a href='https:\/\/ostrowskatv.pl\/?attachment_id=2278'><img loading=\"lazy\" decoding=\"async\" width=\"150\" height=\"150\" src=\"https:\/\/ostrowskatv.pl\/wp-content\/uploads\/2016\/10\/mms_img1728741360-150x150.jpg\" class=\"attachment-thumbnail size-thumbnail\" alt=\"\" srcset=\"https:\/\/ostrowskatv.pl\/wp-content\/uploads\/2016\/10\/mms_img1728741360-150x150.jpg 150w, https:\/\/ostrowskatv.pl\/wp-content\/uploads\/2016\/10\/mms_img1728741360-437x440.jpg 437w\" sizes=\"auto, (max-width: 150px) 100vw, 150px\" \/><\/a>\n\t\t\t<\/div><\/figure><figure class='gallery-item'>\n\t\t\t<div class='gallery-icon landscape'>\n\t\t\t\t<a href='https:\/\/ostrowskatv.pl\/?attachment_id=2279'><img loading=\"lazy\" decoding=\"async\" width=\"150\" height=\"150\" src=\"https:\/\/ostrowskatv.pl\/wp-content\/uploads\/2016\/10\/mms_img1919295992-150x150.jpg\" class=\"attachment-thumbnail size-thumbnail\" alt=\"\" \/><\/a>\n\t\t\t<\/div><\/figure>\n\t\t<\/div>\n\n","protected":false},"excerpt":{"rendered":"W poniedzia\u0142kowe przedpo\u0142udnie dosz\u0142o do zderzenia Peugeota 307 z osobowym Mercedesem R. Powa\u017cna kolizja mia\u0142a miejsce na drodze wojew\u00f3dzkiej pomi\u0119dzy Ostrowem Wlkp., a \n<a class=\"moretag\" href=\"https:\/\/ostrowskatv.pl\/?p=2272\"> [...]<\/a>","protected":false},"author":1,"featured_media":2276,"comment_status":"open","ping_status":"open","sticky":false,"template":"","format":"standard","meta":{"footnotes":""},"categories":[1],"tags":[11],"class_list":["post-2272","post","type-post","status-publish","format-standard","has-post-thumbnail","hentry","category-news","tag-wypadek"],"_links":{"self":[{"href":"https:\/\/ostrowskatv.pl\/index.php?rest_route=\/wp\/v2\/posts\/2272","targetHints":{"allow":["GET"]}}],"collection":[{"href":"https:\/\/ostrowskatv.pl\/index.php?rest_route=\/wp\/v2\/posts"}],"about":[{"href":"https:\/\/ostrowskatv.pl\/index.php?rest_route=\/wp\/v2\/types\/post"}],"author":[{"embeddable":true,"href":"https:\/\/ostrowskatv.pl\/index.php?rest_route=\/wp\/v2\/users\/1"}],"replies":[{"embeddable":true,"href":"https:\/\/ostrowskatv.pl\/index.php?rest_route=%2Fwp%2Fv2%2Fcomments&post=2272"}],"version-history":[{"count":0,"href":"https:\/\/ostrowskatv.pl\/index.php?rest_route=\/wp\/v2\/posts\/2272\/revisions"}],"wp:featuredmedia":[{"embeddable":true,"href":"https:\/\/ostrowskatv.pl\/index.php?rest_route=\/wp\/v2\/media\/2276"}],"wp:attachment":[{"href":"https:\/\/ostrowskatv.pl\/index.php?rest_route=%2Fwp%2Fv2%2Fmedia&parent=2272"}],"wp:term":[{"taxonomy":"category","embeddable":true,"href":"https:\/\/ostrowskatv.pl\/index.php?rest_route=%2Fwp%2Fv2%2Fcategories&post=2272"},{"taxonomy":"post_tag","embeddable":true,"href":"https:\/\/ostrowskatv.pl\/index.php?rest_route=%2Fwp%2Fv2%2Ftags&post=2272"}],"curies":[{"name":"wp","href":"https:\/\/api.w.org\/{rel}","templated":true}]}}