{"id":22718,"date":"2022-12-29T08:51:55","date_gmt":"2022-12-29T07:51:55","guid":{"rendered":"https:\/\/ostrowskatv.pl\/?p=22718"},"modified":"2022-12-29T08:51:55","modified_gmt":"2022-12-29T07:51:55","slug":"znaleziony-na-klatce-schodowej-juz-nie-zyl","status":"publish","type":"post","link":"https:\/\/ostrowskatv.pl\/?p=22718","title":{"rendered":"Znaleziony na klatce schodowej. Ju\u017c nie \u017cy\u0142"},"content":{"rendered":"<p><strong>W \u015brod\u0119 oko\u0142o godziny 13 wezwano karetk\u0119 pogotowia ratunkowego do le\u017c\u0105cego m\u0119\u017cczyzny na klatce schodowej. Zdarzenie mia\u0142o miejsce w kamienicy przy ulicy D\u0105browskiego w Ostrowie Wielkopolskim.<\/strong><\/p>\n<p>Przyby\u0142y na miejsce lekarz stwierdzi\u0142 zgon 61-letniego m\u0119\u017cczyzny. Z uwagi na miejsce zgonu wezwano policj\u0119. Funkcjonariusze zabezpieczyli cia\u0142o do sekcji s\u0105dowo &#8211; lekarskiej, kt\u00f3ra pozwoli odpowiedzie\u0107 na pytanie co by\u0142o przyczyn\u0105 \u015bmierci. <\/p>\n<p>Na ciele m\u0119\u017cczyzny wst\u0119pnie nie znaleziono \u015blad\u00f3w \u015bwiadcz\u0105cych o udziale os\u00f3b trzecich. <\/p>\n<p><img loading=\"lazy\" decoding=\"async\" src=\"https:\/\/ostrowskatv.pl\/wp-content\/uploads\/2022\/12\/20221228_134409-01.jpeg\" alt=\"\" width=\"1366\" height=\"769\" class=\"alignnone size-full wp-image-22719\" srcset=\"https:\/\/ostrowskatv.pl\/wp-content\/uploads\/2022\/12\/20221228_134409-01.jpeg 1366w, https:\/\/ostrowskatv.pl\/wp-content\/uploads\/2022\/12\/20221228_134409-01-300x169.jpeg 300w, https:\/\/ostrowskatv.pl\/wp-content\/uploads\/2022\/12\/20221228_134409-01-640x360.jpeg 640w\" sizes=\"auto, (max-width: 1366px) 100vw, 1366px\" \/><\/p>\n<p><img loading=\"lazy\" decoding=\"async\" src=\"https:\/\/ostrowskatv.pl\/wp-content\/uploads\/2022\/12\/20221228_134405-01.jpeg\" alt=\"\" width=\"1366\" height=\"769\" class=\"alignnone size-full wp-image-22720\" srcset=\"https:\/\/ostrowskatv.pl\/wp-content\/uploads\/2022\/12\/20221228_134405-01.jpeg 1366w, https:\/\/ostrowskatv.pl\/wp-content\/uploads\/2022\/12\/20221228_134405-01-300x169.jpeg 300w, https:\/\/ostrowskatv.pl\/wp-content\/uploads\/2022\/12\/20221228_134405-01-640x360.jpeg 640w\" sizes=\"auto, (max-width: 1366px) 100vw, 1366px\" \/><\/p>\n<p><img loading=\"lazy\" decoding=\"async\" src=\"https:\/\/ostrowskatv.pl\/wp-content\/uploads\/2022\/12\/20221228_134402-01.jpeg\" alt=\"\" width=\"1366\" height=\"547\" class=\"alignnone size-full wp-image-22721\" srcset=\"https:\/\/ostrowskatv.pl\/wp-content\/uploads\/2022\/12\/20221228_134402-01.jpeg 1366w, https:\/\/ostrowskatv.pl\/wp-content\/uploads\/2022\/12\/20221228_134402-01-300x120.jpeg 300w, https:\/\/ostrowskatv.pl\/wp-content\/uploads\/2022\/12\/20221228_134402-01-640x256.jpeg 640w\" sizes=\"auto, (max-width: 1366px) 100vw, 1366px\" \/><\/p>\n","protected":false},"excerpt":{"rendered":"W \u015brod\u0119 oko\u0142o godziny 13 wezwano karetk\u0119 pogotowia ratunkowego do le\u017c\u0105cego m\u0119\u017cczyzny na klatce schodowej. Zdarzenie mia\u0142o miejsce w kamienicy przy ulicy D\u0105browskiego \n<a class=\"moretag\" href=\"https:\/\/ostrowskatv.pl\/?p=22718\"> [...]<\/a>","protected":false},"author":1,"featured_media":22719,"comment_status":"open","ping_status":"closed","sticky":false,"template":"","format":"standard","meta":{"footnotes":""},"categories":[1],"tags":[2],"class_list":["post-22718","post","type-post","status-publish","format-standard","has-post-thumbnail","hentry","category-news","tag-ostrow-wielkopolski"],"_links":{"self":[{"href":"https:\/\/ostrowskatv.pl\/index.php?rest_route=\/wp\/v2\/posts\/22718","targetHints":{"allow":["GET"]}}],"collection":[{"href":"https:\/\/ostrowskatv.pl\/index.php?rest_route=\/wp\/v2\/posts"}],"about":[{"href":"https:\/\/ostrowskatv.pl\/index.php?rest_route=\/wp\/v2\/types\/post"}],"author":[{"embeddable":true,"href":"https:\/\/ostrowskatv.pl\/index.php?rest_route=\/wp\/v2\/users\/1"}],"replies":[{"embeddable":true,"href":"https:\/\/ostrowskatv.pl\/index.php?rest_route=%2Fwp%2Fv2%2Fcomments&post=22718"}],"version-history":[{"count":0,"href":"https:\/\/ostrowskatv.pl\/index.php?rest_route=\/wp\/v2\/posts\/22718\/revisions"}],"wp:featuredmedia":[{"embeddable":true,"href":"https:\/\/ostrowskatv.pl\/index.php?rest_route=\/wp\/v2\/media\/22719"}],"wp:attachment":[{"href":"https:\/\/ostrowskatv.pl\/index.php?rest_route=%2Fwp%2Fv2%2Fmedia&parent=22718"}],"wp:term":[{"taxonomy":"category","embeddable":true,"href":"https:\/\/ostrowskatv.pl\/index.php?rest_route=%2Fwp%2Fv2%2Fcategories&post=22718"},{"taxonomy":"post_tag","embeddable":true,"href":"https:\/\/ostrowskatv.pl\/index.php?rest_route=%2Fwp%2Fv2%2Ftags&post=22718"}],"curies":[{"name":"wp","href":"https:\/\/api.w.org\/{rel}","templated":true}]}}