{"id":22698,"date":"2022-12-27T11:00:46","date_gmt":"2022-12-27T10:00:46","guid":{"rendered":"https:\/\/ostrowskatv.pl\/?p=22698"},"modified":"2022-12-27T11:00:46","modified_gmt":"2022-12-27T10:00:46","slug":"nowiutki-bus-dla-drogowki","status":"publish","type":"post","link":"https:\/\/ostrowskatv.pl\/?p=22698","title":{"rendered":"Nowiutki bus dla drog\u00f3wki"},"content":{"rendered":"<p><strong>Jeszcze kilka lat temu je\u017adzili niemal\u017ce z\u0142omem z \u0142ysawymi oponami. Obecnie korzystaj\u0105 z przyzwoitego busa drog\u00f3wki. Na tym si\u0119 jednak ostrowscy policjanci z drog\u00f3wki nie zatrzymali. W\u0142a\u015bnie dostali nowy specjalistyczny radiow\u00f3z do obs\u0142ugi wypadk\u00f3w drogowych. <\/strong><\/p>\n<p><img loading=\"lazy\" decoding=\"async\" class=\"alignnone size-full wp-image-22702\" src=\"https:\/\/ostrowskatv.pl\/wp-content\/uploads\/2022\/12\/415-99460.jpg\" alt=\"\" width=\"1200\" height=\"675\" srcset=\"https:\/\/ostrowskatv.pl\/wp-content\/uploads\/2022\/12\/415-99460.jpg 1200w, https:\/\/ostrowskatv.pl\/wp-content\/uploads\/2022\/12\/415-99460-300x169.jpg 300w, https:\/\/ostrowskatv.pl\/wp-content\/uploads\/2022\/12\/415-99460-640x360.jpg 640w\" sizes=\"auto, (max-width: 1200px) 100vw, 1200px\" \/><\/p>\n<p><img loading=\"lazy\" decoding=\"async\" class=\"alignnone size-full wp-image-22703\" src=\"https:\/\/ostrowskatv.pl\/wp-content\/uploads\/2022\/12\/415-99461.jpg\" alt=\"\" width=\"1200\" height=\"675\" srcset=\"https:\/\/ostrowskatv.pl\/wp-content\/uploads\/2022\/12\/415-99461.jpg 1200w, https:\/\/ostrowskatv.pl\/wp-content\/uploads\/2022\/12\/415-99461-300x169.jpg 300w, https:\/\/ostrowskatv.pl\/wp-content\/uploads\/2022\/12\/415-99461-640x360.jpg 640w\" sizes=\"auto, (max-width: 1200px) 100vw, 1200px\" \/><\/p>\n<p><img loading=\"lazy\" decoding=\"async\" class=\"alignnone size-full wp-image-22704\" src=\"https:\/\/ostrowskatv.pl\/wp-content\/uploads\/2022\/12\/415-99462.jpg\" alt=\"\" width=\"800\" height=\"450\" srcset=\"https:\/\/ostrowskatv.pl\/wp-content\/uploads\/2022\/12\/415-99462.jpg 800w, https:\/\/ostrowskatv.pl\/wp-content\/uploads\/2022\/12\/415-99462-300x169.jpg 300w, https:\/\/ostrowskatv.pl\/wp-content\/uploads\/2022\/12\/415-99462-640x360.jpg 640w\" sizes=\"auto, (max-width: 800px) 100vw, 800px\" \/><\/p>\n<p><img loading=\"lazy\" decoding=\"async\" class=\"alignnone size-full wp-image-22705\" src=\"https:\/\/ostrowskatv.pl\/wp-content\/uploads\/2022\/12\/415-99464.jpg\" alt=\"\" width=\"800\" height=\"450\" srcset=\"https:\/\/ostrowskatv.pl\/wp-content\/uploads\/2022\/12\/415-99464.jpg 800w, https:\/\/ostrowskatv.pl\/wp-content\/uploads\/2022\/12\/415-99464-300x169.jpg 300w, https:\/\/ostrowskatv.pl\/wp-content\/uploads\/2022\/12\/415-99464-640x360.jpg 640w\" sizes=\"auto, (max-width: 800px) 100vw, 800px\" \/><\/p>\n<p><img loading=\"lazy\" decoding=\"async\" class=\"alignnone size-full wp-image-22706\" src=\"https:\/\/ostrowskatv.pl\/wp-content\/uploads\/2022\/12\/415-99465.jpg\" alt=\"\" width=\"800\" height=\"450\" srcset=\"https:\/\/ostrowskatv.pl\/wp-content\/uploads\/2022\/12\/415-99465.jpg 800w, https:\/\/ostrowskatv.pl\/wp-content\/uploads\/2022\/12\/415-99465-300x169.jpg 300w, https:\/\/ostrowskatv.pl\/wp-content\/uploads\/2022\/12\/415-99465-640x360.jpg 640w\" sizes=\"auto, (max-width: 800px) 100vw, 800px\" \/><\/p>\n<p><img loading=\"lazy\" decoding=\"async\" class=\"alignnone size-full wp-image-22707\" src=\"https:\/\/ostrowskatv.pl\/wp-content\/uploads\/2022\/12\/415-99467.jpg\" alt=\"\" width=\"800\" height=\"450\" srcset=\"https:\/\/ostrowskatv.pl\/wp-content\/uploads\/2022\/12\/415-99467.jpg 800w, https:\/\/ostrowskatv.pl\/wp-content\/uploads\/2022\/12\/415-99467-300x169.jpg 300w, https:\/\/ostrowskatv.pl\/wp-content\/uploads\/2022\/12\/415-99467-640x360.jpg 640w\" sizes=\"auto, (max-width: 800px) 100vw, 800px\" \/><\/p>\n<p><img loading=\"lazy\" decoding=\"async\" class=\"alignnone size-full wp-image-22708\" src=\"https:\/\/ostrowskatv.pl\/wp-content\/uploads\/2022\/12\/415-99468.jpg\" alt=\"\" width=\"800\" height=\"450\" srcset=\"https:\/\/ostrowskatv.pl\/wp-content\/uploads\/2022\/12\/415-99468.jpg 800w, https:\/\/ostrowskatv.pl\/wp-content\/uploads\/2022\/12\/415-99468-300x169.jpg 300w, https:\/\/ostrowskatv.pl\/wp-content\/uploads\/2022\/12\/415-99468-640x360.jpg 640w\" sizes=\"auto, (max-width: 800px) 100vw, 800px\" \/><\/p>\n<p><img loading=\"lazy\" decoding=\"async\" class=\"alignnone size-full wp-image-22709\" src=\"https:\/\/ostrowskatv.pl\/wp-content\/uploads\/2022\/12\/415-99469.jpg\" alt=\"\" width=\"800\" height=\"450\" srcset=\"https:\/\/ostrowskatv.pl\/wp-content\/uploads\/2022\/12\/415-99469.jpg 800w, https:\/\/ostrowskatv.pl\/wp-content\/uploads\/2022\/12\/415-99469-300x169.jpg 300w, https:\/\/ostrowskatv.pl\/wp-content\/uploads\/2022\/12\/415-99469-640x360.jpg 640w\" sizes=\"auto, (max-width: 800px) 100vw, 800px\" \/><\/p>\n<p><img loading=\"lazy\" decoding=\"async\" class=\"alignnone size-full wp-image-22710\" src=\"https:\/\/ostrowskatv.pl\/wp-content\/uploads\/2022\/12\/415-99470.jpg\" alt=\"\" width=\"800\" height=\"450\" srcset=\"https:\/\/ostrowskatv.pl\/wp-content\/uploads\/2022\/12\/415-99470.jpg 800w, https:\/\/ostrowskatv.pl\/wp-content\/uploads\/2022\/12\/415-99470-300x169.jpg 300w, https:\/\/ostrowskatv.pl\/wp-content\/uploads\/2022\/12\/415-99470-640x360.jpg 640w\" sizes=\"auto, (max-width: 800px) 100vw, 800px\" \/><\/p>\n<p><img loading=\"lazy\" decoding=\"async\" class=\"alignnone size-full wp-image-22711\" src=\"https:\/\/ostrowskatv.pl\/wp-content\/uploads\/2022\/12\/415-99471.jpg\" alt=\"\" width=\"800\" height=\"450\" srcset=\"https:\/\/ostrowskatv.pl\/wp-content\/uploads\/2022\/12\/415-99471.jpg 800w, https:\/\/ostrowskatv.pl\/wp-content\/uploads\/2022\/12\/415-99471-300x169.jpg 300w, https:\/\/ostrowskatv.pl\/wp-content\/uploads\/2022\/12\/415-99471-640x360.jpg 640w\" sizes=\"auto, (max-width: 800px) 100vw, 800px\" \/><\/p>\n<p>Nowe radiowozy to samochody marki Volkswagen model Crafter &#8211; furgony o mocy 177 KM. Samochody zosta\u0142y zakupione przez Komend\u0119 G\u0142\u00f3wn\u0105 Policji przy wsp\u00f3\u0142finansowaniu przez Uni\u0119 Europejsk\u0105 ze \u015brodk\u00f3w Funduszu Sp\u00f3jno\u015bci w ramach Programu Operacyjnego Infrastruktura i \u015arodowisko 2014-2020 &#8211; Projekt \u201eBezpieczniej na drogach &#8211; Ambulans Pogotowia Ruchu Drogowego dla Policji\u201d.<\/p>\n<p>Z racji charakterystyki zada\u0144, do realizacji kt\u00f3rych nowe volkswageny zosta\u0142y przeznaczone, wyposa\u017cono je w szereg udogodnie\u0144 i wiele element\u00f3w dodatkowego wyposa\u017cenia, co powoli ich u\u017cytkownikom w spos\u00f3b jeszcze bardziej kompleksowy obs\u0142ugiwa\u0107 wszelkiego rodzaju zdarzenia drogowe, od kolizji po nawet najbardziej z\u0142o\u017cone i powa\u017cne wypadki drogowe.<\/p>\n<p>Spo\u015br\u00f3d specjalistycznego sprz\u0119tu warto wymieni\u0107 m.in. tablic\u0119 \u015bwietln\u0105 \u201eUwaga wypadek\u201d znajduj\u0105c\u0105 si\u0119 na dachu pojazdu, a obs\u0142ugiwan\u0105 za pomoc\u0105 tabletu. W tym samym miejscu znajduje si\u0119 r\u00f3wnie\u017c maszt do\u015bwietlaj\u0105cy przeznaczony do nocnych dzia\u0142a\u0144. W poje\u017adzie s\u0105 tak\u017ce agregat pr\u0105dotw\u00f3rczy oraz fotele, biurka i sprz\u0119t informatyczny (laptop i drukarka), a tak\u017ce policyjne zestawy &#8222;ZAPORA&#8221; oraz &#8222;JOD\u0141A&#8221;, umo\u017cliwiaj\u0105ce zabezpieczenie miejsca zdarzenia i sprawne podj\u0119cie czynno\u015bci s\u0142u\u017cbowych podczas obs\u0142ugi kolizji, wypadku lub katastrofy w ruchu drogowym.<\/p>\n<p><img loading=\"lazy\" decoding=\"async\" class=\"alignnone size-full wp-image-22699\" src=\"https:\/\/ostrowskatv.pl\/wp-content\/uploads\/2022\/12\/20221226_170731-01.jpeg\" alt=\"\" width=\"1366\" height=\"770\" srcset=\"https:\/\/ostrowskatv.pl\/wp-content\/uploads\/2022\/12\/20221226_170731-01.jpeg 1366w, https:\/\/ostrowskatv.pl\/wp-content\/uploads\/2022\/12\/20221226_170731-01-300x169.jpeg 300w, https:\/\/ostrowskatv.pl\/wp-content\/uploads\/2022\/12\/20221226_170731-01-640x360.jpeg 640w, https:\/\/ostrowskatv.pl\/wp-content\/uploads\/2022\/12\/20221226_170731-01-388x220.jpeg 388w\" sizes=\"auto, (max-width: 1366px) 100vw, 1366px\" \/><\/p>\n","protected":false},"excerpt":{"rendered":"Jeszcze kilka lat temu je\u017adzili niemal\u017ce z\u0142omem z \u0142ysawymi oponami. Obecnie korzystaj\u0105 z przyzwoitego busa drog\u00f3wki. Na tym si\u0119 jednak ostrowscy policjanci z \n<a class=\"moretag\" href=\"https:\/\/ostrowskatv.pl\/?p=22698\"> [...]<\/a>","protected":false},"author":1,"featured_media":22700,"comment_status":"open","ping_status":"closed","sticky":false,"template":"","format":"standard","meta":{"footnotes":""},"categories":[1],"tags":[34],"class_list":["post-22698","post","type-post","status-publish","format-standard","has-post-thumbnail","hentry","category-news","tag-policja"],"_links":{"self":[{"href":"https:\/\/ostrowskatv.pl\/index.php?rest_route=\/wp\/v2\/posts\/22698","targetHints":{"allow":["GET"]}}],"collection":[{"href":"https:\/\/ostrowskatv.pl\/index.php?rest_route=\/wp\/v2\/posts"}],"about":[{"href":"https:\/\/ostrowskatv.pl\/index.php?rest_route=\/wp\/v2\/types\/post"}],"author":[{"embeddable":true,"href":"https:\/\/ostrowskatv.pl\/index.php?rest_route=\/wp\/v2\/users\/1"}],"replies":[{"embeddable":true,"href":"https:\/\/ostrowskatv.pl\/index.php?rest_route=%2Fwp%2Fv2%2Fcomments&post=22698"}],"version-history":[{"count":0,"href":"https:\/\/ostrowskatv.pl\/index.php?rest_route=\/wp\/v2\/posts\/22698\/revisions"}],"wp:featuredmedia":[{"embeddable":true,"href":"https:\/\/ostrowskatv.pl\/index.php?rest_route=\/wp\/v2\/media\/22700"}],"wp:attachment":[{"href":"https:\/\/ostrowskatv.pl\/index.php?rest_route=%2Fwp%2Fv2%2Fmedia&parent=22698"}],"wp:term":[{"taxonomy":"category","embeddable":true,"href":"https:\/\/ostrowskatv.pl\/index.php?rest_route=%2Fwp%2Fv2%2Fcategories&post=22698"},{"taxonomy":"post_tag","embeddable":true,"href":"https:\/\/ostrowskatv.pl\/index.php?rest_route=%2Fwp%2Fv2%2Ftags&post=22698"}],"curies":[{"name":"wp","href":"https:\/\/api.w.org\/{rel}","templated":true}]}}