{"id":2267,"date":"2016-10-02T17:57:44","date_gmt":"2016-10-02T16:57:44","guid":{"rendered":"http:\/\/ostrowska.tv\/?p=2267"},"modified":"2016-10-03T11:46:17","modified_gmt":"2016-10-03T10:46:17","slug":"wypadek-w-cyrku-27-latka-ma-uraz-kregoslupa-i-glowy","status":"publish","type":"post","link":"https:\/\/ostrowskatv.pl\/?p=2267","title":{"rendered":"Wypadek w cyrku. 27-latka ma uraz kr\u0119gos\u0142upa i g\u0142owy"},"content":{"rendered":"<p><strong>W czasie niedzielnego pokazu w &#8222;Cyrku Zalewski&#8221; dosz\u0142o do powa\u017cnego w skutkach wypadku. Kilka minut po rozpocz\u0119ciu pokazu na drewnianych \u0142awkach usiad\u0142a 27-latka. Swoje 2-letnie dziecko postanowi\u0142a trzyma\u0107 na kolanach. Nagle zgromadzeni wok\u00f3\u0142 ludzie us\u0142yszeli krzyk.<br \/>\n<\/strong><\/p>\n<p>Wed\u0142ug relacji przedstawiciela cyrku, winne sytuacji mia\u0142o by\u0107 wierc\u0105ce si\u0119 dziecko, wskutek czego trzymaj\u0105ca je matka przechyli\u0142a si\u0119 za mocno do ty\u0142u i spad\u0142a z ostatniego rz\u0119du na widowni.<\/p>\n<p>Upadek nast\u0105pi\u0142 z wysoko\u015bci oko\u0142o 2 metr\u00f3w. Upadek by\u0142 tak nieszcz\u0119\u015bliwy, \u017ce kobieta dozna\u0142a urazu kr\u0119gos\u0142upa szyjnego i g\u0142owy. U dziecka stwierdzono og\u00f3lne pot\u0142uczenia. Nieprawdziwe okaza\u0142y si\u0119 pierwsze relacje m\u00f3wi\u0105ce o z\u0142amanej \u0142awce.<\/p>\n","protected":false},"excerpt":{"rendered":"W czasie niedzielnego pokazu w &#8222;Cyrku Zalewski&#8221; dosz\u0142o do powa\u017cnego w skutkach wypadku. Kilka minut po rozpocz\u0119ciu pokazu na drewnianych \u0142awkach usiad\u0142a 27-latka. \n<a class=\"moretag\" href=\"https:\/\/ostrowskatv.pl\/?p=2267\"> [...]<\/a>","protected":false},"author":1,"featured_media":2270,"comment_status":"open","ping_status":"open","sticky":false,"template":"","format":"standard","meta":{"footnotes":""},"categories":[1],"tags":[2],"class_list":["post-2267","post","type-post","status-publish","format-standard","has-post-thumbnail","hentry","category-news","tag-ostrow-wielkopolski"],"_links":{"self":[{"href":"https:\/\/ostrowskatv.pl\/index.php?rest_route=\/wp\/v2\/posts\/2267","targetHints":{"allow":["GET"]}}],"collection":[{"href":"https:\/\/ostrowskatv.pl\/index.php?rest_route=\/wp\/v2\/posts"}],"about":[{"href":"https:\/\/ostrowskatv.pl\/index.php?rest_route=\/wp\/v2\/types\/post"}],"author":[{"embeddable":true,"href":"https:\/\/ostrowskatv.pl\/index.php?rest_route=\/wp\/v2\/users\/1"}],"replies":[{"embeddable":true,"href":"https:\/\/ostrowskatv.pl\/index.php?rest_route=%2Fwp%2Fv2%2Fcomments&post=2267"}],"version-history":[{"count":0,"href":"https:\/\/ostrowskatv.pl\/index.php?rest_route=\/wp\/v2\/posts\/2267\/revisions"}],"wp:featuredmedia":[{"embeddable":true,"href":"https:\/\/ostrowskatv.pl\/index.php?rest_route=\/wp\/v2\/media\/2270"}],"wp:attachment":[{"href":"https:\/\/ostrowskatv.pl\/index.php?rest_route=%2Fwp%2Fv2%2Fmedia&parent=2267"}],"wp:term":[{"taxonomy":"category","embeddable":true,"href":"https:\/\/ostrowskatv.pl\/index.php?rest_route=%2Fwp%2Fv2%2Fcategories&post=2267"},{"taxonomy":"post_tag","embeddable":true,"href":"https:\/\/ostrowskatv.pl\/index.php?rest_route=%2Fwp%2Fv2%2Ftags&post=2267"}],"curies":[{"name":"wp","href":"https:\/\/api.w.org\/{rel}","templated":true}]}}