{"id":22665,"date":"2022-12-27T09:38:39","date_gmt":"2022-12-27T08:38:39","guid":{"rendered":"https:\/\/ostrowskatv.pl\/?p=22665"},"modified":"2022-12-27T09:59:32","modified_gmt":"2022-12-27T08:59:32","slug":"wyjatkowe-uczczenie-rocznicy-powstania-wielkopolskiego","status":"publish","type":"post","link":"https:\/\/ostrowskatv.pl\/?p=22665","title":{"rendered":"Wyj\u0105tkowe uczczenie rocznicy Powstania Wielkopolskiego"},"content":{"rendered":"<p><strong>W\u0142adze Powiatu Ostrowskiego wzi\u0119\u0142y sobie do serca wyj\u0105tkowo\u015b\u0107 Powstania Wielkopolskiego, jedynego zwyci\u0119skiego w Polsce. Przed starostwem oraz w Domu Katechetycznym odby\u0142a si\u0119 inauguracja obchod\u00f3w tego \u015bwi\u0119ta.<\/strong><\/p>\n<p><img loading=\"lazy\" decoding=\"async\" src=\"https:\/\/ostrowskatv.pl\/wp-content\/uploads\/2022\/12\/20221222_172751-01.jpeg\" alt=\"\" width=\"1366\" height=\"769\" class=\"alignnone size-full wp-image-22667\" srcset=\"https:\/\/ostrowskatv.pl\/wp-content\/uploads\/2022\/12\/20221222_172751-01.jpeg 1366w, https:\/\/ostrowskatv.pl\/wp-content\/uploads\/2022\/12\/20221222_172751-01-300x169.jpeg 300w, https:\/\/ostrowskatv.pl\/wp-content\/uploads\/2022\/12\/20221222_172751-01-640x360.jpeg 640w\" sizes=\"auto, (max-width: 1366px) 100vw, 1366px\" \/><\/p>\n<p><img loading=\"lazy\" decoding=\"async\" src=\"https:\/\/ostrowskatv.pl\/wp-content\/uploads\/2022\/12\/20221222_172743-01.jpeg\" alt=\"\" width=\"1366\" height=\"769\" class=\"alignnone size-full wp-image-22668\" srcset=\"https:\/\/ostrowskatv.pl\/wp-content\/uploads\/2022\/12\/20221222_172743-01.jpeg 1366w, https:\/\/ostrowskatv.pl\/wp-content\/uploads\/2022\/12\/20221222_172743-01-300x169.jpeg 300w, https:\/\/ostrowskatv.pl\/wp-content\/uploads\/2022\/12\/20221222_172743-01-640x360.jpeg 640w\" sizes=\"auto, (max-width: 1366px) 100vw, 1366px\" \/><\/p>\n<p><img loading=\"lazy\" decoding=\"async\" src=\"https:\/\/ostrowskatv.pl\/wp-content\/uploads\/2022\/12\/20221222_172010-01.jpeg\" alt=\"\" width=\"1366\" height=\"769\" class=\"alignnone size-full wp-image-22669\" srcset=\"https:\/\/ostrowskatv.pl\/wp-content\/uploads\/2022\/12\/20221222_172010-01.jpeg 1366w, https:\/\/ostrowskatv.pl\/wp-content\/uploads\/2022\/12\/20221222_172010-01-300x169.jpeg 300w, https:\/\/ostrowskatv.pl\/wp-content\/uploads\/2022\/12\/20221222_172010-01-640x360.jpeg 640w\" sizes=\"auto, (max-width: 1366px) 100vw, 1366px\" \/><\/p>\n<p><img loading=\"lazy\" decoding=\"async\" src=\"https:\/\/ostrowskatv.pl\/wp-content\/uploads\/2022\/12\/20221222_171909-01.jpeg\" alt=\"\" width=\"1366\" height=\"518\" class=\"alignnone size-full wp-image-22670\" srcset=\"https:\/\/ostrowskatv.pl\/wp-content\/uploads\/2022\/12\/20221222_171909-01.jpeg 1366w, https:\/\/ostrowskatv.pl\/wp-content\/uploads\/2022\/12\/20221222_171909-01-300x114.jpeg 300w, https:\/\/ostrowskatv.pl\/wp-content\/uploads\/2022\/12\/20221222_171909-01-640x243.jpeg 640w\" sizes=\"auto, (max-width: 1366px) 100vw, 1366px\" \/><\/p>\n<p><img loading=\"lazy\" decoding=\"async\" src=\"https:\/\/ostrowskatv.pl\/wp-content\/uploads\/2022\/12\/20221222_171235-01.jpeg\" alt=\"\" width=\"1366\" height=\"769\" class=\"alignnone size-full wp-image-22671\" srcset=\"https:\/\/ostrowskatv.pl\/wp-content\/uploads\/2022\/12\/20221222_171235-01.jpeg 1366w, https:\/\/ostrowskatv.pl\/wp-content\/uploads\/2022\/12\/20221222_171235-01-300x169.jpeg 300w, https:\/\/ostrowskatv.pl\/wp-content\/uploads\/2022\/12\/20221222_171235-01-640x360.jpeg 640w\" sizes=\"auto, (max-width: 1366px) 100vw, 1366px\" \/><\/p>\n<p><img loading=\"lazy\" decoding=\"async\" src=\"https:\/\/ostrowskatv.pl\/wp-content\/uploads\/2022\/12\/20221222_171233-01.jpeg\" alt=\"\" width=\"1366\" height=\"769\" class=\"alignnone size-full wp-image-22672\" srcset=\"https:\/\/ostrowskatv.pl\/wp-content\/uploads\/2022\/12\/20221222_171233-01.jpeg 1366w, https:\/\/ostrowskatv.pl\/wp-content\/uploads\/2022\/12\/20221222_171233-01-300x169.jpeg 300w, https:\/\/ostrowskatv.pl\/wp-content\/uploads\/2022\/12\/20221222_171233-01-640x360.jpeg 640w\" sizes=\"auto, (max-width: 1366px) 100vw, 1366px\" \/><\/p>\n<p><img loading=\"lazy\" decoding=\"async\" src=\"https:\/\/ostrowskatv.pl\/wp-content\/uploads\/2022\/12\/20221222_171111-01.jpeg\" alt=\"\" width=\"1366\" height=\"769\" class=\"alignnone size-full wp-image-22673\" srcset=\"https:\/\/ostrowskatv.pl\/wp-content\/uploads\/2022\/12\/20221222_171111-01.jpeg 1366w, https:\/\/ostrowskatv.pl\/wp-content\/uploads\/2022\/12\/20221222_171111-01-300x169.jpeg 300w, https:\/\/ostrowskatv.pl\/wp-content\/uploads\/2022\/12\/20221222_171111-01-640x360.jpeg 640w\" sizes=\"auto, (max-width: 1366px) 100vw, 1366px\" \/><\/p>\n<p><img loading=\"lazy\" decoding=\"async\" src=\"https:\/\/ostrowskatv.pl\/wp-content\/uploads\/2022\/12\/20221222_171108-01.jpeg\" alt=\"\" width=\"1366\" height=\"769\" class=\"alignnone size-full wp-image-22674\" srcset=\"https:\/\/ostrowskatv.pl\/wp-content\/uploads\/2022\/12\/20221222_171108-01.jpeg 1366w, https:\/\/ostrowskatv.pl\/wp-content\/uploads\/2022\/12\/20221222_171108-01-300x169.jpeg 300w, https:\/\/ostrowskatv.pl\/wp-content\/uploads\/2022\/12\/20221222_171108-01-640x360.jpeg 640w\" sizes=\"auto, (max-width: 1366px) 100vw, 1366px\" \/><\/p>\n<p><img loading=\"lazy\" decoding=\"async\" src=\"https:\/\/ostrowskatv.pl\/wp-content\/uploads\/2022\/12\/20221222_171105-01.jpeg\" alt=\"\" width=\"1366\" height=\"769\" class=\"alignnone size-full wp-image-22675\" srcset=\"https:\/\/ostrowskatv.pl\/wp-content\/uploads\/2022\/12\/20221222_171105-01.jpeg 1366w, https:\/\/ostrowskatv.pl\/wp-content\/uploads\/2022\/12\/20221222_171105-01-300x169.jpeg 300w, https:\/\/ostrowskatv.pl\/wp-content\/uploads\/2022\/12\/20221222_171105-01-640x360.jpeg 640w\" sizes=\"auto, (max-width: 1366px) 100vw, 1366px\" \/><\/p>\n<p><img loading=\"lazy\" decoding=\"async\" src=\"https:\/\/ostrowskatv.pl\/wp-content\/uploads\/2022\/12\/20221222_170719-01.jpeg\" alt=\"\" width=\"1366\" height=\"769\" class=\"alignnone size-full wp-image-22676\" srcset=\"https:\/\/ostrowskatv.pl\/wp-content\/uploads\/2022\/12\/20221222_170719-01.jpeg 1366w, https:\/\/ostrowskatv.pl\/wp-content\/uploads\/2022\/12\/20221222_170719-01-300x169.jpeg 300w, https:\/\/ostrowskatv.pl\/wp-content\/uploads\/2022\/12\/20221222_170719-01-640x360.jpeg 640w\" sizes=\"auto, (max-width: 1366px) 100vw, 1366px\" \/><\/p>\n<p><img loading=\"lazy\" decoding=\"async\" src=\"https:\/\/ostrowskatv.pl\/wp-content\/uploads\/2022\/12\/20221222_170714-01.jpeg\" alt=\"\" width=\"1366\" height=\"769\" class=\"alignnone size-full wp-image-22677\" srcset=\"https:\/\/ostrowskatv.pl\/wp-content\/uploads\/2022\/12\/20221222_170714-01.jpeg 1366w, https:\/\/ostrowskatv.pl\/wp-content\/uploads\/2022\/12\/20221222_170714-01-300x169.jpeg 300w, https:\/\/ostrowskatv.pl\/wp-content\/uploads\/2022\/12\/20221222_170714-01-640x360.jpeg 640w\" sizes=\"auto, (max-width: 1366px) 100vw, 1366px\" \/><\/p>\n<p><img loading=\"lazy\" decoding=\"async\" src=\"https:\/\/ostrowskatv.pl\/wp-content\/uploads\/2022\/12\/20221222_170452-01.jpeg\" alt=\"\" width=\"1366\" height=\"769\" class=\"alignnone size-full wp-image-22678\" srcset=\"https:\/\/ostrowskatv.pl\/wp-content\/uploads\/2022\/12\/20221222_170452-01.jpeg 1366w, https:\/\/ostrowskatv.pl\/wp-content\/uploads\/2022\/12\/20221222_170452-01-300x169.jpeg 300w, https:\/\/ostrowskatv.pl\/wp-content\/uploads\/2022\/12\/20221222_170452-01-640x360.jpeg 640w\" sizes=\"auto, (max-width: 1366px) 100vw, 1366px\" \/><\/p>\n<p><img loading=\"lazy\" decoding=\"async\" src=\"https:\/\/ostrowskatv.pl\/wp-content\/uploads\/2022\/12\/20221222_170448-01.jpeg\" alt=\"\" width=\"1366\" height=\"769\" class=\"alignnone size-full wp-image-22679\" srcset=\"https:\/\/ostrowskatv.pl\/wp-content\/uploads\/2022\/12\/20221222_170448-01.jpeg 1366w, https:\/\/ostrowskatv.pl\/wp-content\/uploads\/2022\/12\/20221222_170448-01-300x169.jpeg 300w, https:\/\/ostrowskatv.pl\/wp-content\/uploads\/2022\/12\/20221222_170448-01-640x360.jpeg 640w\" sizes=\"auto, (max-width: 1366px) 100vw, 1366px\" \/><\/p>\n<p><img loading=\"lazy\" decoding=\"async\" src=\"https:\/\/ostrowskatv.pl\/wp-content\/uploads\/2022\/12\/20221222_170445-01.jpeg\" alt=\"\" width=\"1366\" height=\"769\" class=\"alignnone size-full wp-image-22680\" srcset=\"https:\/\/ostrowskatv.pl\/wp-content\/uploads\/2022\/12\/20221222_170445-01.jpeg 1366w, https:\/\/ostrowskatv.pl\/wp-content\/uploads\/2022\/12\/20221222_170445-01-300x169.jpeg 300w, https:\/\/ostrowskatv.pl\/wp-content\/uploads\/2022\/12\/20221222_170445-01-640x360.jpeg 640w\" sizes=\"auto, (max-width: 1366px) 100vw, 1366px\" \/><\/p>\n<p><img loading=\"lazy\" decoding=\"async\" src=\"https:\/\/ostrowskatv.pl\/wp-content\/uploads\/2022\/12\/20221222_170439-01.jpeg\" alt=\"\" width=\"1366\" height=\"769\" class=\"alignnone size-full wp-image-22681\" srcset=\"https:\/\/ostrowskatv.pl\/wp-content\/uploads\/2022\/12\/20221222_170439-01.jpeg 1366w, https:\/\/ostrowskatv.pl\/wp-content\/uploads\/2022\/12\/20221222_170439-01-300x169.jpeg 300w, https:\/\/ostrowskatv.pl\/wp-content\/uploads\/2022\/12\/20221222_170439-01-640x360.jpeg 640w\" sizes=\"auto, (max-width: 1366px) 100vw, 1366px\" \/><\/p>\n<p><img loading=\"lazy\" decoding=\"async\" src=\"https:\/\/ostrowskatv.pl\/wp-content\/uploads\/2022\/12\/20221222_170435-01.jpeg\" alt=\"\" width=\"1366\" height=\"769\" class=\"alignnone size-full wp-image-22682\" srcset=\"https:\/\/ostrowskatv.pl\/wp-content\/uploads\/2022\/12\/20221222_170435-01.jpeg 1366w, https:\/\/ostrowskatv.pl\/wp-content\/uploads\/2022\/12\/20221222_170435-01-300x169.jpeg 300w, https:\/\/ostrowskatv.pl\/wp-content\/uploads\/2022\/12\/20221222_170435-01-640x360.jpeg 640w\" sizes=\"auto, (max-width: 1366px) 100vw, 1366px\" \/><\/p>\n<p><img loading=\"lazy\" decoding=\"async\" src=\"https:\/\/ostrowskatv.pl\/wp-content\/uploads\/2022\/12\/20221222_170431-01.jpeg\" alt=\"\" width=\"1366\" height=\"769\" class=\"alignnone size-full wp-image-22683\" srcset=\"https:\/\/ostrowskatv.pl\/wp-content\/uploads\/2022\/12\/20221222_170431-01.jpeg 1366w, https:\/\/ostrowskatv.pl\/wp-content\/uploads\/2022\/12\/20221222_170431-01-300x169.jpeg 300w, https:\/\/ostrowskatv.pl\/wp-content\/uploads\/2022\/12\/20221222_170431-01-640x360.jpeg 640w\" sizes=\"auto, (max-width: 1366px) 100vw, 1366px\" \/><\/p>\n<p><img loading=\"lazy\" decoding=\"async\" src=\"https:\/\/ostrowskatv.pl\/wp-content\/uploads\/2022\/12\/20221222_170114-01.jpeg\" alt=\"\" width=\"1366\" height=\"924\" class=\"alignnone size-full wp-image-22684\" srcset=\"https:\/\/ostrowskatv.pl\/wp-content\/uploads\/2022\/12\/20221222_170114-01.jpeg 1366w, https:\/\/ostrowskatv.pl\/wp-content\/uploads\/2022\/12\/20221222_170114-01-300x203.jpeg 300w, https:\/\/ostrowskatv.pl\/wp-content\/uploads\/2022\/12\/20221222_170114-01-532x360.jpeg 532w\" sizes=\"auto, (max-width: 1366px) 100vw, 1366px\" \/><\/p>\n<p><img loading=\"lazy\" decoding=\"async\" src=\"https:\/\/ostrowskatv.pl\/wp-content\/uploads\/2022\/12\/20221222_170054-01.jpeg\" alt=\"\" width=\"1366\" height=\"769\" class=\"alignnone size-full wp-image-22685\" srcset=\"https:\/\/ostrowskatv.pl\/wp-content\/uploads\/2022\/12\/20221222_170054-01.jpeg 1366w, https:\/\/ostrowskatv.pl\/wp-content\/uploads\/2022\/12\/20221222_170054-01-300x169.jpeg 300w, https:\/\/ostrowskatv.pl\/wp-content\/uploads\/2022\/12\/20221222_170054-01-640x360.jpeg 640w\" sizes=\"auto, (max-width: 1366px) 100vw, 1366px\" \/><\/p>\n<p><img loading=\"lazy\" decoding=\"async\" src=\"https:\/\/ostrowskatv.pl\/wp-content\/uploads\/2022\/12\/20221222_170050-01.jpeg\" alt=\"\" width=\"1366\" height=\"769\" class=\"alignnone size-full wp-image-22686\" srcset=\"https:\/\/ostrowskatv.pl\/wp-content\/uploads\/2022\/12\/20221222_170050-01.jpeg 1366w, https:\/\/ostrowskatv.pl\/wp-content\/uploads\/2022\/12\/20221222_170050-01-300x169.jpeg 300w, https:\/\/ostrowskatv.pl\/wp-content\/uploads\/2022\/12\/20221222_170050-01-640x360.jpeg 640w\" sizes=\"auto, (max-width: 1366px) 100vw, 1366px\" \/><\/p>\n<p><img loading=\"lazy\" decoding=\"async\" src=\"https:\/\/ostrowskatv.pl\/wp-content\/uploads\/2022\/12\/20221222_170046-01.jpeg\" alt=\"\" width=\"1366\" height=\"822\" class=\"alignnone size-full wp-image-22687\" srcset=\"https:\/\/ostrowskatv.pl\/wp-content\/uploads\/2022\/12\/20221222_170046-01.jpeg 1366w, https:\/\/ostrowskatv.pl\/wp-content\/uploads\/2022\/12\/20221222_170046-01-300x181.jpeg 300w, https:\/\/ostrowskatv.pl\/wp-content\/uploads\/2022\/12\/20221222_170046-01-598x360.jpeg 598w\" sizes=\"auto, (max-width: 1366px) 100vw, 1366px\" \/><\/p>\n<p><img loading=\"lazy\" decoding=\"async\" src=\"https:\/\/ostrowskatv.pl\/wp-content\/uploads\/2022\/12\/20221222_170041-01.jpeg\" alt=\"\" width=\"1366\" height=\"769\" class=\"alignnone size-full wp-image-22688\" srcset=\"https:\/\/ostrowskatv.pl\/wp-content\/uploads\/2022\/12\/20221222_170041-01.jpeg 1366w, https:\/\/ostrowskatv.pl\/wp-content\/uploads\/2022\/12\/20221222_170041-01-300x169.jpeg 300w, https:\/\/ostrowskatv.pl\/wp-content\/uploads\/2022\/12\/20221222_170041-01-640x360.jpeg 640w\" sizes=\"auto, (max-width: 1366px) 100vw, 1366px\" \/><\/p>\n<p><img loading=\"lazy\" decoding=\"async\" src=\"https:\/\/ostrowskatv.pl\/wp-content\/uploads\/2022\/12\/20221222_170036-01.jpeg\" alt=\"\" width=\"1366\" height=\"769\" class=\"alignnone size-full wp-image-22689\" srcset=\"https:\/\/ostrowskatv.pl\/wp-content\/uploads\/2022\/12\/20221222_170036-01.jpeg 1366w, https:\/\/ostrowskatv.pl\/wp-content\/uploads\/2022\/12\/20221222_170036-01-300x169.jpeg 300w, https:\/\/ostrowskatv.pl\/wp-content\/uploads\/2022\/12\/20221222_170036-01-640x360.jpeg 640w\" sizes=\"auto, (max-width: 1366px) 100vw, 1366px\" \/><\/p>\n<p><img loading=\"lazy\" decoding=\"async\" src=\"https:\/\/ostrowskatv.pl\/wp-content\/uploads\/2022\/12\/20221222_170032-01.jpeg\" alt=\"\" width=\"1366\" height=\"619\" class=\"alignnone size-full wp-image-22690\" srcset=\"https:\/\/ostrowskatv.pl\/wp-content\/uploads\/2022\/12\/20221222_170032-01.jpeg 1366w, https:\/\/ostrowskatv.pl\/wp-content\/uploads\/2022\/12\/20221222_170032-01-300x136.jpeg 300w, https:\/\/ostrowskatv.pl\/wp-content\/uploads\/2022\/12\/20221222_170032-01-640x290.jpeg 640w\" sizes=\"auto, (max-width: 1366px) 100vw, 1366px\" \/><\/p>\n<p><img loading=\"lazy\" decoding=\"async\" src=\"https:\/\/ostrowskatv.pl\/wp-content\/uploads\/2022\/12\/20221222_170027-01.jpeg\" alt=\"\" width=\"769\" height=\"1366\" class=\"alignnone size-full wp-image-22691\" srcset=\"https:\/\/ostrowskatv.pl\/wp-content\/uploads\/2022\/12\/20221222_170027-01.jpeg 769w, https:\/\/ostrowskatv.pl\/wp-content\/uploads\/2022\/12\/20221222_170027-01-169x300.jpeg 169w, https:\/\/ostrowskatv.pl\/wp-content\/uploads\/2022\/12\/20221222_170027-01-203x360.jpeg 203w\" sizes=\"auto, (max-width: 769px) 100vw, 769px\" \/><\/p>\n<p><img loading=\"lazy\" decoding=\"async\" src=\"https:\/\/ostrowskatv.pl\/wp-content\/uploads\/2022\/12\/20221222_165446-01.jpeg\" alt=\"\" width=\"1366\" height=\"769\" class=\"alignnone size-full wp-image-22692\" srcset=\"https:\/\/ostrowskatv.pl\/wp-content\/uploads\/2022\/12\/20221222_165446-01.jpeg 1366w, https:\/\/ostrowskatv.pl\/wp-content\/uploads\/2022\/12\/20221222_165446-01-300x169.jpeg 300w, https:\/\/ostrowskatv.pl\/wp-content\/uploads\/2022\/12\/20221222_165446-01-640x360.jpeg 640w\" sizes=\"auto, (max-width: 1366px) 100vw, 1366px\" \/><\/p>\n<p><img loading=\"lazy\" decoding=\"async\" src=\"https:\/\/ostrowskatv.pl\/wp-content\/uploads\/2022\/12\/20221222_165409-01.jpeg\" alt=\"\" width=\"1365\" height=\"648\" class=\"alignnone size-full wp-image-22693\" srcset=\"https:\/\/ostrowskatv.pl\/wp-content\/uploads\/2022\/12\/20221222_165409-01.jpeg 1365w, https:\/\/ostrowskatv.pl\/wp-content\/uploads\/2022\/12\/20221222_165409-01-300x142.jpeg 300w, https:\/\/ostrowskatv.pl\/wp-content\/uploads\/2022\/12\/20221222_165409-01-640x304.jpeg 640w\" sizes=\"auto, (max-width: 1365px) 100vw, 1365px\" \/><\/p>\n<p>Republika Ostrowska, tak\u017ce Rzeczpospolita Ostrowska (10\u201326 listopada 1918) \u2013 wyst\u0105pienie Polak\u00f3w w Ostrowie Wielkopolskim przeciwko w\u0142adzy pruskiej, na miesi\u0105c przed wybuchem powstania wielkopolskiego. Efektem wyst\u0105pienia by\u0142 m.in. szereg ust\u0119pstw na rzecz Polak\u00f3w na terenie powiatu ostrowskiego.<\/p>\n<p>Wi\u0119cej o Republice Ostrowskiej na stronie Wikipedii: <\/p>\n<p><a href=\"https:\/\/pl.wikipedia.org\/wiki\/Republika_Ostrowska\">https:\/\/pl.wikipedia.org\/wiki\/Republika_Ostrowska<\/a><\/p>\n<blockquote><p>Podczas uroczysto\u015bci g\u0142os zabra\u0142 Pawe\u0142 Rajski, starosta ostrowski: Dzi\u015b inauguracja kolejnej rocznicy Powstania Wielkopolskiego. Jest to inauguracja szczeg\u00f3lna, dla mnie osobi\u015bcie, z tego wzgl\u0119du \u017ce przede mn\u0105 stoi grupa m\u0142odych ludzi. Grupa m\u0142odych ludzi, kt\u00f3ra przyj\u0119\u0142a zaproszenie, \u017ceby cho\u0107 na chwil\u0119 my\u015blami otoczy\u0107 tych, kt\u00f3rzy w 1918 roku zainagurowali to zwyci\u0119skie Powstanie. <\/p>\n<p>My Wielkopolanie mamy pow\u00f3d by\u0107 dumni, bo jest to jedyne powstanie w historii zwyci\u0119skie. W tym zwyci\u0119skim powstaniu nie zabrak\u0142o r\u00f3wnie\u017c mieszka\u0144c\u00f3w powiatu ostrowskiego. Tych, kt\u00f3rzy z r\u00f3\u017cnych zak\u0105tk\u00f3w naszego powiatu chwycili za bro\u0144 i ruszyli na powsta\u0144cze barykady. <\/p>\n<p>Stoj\u0105ca za mn\u0105 szko\u0142a I Liceum Og\u00f3lnokszta\u0142c\u0105ce to ku\u017ania patriot\u00f3w z tego i wcze\u015bniejszego okresu. Dzi\u015b stan\u0119li\u015bmy ju\u017c my, jako ludzie doro\u015bli. Stan\u0119li\u015bmy przed wami z takim pytaniem. Co b\u0119dzie kiedy zabraknie ju\u017c tego starszego pokolenia dla kt\u00f3rych szczeg\u00f3lnie wa\u017cne s\u0105 tamte chwile. Odpowied\u017a jest prosta. Jeste\u015bcie wy, nasza nadzieja, m\u0142odzi ludzie, kt\u00f3rzy chcia\u0142bym, \u017ceby uto\u017csamiali si\u0119 z nasz\u0105 histori\u0105. Nie tylko t\u0105 z powiatu ostrowskiego, wielkopolsk\u0105, ale z histori\u0105 naszego kraju.<\/p>\n<p>Wolno\u015b\u0107 nie jest dana nam raz na zawsze. Chocia\u017c my dumni obywatele XXI wieku uwa\u017camy, \u017ce tak jest. Chocia\u017c bior\u0105c pod uwag\u0119 to co dzieje si\u0119 za wschodni\u0105 granic\u0105 wywo\u0142uje niepok\u00f3j. Z tym wi\u0119kszym szacunkiem odnosimy si\u0119 do tych, kt\u00f3rzy walczyli, kt\u00f3rzy polegli w Powstaniu Wielkopolskim i dali to zwyci\u0119stwo.<\/p>\n<p>Poprosili\u015bmy Was dzisiaj tutaj, \u017ceby wsp\u00f3lnie z tego sukcesu si\u0119 radowa\u0107, bo jest to od ubieg\u0142ego roku jest to \u015awi\u0119to Pa\u0144stwowe. Ogromna w tym zas\u0142uga i parlamentarzyst\u00f3w, ale i pana Marsza\u0142ka Wojew\u00f3dztwa Wielkopolskiego, kt\u00f3ry jest wielkim or\u0119downikiem pami\u0119ci Powstania Wielkopolskiego. <\/p>\n<p>Ju\u017c za moment przeka\u017cemy wam flagi powsta\u0144cze. One s\u0105 celowo oprawione, bowiem nasz\u0105 my\u015bl\u0105 jest, \u017ceby ta flaga trafi\u0142a do waszych dom\u00f3w, \u017ceby zawis\u0142a w godnym miejscu. Przeka\u017ccie j\u0105, je\u015bli macie tak\u0105 mo\u017cliwo\u015b\u0107, waszym znajomym i bliskim i opowiadajcie o tych szczeg\u00f3lnych postaciach Powstania Wielkopolskiego.   Nie tylko o generale Stanis\u0142awie Taczaku, o majorze W\u0142adys\u0142awie Wawrzyniaku, tym z Antonina, ale m\u00f3wcie o innych jeszcze kt\u00f3rych dzi\u015b wspominamy. <\/p>\n<p>Dzi\u015b ta inauguracja obchod\u00f3w jest inna, inna, bo jest z waszym udzia\u0142em.<br \/>\nWzi\u0119\u0142y w nim udzia\u0142y dru\u017cyny po\u017carnicze, harcerze, m\u0142odzie\u017c ze szk\u00f3\u0142 ponadpodstawowych z III LO i szko\u0142y w Przygodzicach. <\/p><\/blockquote>\n<p>Powsta\u0142 r\u00f3wnie\u017c film o Republice Nadziei<br \/>\n<iframe loading=\"lazy\" title=\"REPUBLIKA NADZIEI cz. 1 ca\u0142y film online\" width=\"747\" height=\"560\" src=\"https:\/\/www.youtube.com\/embed\/-RQaplLsXOE?feature=oembed\" frameborder=\"0\" allow=\"accelerometer; autoplay; clipboard-write; encrypted-media; gyroscope; picture-in-picture; web-share\" referrerpolicy=\"strict-origin-when-cross-origin\" allowfullscreen><\/iframe><\/p>\n","protected":false},"excerpt":{"rendered":"W\u0142adze Powiatu Ostrowskiego wzi\u0119\u0142y sobie do serca wyj\u0105tkowo\u015b\u0107 Powstania Wielkopolskiego, jedynego zwyci\u0119skiego w Polsce. Przed starostwem oraz w Domu Katechetycznym odby\u0142a si\u0119 inauguracja \n<a class=\"moretag\" href=\"https:\/\/ostrowskatv.pl\/?p=22665\"> [...]<\/a>","protected":false},"author":1,"featured_media":22669,"comment_status":"open","ping_status":"closed","sticky":false,"template":"","format":"standard","meta":{"footnotes":""},"categories":[1],"tags":[261],"class_list":["post-22665","post","type-post","status-publish","format-standard","has-post-thumbnail","hentry","category-news","tag-historia"],"_links":{"self":[{"href":"https:\/\/ostrowskatv.pl\/index.php?rest_route=\/wp\/v2\/posts\/22665","targetHints":{"allow":["GET"]}}],"collection":[{"href":"https:\/\/ostrowskatv.pl\/index.php?rest_route=\/wp\/v2\/posts"}],"about":[{"href":"https:\/\/ostrowskatv.pl\/index.php?rest_route=\/wp\/v2\/types\/post"}],"author":[{"embeddable":true,"href":"https:\/\/ostrowskatv.pl\/index.php?rest_route=\/wp\/v2\/users\/1"}],"replies":[{"embeddable":true,"href":"https:\/\/ostrowskatv.pl\/index.php?rest_route=%2Fwp%2Fv2%2Fcomments&post=22665"}],"version-history":[{"count":0,"href":"https:\/\/ostrowskatv.pl\/index.php?rest_route=\/wp\/v2\/posts\/22665\/revisions"}],"wp:featuredmedia":[{"embeddable":true,"href":"https:\/\/ostrowskatv.pl\/index.php?rest_route=\/wp\/v2\/media\/22669"}],"wp:attachment":[{"href":"https:\/\/ostrowskatv.pl\/index.php?rest_route=%2Fwp%2Fv2%2Fmedia&parent=22665"}],"wp:term":[{"taxonomy":"category","embeddable":true,"href":"https:\/\/ostrowskatv.pl\/index.php?rest_route=%2Fwp%2Fv2%2Fcategories&post=22665"},{"taxonomy":"post_tag","embeddable":true,"href":"https:\/\/ostrowskatv.pl\/index.php?rest_route=%2Fwp%2Fv2%2Ftags&post=22665"}],"curies":[{"name":"wp","href":"https:\/\/api.w.org\/{rel}","templated":true}]}}