{"id":22627,"date":"2022-12-22T21:42:36","date_gmt":"2022-12-22T20:42:36","guid":{"rendered":"https:\/\/ostrowskatv.pl\/?p=22627"},"modified":"2022-12-22T21:42:36","modified_gmt":"2022-12-22T20:42:36","slug":"potracenie-na-partyzanckiej-poszkodowany-ma-uraz-glowy","status":"publish","type":"post","link":"https:\/\/ostrowskatv.pl\/?p=22627","title":{"rendered":"Potr\u0105cenie na Partyzanckiej. Poszkodowany ma uraz g\u0142owy"},"content":{"rendered":"<p><strong>Oko\u0142o godziny 20.45 dosz\u0142o do potr\u0105cenia na ulicy Partyzanckiej w Ostrowie Wielkopolskim. Poszkodowany dozna\u0142 urazu g\u0142owy.<\/strong><\/p>\n<p>Kierowca busa marki volkswagen jecha\u0142 od ronda Sybirak\u00f3w w stron\u0119 centrum miasta. Nagle zza innego busa wyszed\u0142 50-letni m\u0119\u017cczyzna. Volkswagen uderzy\u0142 prawym naro\u017cnikiem. <\/p>\n<p>Do pieszego wys\u0142ano karetk\u0119 pogotowia ratunkowego. Na miejscu pojawili si\u0119 te\u017c policjanci z drog\u00f3wki. <\/p>\n<p>Wiele wskazuje na to, \u017ce pieszy b\u0119dzie uznany winnym, poniewa\u017c w tym miejscu nie ma przej\u015bcia dla pieszych.<\/p>\n<p><img loading=\"lazy\" decoding=\"async\" src=\"https:\/\/ostrowskatv.pl\/wp-content\/uploads\/2022\/12\/20221222_205733-01.jpeg\" alt=\"\" width=\"1366\" height=\"664\" class=\"alignnone size-full wp-image-22628\" srcset=\"https:\/\/ostrowskatv.pl\/wp-content\/uploads\/2022\/12\/20221222_205733-01.jpeg 1366w, https:\/\/ostrowskatv.pl\/wp-content\/uploads\/2022\/12\/20221222_205733-01-300x146.jpeg 300w, https:\/\/ostrowskatv.pl\/wp-content\/uploads\/2022\/12\/20221222_205733-01-640x311.jpeg 640w\" sizes=\"auto, (max-width: 1366px) 100vw, 1366px\" \/><\/p>\n<p><img loading=\"lazy\" decoding=\"async\" src=\"https:\/\/ostrowskatv.pl\/wp-content\/uploads\/2022\/12\/20221222_205750-01.jpeg\" alt=\"\" width=\"1366\" height=\"769\" class=\"alignnone size-full wp-image-22629\" srcset=\"https:\/\/ostrowskatv.pl\/wp-content\/uploads\/2022\/12\/20221222_205750-01.jpeg 1366w, https:\/\/ostrowskatv.pl\/wp-content\/uploads\/2022\/12\/20221222_205750-01-300x169.jpeg 300w, https:\/\/ostrowskatv.pl\/wp-content\/uploads\/2022\/12\/20221222_205750-01-640x360.jpeg 640w\" sizes=\"auto, (max-width: 1366px) 100vw, 1366px\" \/><\/p>\n<p><img loading=\"lazy\" decoding=\"async\" src=\"https:\/\/ostrowskatv.pl\/wp-content\/uploads\/2022\/12\/20221222_205752-01.jpeg\" alt=\"\" width=\"1366\" height=\"837\" class=\"alignnone size-full wp-image-22630\" srcset=\"https:\/\/ostrowskatv.pl\/wp-content\/uploads\/2022\/12\/20221222_205752-01.jpeg 1366w, https:\/\/ostrowskatv.pl\/wp-content\/uploads\/2022\/12\/20221222_205752-01-300x184.jpeg 300w, https:\/\/ostrowskatv.pl\/wp-content\/uploads\/2022\/12\/20221222_205752-01-588x360.jpeg 588w\" sizes=\"auto, (max-width: 1366px) 100vw, 1366px\" \/><\/p>\n<p><img loading=\"lazy\" decoding=\"async\" src=\"https:\/\/ostrowskatv.pl\/wp-content\/uploads\/2022\/12\/20221222_205952-01.jpeg\" alt=\"\" width=\"1366\" height=\"769\" class=\"alignnone size-full wp-image-22631\" srcset=\"https:\/\/ostrowskatv.pl\/wp-content\/uploads\/2022\/12\/20221222_205952-01.jpeg 1366w, https:\/\/ostrowskatv.pl\/wp-content\/uploads\/2022\/12\/20221222_205952-01-300x169.jpeg 300w, https:\/\/ostrowskatv.pl\/wp-content\/uploads\/2022\/12\/20221222_205952-01-640x360.jpeg 640w\" sizes=\"auto, (max-width: 1366px) 100vw, 1366px\" \/><\/p>\n","protected":false},"excerpt":{"rendered":"Oko\u0142o godziny 20.45 dosz\u0142o do potr\u0105cenia na ulicy Partyzanckiej w Ostrowie Wielkopolskim. Poszkodowany dozna\u0142 urazu g\u0142owy. Kierowca busa marki volkswagen jecha\u0142 od ronda \n<a class=\"moretag\" href=\"https:\/\/ostrowskatv.pl\/?p=22627\"> [...]<\/a>","protected":false},"author":1,"featured_media":22628,"comment_status":"open","ping_status":"closed","sticky":false,"template":"","format":"standard","meta":{"footnotes":""},"categories":[1],"tags":[2],"class_list":["post-22627","post","type-post","status-publish","format-standard","has-post-thumbnail","hentry","category-news","tag-ostrow-wielkopolski"],"_links":{"self":[{"href":"https:\/\/ostrowskatv.pl\/index.php?rest_route=\/wp\/v2\/posts\/22627","targetHints":{"allow":["GET"]}}],"collection":[{"href":"https:\/\/ostrowskatv.pl\/index.php?rest_route=\/wp\/v2\/posts"}],"about":[{"href":"https:\/\/ostrowskatv.pl\/index.php?rest_route=\/wp\/v2\/types\/post"}],"author":[{"embeddable":true,"href":"https:\/\/ostrowskatv.pl\/index.php?rest_route=\/wp\/v2\/users\/1"}],"replies":[{"embeddable":true,"href":"https:\/\/ostrowskatv.pl\/index.php?rest_route=%2Fwp%2Fv2%2Fcomments&post=22627"}],"version-history":[{"count":0,"href":"https:\/\/ostrowskatv.pl\/index.php?rest_route=\/wp\/v2\/posts\/22627\/revisions"}],"wp:featuredmedia":[{"embeddable":true,"href":"https:\/\/ostrowskatv.pl\/index.php?rest_route=\/wp\/v2\/media\/22628"}],"wp:attachment":[{"href":"https:\/\/ostrowskatv.pl\/index.php?rest_route=%2Fwp%2Fv2%2Fmedia&parent=22627"}],"wp:term":[{"taxonomy":"category","embeddable":true,"href":"https:\/\/ostrowskatv.pl\/index.php?rest_route=%2Fwp%2Fv2%2Fcategories&post=22627"},{"taxonomy":"post_tag","embeddable":true,"href":"https:\/\/ostrowskatv.pl\/index.php?rest_route=%2Fwp%2Fv2%2Ftags&post=22627"}],"curies":[{"name":"wp","href":"https:\/\/api.w.org\/{rel}","templated":true}]}}