{"id":226,"date":"2016-01-22T17:18:43","date_gmt":"2016-01-22T16:18:43","guid":{"rendered":"http:\/\/ostrowska.tv\/?p=226"},"modified":"2016-01-22T17:18:43","modified_gmt":"2016-01-22T16:18:43","slug":"pracownik-wodkanu-przysypany-przez-ziemie","status":"publish","type":"post","link":"https:\/\/ostrowskatv.pl\/?p=226","title":{"rendered":"Pracownik Wodkanu przysypany przez ziemi\u0119"},"content":{"rendered":"<p>W pi\u0105tek dosz\u0142o do gro\u017anego zdarzenia na ul. Raszkowskiej w Ostrowie Wlkp. Od czwartku by\u0142y prowadzone prace remontowe w zwi\u0105zku z awari\u0105 na sieci wodoci\u0105gowej. Pracownicy sp\u00f3\u0142ki Wodkan za pomoc\u0105 koparki wybrali ziemi\u0119 tworz\u0105c otw\u00f3r w ziemi o rozmiarach oko\u0142o 6,5 metra d\u0142ugo\u015bci na 2,5 metra szeroko\u015bci. Gdy jeden z m\u0119\u017cczyzn wykonywa\u0142 prace w dole, obsun\u0119\u0142a si\u0119 ziemia i przysypa\u0142a do po\u0142owy m\u0119\u017cczyzn\u0119 powoduj\u0105c u niego obra\u017cenia cia\u0142a.<\/p>\n<p>Na miejsce przyby\u0142a karetka pogotowia, kt\u00f3ra zabra\u0142a poszkodowanego do szpitala. Policja zabezpieczy\u0142a teren zdarzenia by wsp\u00f3lnie z Pa\u0144stwow\u0105 Inspekcj\u0105 Pracy ustali\u0107 czy zosta\u0142y zachowane procedury BHP.<\/p>\n<p>Z naszych informacji wynika, \u017ce m\u0119\u017cczyzna dozna\u0142 urazu kolana, ale uskar\u017ca\u0142 si\u0119 na b\u00f3le obu n\u00f3g i dolnego odcinka kr\u0119gos\u0142upa.<\/p>\n<div id='gallery-1' class='gallery galleryid-226 gallery-columns-3 gallery-size-thumbnail'><figure class='gallery-item'>\n\t\t\t<div class='gallery-icon landscape'>\n\t\t\t\t<a href='https:\/\/ostrowskatv.pl\/?attachment_id=227'><img loading=\"lazy\" decoding=\"async\" width=\"150\" height=\"150\" src=\"https:\/\/ostrowskatv.pl\/wp-content\/uploads\/2016\/01\/12607308_1037512579629001_1433374420_n-150x150.jpg\" class=\"attachment-thumbnail size-thumbnail\" alt=\"\" \/><\/a>\n\t\t\t<\/div><\/figure><figure class='gallery-item'>\n\t\t\t<div class='gallery-icon landscape'>\n\t\t\t\t<a href='https:\/\/ostrowskatv.pl\/?attachment_id=228'><img loading=\"lazy\" decoding=\"async\" width=\"150\" height=\"150\" src=\"https:\/\/ostrowskatv.pl\/wp-content\/uploads\/2016\/01\/12606798_1037512602962332_348605781_n-150x150.jpg\" class=\"attachment-thumbnail size-thumbnail\" alt=\"\" \/><\/a>\n\t\t\t<\/div><\/figure><figure class='gallery-item'>\n\t\t\t<div class='gallery-icon landscape'>\n\t\t\t\t<a href='https:\/\/ostrowskatv.pl\/?attachment_id=229'><img loading=\"lazy\" decoding=\"async\" width=\"150\" height=\"150\" src=\"https:\/\/ostrowskatv.pl\/wp-content\/uploads\/2016\/01\/12575923_1037512596295666_16468613_n-150x150.jpg\" class=\"attachment-thumbnail size-thumbnail\" alt=\"\" \/><\/a>\n\t\t\t<\/div><\/figure>\n\t\t<\/div>\n\n","protected":false},"excerpt":{"rendered":"W pi\u0105tek dosz\u0142o do gro\u017anego zdarzenia na ul. Raszkowskiej w Ostrowie Wlkp. Od czwartku by\u0142y prowadzone prace remontowe w zwi\u0105zku z awari\u0105 na \n<a class=\"moretag\" href=\"https:\/\/ostrowskatv.pl\/?p=226\"> [...]<\/a>","protected":false},"author":1,"featured_media":229,"comment_status":"open","ping_status":"open","sticky":false,"template":"","format":"standard","meta":{"footnotes":""},"categories":[1],"tags":[29],"class_list":["post-226","post","type-post","status-publish","format-standard","has-post-thumbnail","hentry","category-news","tag-wodkan"],"_links":{"self":[{"href":"https:\/\/ostrowskatv.pl\/index.php?rest_route=\/wp\/v2\/posts\/226","targetHints":{"allow":["GET"]}}],"collection":[{"href":"https:\/\/ostrowskatv.pl\/index.php?rest_route=\/wp\/v2\/posts"}],"about":[{"href":"https:\/\/ostrowskatv.pl\/index.php?rest_route=\/wp\/v2\/types\/post"}],"author":[{"embeddable":true,"href":"https:\/\/ostrowskatv.pl\/index.php?rest_route=\/wp\/v2\/users\/1"}],"replies":[{"embeddable":true,"href":"https:\/\/ostrowskatv.pl\/index.php?rest_route=%2Fwp%2Fv2%2Fcomments&post=226"}],"version-history":[{"count":0,"href":"https:\/\/ostrowskatv.pl\/index.php?rest_route=\/wp\/v2\/posts\/226\/revisions"}],"wp:featuredmedia":[{"embeddable":true,"href":"https:\/\/ostrowskatv.pl\/index.php?rest_route=\/wp\/v2\/media\/229"}],"wp:attachment":[{"href":"https:\/\/ostrowskatv.pl\/index.php?rest_route=%2Fwp%2Fv2%2Fmedia&parent=226"}],"wp:term":[{"taxonomy":"category","embeddable":true,"href":"https:\/\/ostrowskatv.pl\/index.php?rest_route=%2Fwp%2Fv2%2Fcategories&post=226"},{"taxonomy":"post_tag","embeddable":true,"href":"https:\/\/ostrowskatv.pl\/index.php?rest_route=%2Fwp%2Fv2%2Ftags&post=226"}],"curies":[{"name":"wp","href":"https:\/\/api.w.org\/{rel}","templated":true}]}}