{"id":22540,"date":"2022-12-12T14:21:56","date_gmt":"2022-12-12T13:21:56","guid":{"rendered":"https:\/\/ostrowskatv.pl\/?p=22540"},"modified":"2022-12-12T14:35:07","modified_gmt":"2022-12-12T13:35:07","slug":"radny-wstapil-do-polska2050-czy-klimek-wystartuje-do-sejmu","status":"publish","type":"post","link":"https:\/\/ostrowskatv.pl\/?p=22540","title":{"rendered":"Radny wst\u0105pi\u0142 do Polska2050. Czy Klimek wystartuje do Sejmu?"},"content":{"rendered":"<p><strong>Dzi\u015b do struktur partii przyst\u0105pi\u0142 jeden z ostrowskich radnych. Nie oznacza to jednak, \u017ce jednocze\u015bnie wyst\u0105pi\u0142 z klubu radnych Przyjazny Ostr\u00f3w.\u00a0<\/strong><\/p>\n<p>Arkadiusz Sodkiewicz dosta\u0142 si\u0119 do Rady Miejskiej z ramienia grupy samorz\u0105dowej tworzonej przez prezydent Beat\u0119 Klimek. Dzi\u015b poinformowa\u0142, \u017ce wst\u0105pi\u0142 do partii Szymona Ho\u0142owni Polska2050. Tam zamierza przekazywa\u0107 dobre inicjatywy z Ostrowa Wlkp. <\/p>\n<p>Sodkiewicz na pytanie czy ma to by\u0107 dla niego wst\u0119p do startu w wyborach parlamentarnych, odpowiedzia\u0142, \u017ce nie ma takich plan\u00f3w. <\/p>\n<p>Pos\u0142anka Paulina Hennig-Kloska, kt\u00f3ra uczestniczy\u0142a w konferencji prasowej, powiedzia\u0142a, \u017ce zamierza si\u0119 dzi\u015b spotka\u0107 z prezydent Beat\u0105 Klimek. Plotki g\u0142osz\u0105, \u017ce prezydent Ostrowa zamierza wystartowa\u0107 do Sejmu, a z list Szymona Ho\u0142owni mog\u0142aby liczy\u0107 na pierwsze miejsce w okr\u0119gu kalisko-leszczy\u0144skim.<\/p>\n<p>Ciekawostk\u0105 jest, \u017ce ostatnio z klubu radnych wyst\u0105pi\u0142 \u0141ukasz J\u0119drzejak, syn by\u0142ego starosty z SLD.<\/p>\n<p><img loading=\"lazy\" decoding=\"async\" class=\"alignnone size-full wp-image-22541\" src=\"https:\/\/ostrowskatv.pl\/wp-content\/uploads\/2022\/12\/20221212_125448-01.jpeg\" alt=\"\" width=\"1365\" height=\"869\" srcset=\"https:\/\/ostrowskatv.pl\/wp-content\/uploads\/2022\/12\/20221212_125448-01.jpeg 1365w, https:\/\/ostrowskatv.pl\/wp-content\/uploads\/2022\/12\/20221212_125448-01-300x191.jpeg 300w, https:\/\/ostrowskatv.pl\/wp-content\/uploads\/2022\/12\/20221212_125448-01-565x360.jpeg 565w\" sizes=\"auto, (max-width: 1365px) 100vw, 1365px\" \/> <\/p>\n<p><img loading=\"lazy\" decoding=\"async\" class=\"alignnone size-full wp-image-22542\" src=\"https:\/\/ostrowskatv.pl\/wp-content\/uploads\/2022\/12\/20221212_125028-01.jpeg\" alt=\"\" width=\"1366\" height=\"769\" srcset=\"https:\/\/ostrowskatv.pl\/wp-content\/uploads\/2022\/12\/20221212_125028-01.jpeg 1366w, https:\/\/ostrowskatv.pl\/wp-content\/uploads\/2022\/12\/20221212_125028-01-300x169.jpeg 300w, https:\/\/ostrowskatv.pl\/wp-content\/uploads\/2022\/12\/20221212_125028-01-640x360.jpeg 640w\" sizes=\"auto, (max-width: 1366px) 100vw, 1366px\" \/> <\/p>\n<p><img loading=\"lazy\" decoding=\"async\" class=\"alignnone size-full wp-image-22543\" src=\"https:\/\/ostrowskatv.pl\/wp-content\/uploads\/2022\/12\/20221212_125029-01.jpeg\" alt=\"\" width=\"1366\" height=\"769\" srcset=\"https:\/\/ostrowskatv.pl\/wp-content\/uploads\/2022\/12\/20221212_125029-01.jpeg 1366w, https:\/\/ostrowskatv.pl\/wp-content\/uploads\/2022\/12\/20221212_125029-01-300x169.jpeg 300w, https:\/\/ostrowskatv.pl\/wp-content\/uploads\/2022\/12\/20221212_125029-01-640x360.jpeg 640w\" sizes=\"auto, (max-width: 1366px) 100vw, 1366px\" \/> <\/p>\n<p><img loading=\"lazy\" decoding=\"async\" class=\"alignnone size-full wp-image-22544\" src=\"https:\/\/ostrowskatv.pl\/wp-content\/uploads\/2022\/12\/20221212_124234-01.jpeg\" alt=\"\" width=\"1366\" height=\"811\" srcset=\"https:\/\/ostrowskatv.pl\/wp-content\/uploads\/2022\/12\/20221212_124234-01.jpeg 1366w, https:\/\/ostrowskatv.pl\/wp-content\/uploads\/2022\/12\/20221212_124234-01-300x178.jpeg 300w, https:\/\/ostrowskatv.pl\/wp-content\/uploads\/2022\/12\/20221212_124234-01-606x360.jpeg 606w\" sizes=\"auto, (max-width: 1366px) 100vw, 1366px\" \/><\/p>\n<p><img loading=\"lazy\" decoding=\"async\" src=\"https:\/\/ostrowskatv.pl\/wp-content\/uploads\/2022\/12\/20221212_130449-01.jpeg\" alt=\"\" width=\"885\" height=\"1366\" class=\"alignnone size-full wp-image-22545\" srcset=\"https:\/\/ostrowskatv.pl\/wp-content\/uploads\/2022\/12\/20221212_130449-01.jpeg 885w, https:\/\/ostrowskatv.pl\/wp-content\/uploads\/2022\/12\/20221212_130449-01-194x300.jpeg 194w, https:\/\/ostrowskatv.pl\/wp-content\/uploads\/2022\/12\/20221212_130449-01-233x360.jpeg 233w\" sizes=\"auto, (max-width: 885px) 100vw, 885px\" \/><\/p>\n<p><img loading=\"lazy\" decoding=\"async\" src=\"https:\/\/ostrowskatv.pl\/wp-content\/uploads\/2022\/12\/20221212_130525-01.jpeg\" alt=\"\" width=\"1366\" height=\"802\" class=\"alignnone size-full wp-image-22546\" srcset=\"https:\/\/ostrowskatv.pl\/wp-content\/uploads\/2022\/12\/20221212_130525-01.jpeg 1366w, https:\/\/ostrowskatv.pl\/wp-content\/uploads\/2022\/12\/20221212_130525-01-300x176.jpeg 300w, https:\/\/ostrowskatv.pl\/wp-content\/uploads\/2022\/12\/20221212_130525-01-613x360.jpeg 613w\" sizes=\"auto, (max-width: 1366px) 100vw, 1366px\" \/><\/p>\n<p><img loading=\"lazy\" decoding=\"async\" src=\"https:\/\/ostrowskatv.pl\/wp-content\/uploads\/2022\/12\/20221212_130532-01.jpeg\" alt=\"\" width=\"1366\" height=\"632\" class=\"alignnone size-full wp-image-22547\" srcset=\"https:\/\/ostrowskatv.pl\/wp-content\/uploads\/2022\/12\/20221212_130532-01.jpeg 1366w, https:\/\/ostrowskatv.pl\/wp-content\/uploads\/2022\/12\/20221212_130532-01-300x139.jpeg 300w, https:\/\/ostrowskatv.pl\/wp-content\/uploads\/2022\/12\/20221212_130532-01-640x296.jpeg 640w\" sizes=\"auto, (max-width: 1366px) 100vw, 1366px\" \/><br \/>\n&nbsp;<\/p>\n","protected":false},"excerpt":{"rendered":"Dzi\u015b do struktur partii przyst\u0105pi\u0142 jeden z ostrowskich radnych. Nie oznacza to jednak, \u017ce jednocze\u015bnie wyst\u0105pi\u0142 z klubu radnych Przyjazny Ostr\u00f3w.\u00a0 Arkadiusz Sodkiewicz \n<a class=\"moretag\" href=\"https:\/\/ostrowskatv.pl\/?p=22540\"> [...]<\/a>","protected":false},"author":1,"featured_media":22547,"comment_status":"open","ping_status":"closed","sticky":false,"template":"","format":"standard","meta":{"footnotes":""},"categories":[1],"tags":[2],"class_list":["post-22540","post","type-post","status-publish","format-standard","has-post-thumbnail","hentry","category-news","tag-ostrow-wielkopolski"],"_links":{"self":[{"href":"https:\/\/ostrowskatv.pl\/index.php?rest_route=\/wp\/v2\/posts\/22540","targetHints":{"allow":["GET"]}}],"collection":[{"href":"https:\/\/ostrowskatv.pl\/index.php?rest_route=\/wp\/v2\/posts"}],"about":[{"href":"https:\/\/ostrowskatv.pl\/index.php?rest_route=\/wp\/v2\/types\/post"}],"author":[{"embeddable":true,"href":"https:\/\/ostrowskatv.pl\/index.php?rest_route=\/wp\/v2\/users\/1"}],"replies":[{"embeddable":true,"href":"https:\/\/ostrowskatv.pl\/index.php?rest_route=%2Fwp%2Fv2%2Fcomments&post=22540"}],"version-history":[{"count":0,"href":"https:\/\/ostrowskatv.pl\/index.php?rest_route=\/wp\/v2\/posts\/22540\/revisions"}],"wp:featuredmedia":[{"embeddable":true,"href":"https:\/\/ostrowskatv.pl\/index.php?rest_route=\/wp\/v2\/media\/22547"}],"wp:attachment":[{"href":"https:\/\/ostrowskatv.pl\/index.php?rest_route=%2Fwp%2Fv2%2Fmedia&parent=22540"}],"wp:term":[{"taxonomy":"category","embeddable":true,"href":"https:\/\/ostrowskatv.pl\/index.php?rest_route=%2Fwp%2Fv2%2Fcategories&post=22540"},{"taxonomy":"post_tag","embeddable":true,"href":"https:\/\/ostrowskatv.pl\/index.php?rest_route=%2Fwp%2Fv2%2Ftags&post=22540"}],"curies":[{"name":"wp","href":"https:\/\/api.w.org\/{rel}","templated":true}]}}