{"id":22465,"date":"2022-12-09T17:40:11","date_gmt":"2022-12-09T16:40:11","guid":{"rendered":"https:\/\/ostrowskatv.pl\/?p=22465"},"modified":"2022-12-09T17:40:11","modified_gmt":"2022-12-09T16:40:11","slug":"dzialacze-pis-dotarli-pod-biuro-posla-po","status":"publish","type":"post","link":"https:\/\/ostrowskatv.pl\/?p=22465","title":{"rendered":"Dzia\u0142acze PiS dotarli pod biuro pos\u0142a PO"},"content":{"rendered":"<p><strong>Dzi\u015b w ca\u0142ej Polsce maj\u0105 miejsce konferencje prasowe pod siedzibami parlamentarzyst\u00f3w z Platformy Obywatelskiej. O godzinie 16.30 odby\u0142 si\u0119 briefing pod biurem Jaros\u0142awa Urbaniaka przy ulicy Sienkiewicza w Ostrowie Wlkp.<\/strong><\/p>\n<p>W ten spos\u00f3b partia Prawo i Sprawiedliwo\u015b\u0107 przypomina co do tej pory zrobi\u0142a w czasach kryzysu. Jednocze\u015bnie w kampanii og\u00f3lnopolskiej przypomnia\u0142a jakie dzia\u0142ania podejmowa\u0142 rz\u0105d Donalda Tuska.<\/p>\n<blockquote><p>&#8211; Chcemy podsumowa\u0107 to, co w ostatnich miesi\u0105cach zrobi\u0142 rz\u0105d Prawa i Sprawiedliwo\u015bci dla Polak\u00f3w. Wa\u017cne jest to, aby skonfrontowa\u0107 to z dzia\u0142aniami rz\u0105du Donalda Tuska. Naszym obowi\u0105zkiem jest to, by przestrzega\u0107 obywateli przed Tuskiem. Przedstawiamy list\u0119 rozwi\u0105za\u0144 rz\u0105du Prawa i Sprawiedliwo\u015bci, kt\u00f3re zosta\u0142y przyj\u0119te w 2022r. Przestrzegamy przed Platform\u0105 Obywatelsk\u0105, bo oni k\u0142ami\u0105 i dotychczas nie pokazali \u017cadnego programu dla Polski. Je\u017celi oni go nie maj\u0105, to niech nie przeszkadzaj\u0105 &#8211; m\u00f3wi\u0142 Rzecznik Prawa i Sprawiedliwo\u015bci Rafa\u0142 Bochenek<\/p>\n<p>&#8211; Oni oszukuj\u0105 spo\u0142ecze\u0144stwo i zawsze uwa\u017cali, \u017ce nie ma pieni\u0119dzy, bo by\u0142o przyzwolenie na wy\u0142udzania VAT przez mafie. Rz\u0105d Prawa i Sprawiedliwo\u015bci naprawi\u0142 finanse publiczne. Za rz\u0105d\u00f3w Platformy Obywatelskiej by\u0142o wysokie bezrobocie, a p\u0142aca godzinowa wynios\u0142a kilka z\u0142otych za godzin\u0119. Dzi\u015b mamy jeden z najni\u017cszych wska\u017anik\u00f3w bezrobocia w Unii Europejskiej. To my zlikwidowali\u015bmy n\u0119dz\u0119 i bied\u0119 w\u015br\u00f3d dzieci. Platforma podnios\u0142a wiek emerytalny dla kobiet i m\u0119\u017cczyzn. My w czasie kryzysu wspieramy senior\u00f3w &#8211; wprowadzili\u015bmy trzynast\u0105 i czternast\u0105 emerytur\u0119. To jest zasadnicza r\u00f3\u017cnica mi\u0119dzy nimi a nami w prowadzeniu polityki &#8211; oznajmi\u0142.<\/p><\/blockquote>\n<p><iframe loading=\"lazy\" title=\"Jak rz\u0105d mo\u017ce dzia\u0142a\u0107 w czasie kryzysu?\" width=\"747\" height=\"420\" src=\"https:\/\/www.youtube.com\/embed\/qqBZSrkBOqc?feature=oembed\" frameborder=\"0\" allow=\"accelerometer; autoplay; clipboard-write; encrypted-media; gyroscope; picture-in-picture; web-share\" referrerpolicy=\"strict-origin-when-cross-origin\" allowfullscreen><\/iframe><\/p>\n<p>Lokalni dzia\u0142acze pod siedzib\u0105 Platformy Obywatelskiej podkre\u015blali, \u017ce rz\u0105d PiS prowadzi dzia\u0142ania prospo\u0142eczne, jednocze\u015bnie przypominaj\u0105c PO podwy\u017cki podatk\u00f3w.<\/p>\n<p>Na koniec wrzucili \u015bci\u0105gawk\u0119 do skrzynki pocztowej.<\/p>\n<p><img loading=\"lazy\" decoding=\"async\" class=\"alignnone size-full wp-image-22464\" src=\"https:\/\/ostrowskatv.pl\/wp-content\/uploads\/2022\/12\/received_562742375623896.jpeg\" alt=\"\" width=\"1080\" height=\"1522\" srcset=\"https:\/\/ostrowskatv.pl\/wp-content\/uploads\/2022\/12\/received_562742375623896.jpeg 1080w, https:\/\/ostrowskatv.pl\/wp-content\/uploads\/2022\/12\/received_562742375623896-213x300.jpeg 213w, https:\/\/ostrowskatv.pl\/wp-content\/uploads\/2022\/12\/received_562742375623896-255x360.jpeg 255w\" sizes=\"auto, (max-width: 1080px) 100vw, 1080px\" \/> <img loading=\"lazy\" decoding=\"async\" class=\"alignnone size-full wp-image-22463\" src=\"https:\/\/ostrowskatv.pl\/wp-content\/uploads\/2022\/12\/20221209_164935-01.jpeg\" alt=\"\" width=\"910\" height=\"1263\" srcset=\"https:\/\/ostrowskatv.pl\/wp-content\/uploads\/2022\/12\/20221209_164935-01.jpeg 910w, https:\/\/ostrowskatv.pl\/wp-content\/uploads\/2022\/12\/20221209_164935-01-216x300.jpeg 216w, https:\/\/ostrowskatv.pl\/wp-content\/uploads\/2022\/12\/20221209_164935-01-259x360.jpeg 259w\" sizes=\"auto, (max-width: 910px) 100vw, 910px\" \/> <img loading=\"lazy\" decoding=\"async\" class=\"alignnone size-full wp-image-22462\" src=\"https:\/\/ostrowskatv.pl\/wp-content\/uploads\/2022\/12\/20221209_164930-01.jpeg\" alt=\"\" width=\"1366\" height=\"1297\" srcset=\"https:\/\/ostrowskatv.pl\/wp-content\/uploads\/2022\/12\/20221209_164930-01.jpeg 1366w, https:\/\/ostrowskatv.pl\/wp-content\/uploads\/2022\/12\/20221209_164930-01-300x285.jpeg 300w, https:\/\/ostrowskatv.pl\/wp-content\/uploads\/2022\/12\/20221209_164930-01-379x360.jpeg 379w\" sizes=\"auto, (max-width: 1366px) 100vw, 1366px\" \/> <img loading=\"lazy\" decoding=\"async\" class=\"alignnone size-full wp-image-22461\" src=\"https:\/\/ostrowskatv.pl\/wp-content\/uploads\/2022\/12\/20221209_164925-01.jpeg\" alt=\"\" width=\"1267\" height=\"1366\" srcset=\"https:\/\/ostrowskatv.pl\/wp-content\/uploads\/2022\/12\/20221209_164925-01.jpeg 1267w, https:\/\/ostrowskatv.pl\/wp-content\/uploads\/2022\/12\/20221209_164925-01-278x300.jpeg 278w, https:\/\/ostrowskatv.pl\/wp-content\/uploads\/2022\/12\/20221209_164925-01-334x360.jpeg 334w\" sizes=\"auto, (max-width: 1267px) 100vw, 1267px\" \/> <img loading=\"lazy\" decoding=\"async\" class=\"alignnone size-full wp-image-22460\" src=\"https:\/\/ostrowskatv.pl\/wp-content\/uploads\/2022\/12\/20221209_164821-01.jpeg\" alt=\"\" width=\"1366\" height=\"769\" srcset=\"https:\/\/ostrowskatv.pl\/wp-content\/uploads\/2022\/12\/20221209_164821-01.jpeg 1366w, https:\/\/ostrowskatv.pl\/wp-content\/uploads\/2022\/12\/20221209_164821-01-300x169.jpeg 300w, https:\/\/ostrowskatv.pl\/wp-content\/uploads\/2022\/12\/20221209_164821-01-640x360.jpeg 640w\" sizes=\"auto, (max-width: 1366px) 100vw, 1366px\" \/> <img loading=\"lazy\" decoding=\"async\" class=\"alignnone size-full wp-image-22459\" src=\"https:\/\/ostrowskatv.pl\/wp-content\/uploads\/2022\/12\/20221209_164621-01.jpeg\" alt=\"\" width=\"1366\" height=\"769\" srcset=\"https:\/\/ostrowskatv.pl\/wp-content\/uploads\/2022\/12\/20221209_164621-01.jpeg 1366w, https:\/\/ostrowskatv.pl\/wp-content\/uploads\/2022\/12\/20221209_164621-01-300x169.jpeg 300w, https:\/\/ostrowskatv.pl\/wp-content\/uploads\/2022\/12\/20221209_164621-01-640x360.jpeg 640w\" sizes=\"auto, (max-width: 1366px) 100vw, 1366px\" \/><\/p>\n","protected":false},"excerpt":{"rendered":"Dzi\u015b w ca\u0142ej Polsce maj\u0105 miejsce konferencje prasowe pod siedzibami parlamentarzyst\u00f3w z Platformy Obywatelskiej. O godzinie 16.30 odby\u0142 si\u0119 briefing pod biurem Jaros\u0142awa \n<a class=\"moretag\" href=\"https:\/\/ostrowskatv.pl\/?p=22465\"> [...]<\/a>","protected":false},"author":1,"featured_media":22459,"comment_status":"open","ping_status":"closed","sticky":false,"template":"","format":"standard","meta":{"footnotes":""},"categories":[1],"tags":[2],"class_list":["post-22465","post","type-post","status-publish","format-standard","has-post-thumbnail","hentry","category-news","tag-ostrow-wielkopolski"],"_links":{"self":[{"href":"https:\/\/ostrowskatv.pl\/index.php?rest_route=\/wp\/v2\/posts\/22465","targetHints":{"allow":["GET"]}}],"collection":[{"href":"https:\/\/ostrowskatv.pl\/index.php?rest_route=\/wp\/v2\/posts"}],"about":[{"href":"https:\/\/ostrowskatv.pl\/index.php?rest_route=\/wp\/v2\/types\/post"}],"author":[{"embeddable":true,"href":"https:\/\/ostrowskatv.pl\/index.php?rest_route=\/wp\/v2\/users\/1"}],"replies":[{"embeddable":true,"href":"https:\/\/ostrowskatv.pl\/index.php?rest_route=%2Fwp%2Fv2%2Fcomments&post=22465"}],"version-history":[{"count":0,"href":"https:\/\/ostrowskatv.pl\/index.php?rest_route=\/wp\/v2\/posts\/22465\/revisions"}],"wp:featuredmedia":[{"embeddable":true,"href":"https:\/\/ostrowskatv.pl\/index.php?rest_route=\/wp\/v2\/media\/22459"}],"wp:attachment":[{"href":"https:\/\/ostrowskatv.pl\/index.php?rest_route=%2Fwp%2Fv2%2Fmedia&parent=22465"}],"wp:term":[{"taxonomy":"category","embeddable":true,"href":"https:\/\/ostrowskatv.pl\/index.php?rest_route=%2Fwp%2Fv2%2Fcategories&post=22465"},{"taxonomy":"post_tag","embeddable":true,"href":"https:\/\/ostrowskatv.pl\/index.php?rest_route=%2Fwp%2Fv2%2Ftags&post=22465"}],"curies":[{"name":"wp","href":"https:\/\/api.w.org\/{rel}","templated":true}]}}