{"id":22442,"date":"2022-12-08T12:17:10","date_gmt":"2022-12-08T11:17:10","guid":{"rendered":"https:\/\/ostrowskatv.pl\/?p=22442"},"modified":"2022-12-08T12:17:10","modified_gmt":"2022-12-08T11:17:10","slug":"poszukiwany-laweciarz-ktory-odjechal-po-kolizji","status":"publish","type":"post","link":"https:\/\/ostrowskatv.pl\/?p=22442","title":{"rendered":"Poszukiwany laweciarz, kt\u00f3ry odjecha\u0142 po kolizji"},"content":{"rendered":"<p><strong>Poszukiwany jest laweciarz, kt\u00f3ry odjecha\u0142 po kolizji do kt\u00f3rej dosz\u0142o w \u015brodowe popo\u0142udnie na skrzy\u017cowaniu ulic Bema i Kordeckiego w Ostrowie Wlkp.<\/strong><\/p>\n<p>Po godzinie 16 kierowca peugeota jecha\u0142 od strony urz\u0119du skarbowego. Z przeciwka nadje\u017cd\u017ca\u0142a du\u017ca autolaweta mercedes atego, kt\u00f3rego kierowca skr\u0119caj\u0105c w prawo nie przewidzia\u0142, \u017ce ty\u0142 mo\u017ce zahaczy\u0107 o osob\u00f3wk\u0119.<\/p>\n<p>Skutkiem jest uszkodzone ko\u0142o, zderzak oraz wystrzelone poduszki powietrzne w peugeocie. Kierowca autolawety odjecha\u0142 w stron\u0119 ulicy Krotoszy\u0144skiej i dalej ulic\u0105 Bema w kierunku cmentarza.<\/p>\n<p>By\u0107 mo\u017ce kto\u015b z pa\u0144stwa mija\u0142 si\u0119 z tym samochodem i mia\u0142 zamontowany wideorejestrator lub wie do kogo nale\u017cy pojazd. Spraw\u0119 prowadzi policja w Ostrowie Wlkp.<\/p>\n<p><img loading=\"lazy\" decoding=\"async\" src=\"https:\/\/ostrowskatv.pl\/wp-content\/uploads\/2022\/12\/laweta1.jpg\" alt=\"\" width=\"699\" height=\"696\" class=\"alignnone size-full wp-image-22445\" srcset=\"https:\/\/ostrowskatv.pl\/wp-content\/uploads\/2022\/12\/laweta1.jpg 699w, https:\/\/ostrowskatv.pl\/wp-content\/uploads\/2022\/12\/laweta1-300x300.jpg 300w, https:\/\/ostrowskatv.pl\/wp-content\/uploads\/2022\/12\/laweta1-362x360.jpg 362w, https:\/\/ostrowskatv.pl\/wp-content\/uploads\/2022\/12\/laweta1-150x150.jpg 150w\" sizes=\"auto, (max-width: 699px) 100vw, 699px\" \/><\/p>\n<p><img loading=\"lazy\" decoding=\"async\" src=\"https:\/\/ostrowskatv.pl\/wp-content\/uploads\/2022\/12\/laweta2.jpg\" alt=\"\" width=\"1395\" height=\"606\" class=\"alignnone size-full wp-image-22446\" srcset=\"https:\/\/ostrowskatv.pl\/wp-content\/uploads\/2022\/12\/laweta2.jpg 1395w, https:\/\/ostrowskatv.pl\/wp-content\/uploads\/2022\/12\/laweta2-300x130.jpg 300w, https:\/\/ostrowskatv.pl\/wp-content\/uploads\/2022\/12\/laweta2-640x278.jpg 640w\" sizes=\"auto, (max-width: 1395px) 100vw, 1395px\" \/><\/p>\n<p><img loading=\"lazy\" decoding=\"async\" src=\"https:\/\/ostrowskatv.pl\/wp-content\/uploads\/2022\/12\/laweta3.jpg\" alt=\"\" width=\"522\" height=\"255\" class=\"alignnone size-full wp-image-22447\" srcset=\"https:\/\/ostrowskatv.pl\/wp-content\/uploads\/2022\/12\/laweta3.jpg 522w, https:\/\/ostrowskatv.pl\/wp-content\/uploads\/2022\/12\/laweta3-300x147.jpg 300w\" sizes=\"auto, (max-width: 522px) 100vw, 522px\" \/><\/p>\n<p><img loading=\"lazy\" decoding=\"async\" src=\"https:\/\/ostrowskatv.pl\/wp-content\/uploads\/2022\/12\/laweta4.jpg\" alt=\"\" width=\"883\" height=\"430\" class=\"alignnone size-full wp-image-22448\" srcset=\"https:\/\/ostrowskatv.pl\/wp-content\/uploads\/2022\/12\/laweta4.jpg 883w, https:\/\/ostrowskatv.pl\/wp-content\/uploads\/2022\/12\/laweta4-300x146.jpg 300w, https:\/\/ostrowskatv.pl\/wp-content\/uploads\/2022\/12\/laweta4-640x312.jpg 640w\" sizes=\"auto, (max-width: 883px) 100vw, 883px\" \/><\/p>\n<p>W \u015brod\u0119 po godzinie 16 dosz\u0142o do kolizji<br \/>\n<img loading=\"lazy\" decoding=\"async\" src=\"https:\/\/ostrowskatv.pl\/wp-content\/uploads\/2022\/12\/Bemakolizja01.jpeg\" alt=\"\" width=\"1366\" height=\"875\" class=\"alignnone size-full wp-image-22443\" srcset=\"https:\/\/ostrowskatv.pl\/wp-content\/uploads\/2022\/12\/Bemakolizja01.jpeg 1366w, https:\/\/ostrowskatv.pl\/wp-content\/uploads\/2022\/12\/Bemakolizja01-300x192.jpeg 300w, https:\/\/ostrowskatv.pl\/wp-content\/uploads\/2022\/12\/Bemakolizja01-562x360.jpeg 562w\" sizes=\"auto, (max-width: 1366px) 100vw, 1366px\" \/><\/p>\n","protected":false},"excerpt":{"rendered":"Poszukiwany jest laweciarz, kt\u00f3ry odjecha\u0142 po kolizji do kt\u00f3rej dosz\u0142o w \u015brodowe popo\u0142udnie na skrzy\u017cowaniu ulic Bema i Kordeckiego w Ostrowie Wlkp. Po \n<a class=\"moretag\" href=\"https:\/\/ostrowskatv.pl\/?p=22442\"> [...]<\/a>","protected":false},"author":1,"featured_media":22448,"comment_status":"open","ping_status":"closed","sticky":false,"template":"","format":"standard","meta":{"footnotes":""},"categories":[1],"tags":[2],"class_list":["post-22442","post","type-post","status-publish","format-standard","has-post-thumbnail","hentry","category-news","tag-ostrow-wielkopolski"],"_links":{"self":[{"href":"https:\/\/ostrowskatv.pl\/index.php?rest_route=\/wp\/v2\/posts\/22442","targetHints":{"allow":["GET"]}}],"collection":[{"href":"https:\/\/ostrowskatv.pl\/index.php?rest_route=\/wp\/v2\/posts"}],"about":[{"href":"https:\/\/ostrowskatv.pl\/index.php?rest_route=\/wp\/v2\/types\/post"}],"author":[{"embeddable":true,"href":"https:\/\/ostrowskatv.pl\/index.php?rest_route=\/wp\/v2\/users\/1"}],"replies":[{"embeddable":true,"href":"https:\/\/ostrowskatv.pl\/index.php?rest_route=%2Fwp%2Fv2%2Fcomments&post=22442"}],"version-history":[{"count":0,"href":"https:\/\/ostrowskatv.pl\/index.php?rest_route=\/wp\/v2\/posts\/22442\/revisions"}],"wp:featuredmedia":[{"embeddable":true,"href":"https:\/\/ostrowskatv.pl\/index.php?rest_route=\/wp\/v2\/media\/22448"}],"wp:attachment":[{"href":"https:\/\/ostrowskatv.pl\/index.php?rest_route=%2Fwp%2Fv2%2Fmedia&parent=22442"}],"wp:term":[{"taxonomy":"category","embeddable":true,"href":"https:\/\/ostrowskatv.pl\/index.php?rest_route=%2Fwp%2Fv2%2Fcategories&post=22442"},{"taxonomy":"post_tag","embeddable":true,"href":"https:\/\/ostrowskatv.pl\/index.php?rest_route=%2Fwp%2Fv2%2Ftags&post=22442"}],"curies":[{"name":"wp","href":"https:\/\/api.w.org\/{rel}","templated":true}]}}