{"id":22435,"date":"2022-12-08T11:26:11","date_gmt":"2022-12-08T10:26:11","guid":{"rendered":"https:\/\/ostrowskatv.pl\/?p=22435"},"modified":"2022-12-08T11:26:11","modified_gmt":"2022-12-08T10:26:11","slug":"skasowal-slupki-i-czmychnal-ale-nie-na-dlugo","status":"publish","type":"post","link":"https:\/\/ostrowskatv.pl\/?p=22435","title":{"rendered":"Skasowa\u0142 s\u0142upki i czmychn\u0105\u0142, ale nie na d\u0142ugo"},"content":{"rendered":"<p><strong>We wtorek przed godzin\u0105 10 rano dosz\u0142o do skasowania dw\u00f3ch oznacze\u0144 drogowych przed rondem u zbiegu ulic Partyzanckiej, Zamenhofa i Wolno\u015bci w Ostrowie Wlkp. Sprawca kolizji najpewniej stwierdzi\u0142, \u017ce nie ma co ponosi\u0107 odpowiedzialno\u015bci za zniszczone mienie publiczne i odjecha\u0142. <\/strong><\/p>\n<p>58-latek z opla combo pewnie nie przewidzia\u0142, \u017ce w centrum miasta roi si\u0119 od kamer monitoruj\u0105cych i ustalenie go b\u0119dzie kr\u00f3tk\u0105 kwesti\u0105 czasu. <\/p>\n<p>Tak te\u017c si\u0119 sta\u0142o. Policjanci namierzyli kierowc\u0119 opla combo we Wt\u00f3rku i ukarali gomandatem karnym. <\/p>\n<p><img loading=\"lazy\" decoding=\"async\" src=\"https:\/\/ostrowskatv.pl\/wp-content\/uploads\/2022\/12\/20221206_100415-01.jpeg\" alt=\"\" width=\"1047\" height=\"1366\" class=\"alignnone size-full wp-image-22436\" srcset=\"https:\/\/ostrowskatv.pl\/wp-content\/uploads\/2022\/12\/20221206_100415-01.jpeg 1047w, https:\/\/ostrowskatv.pl\/wp-content\/uploads\/2022\/12\/20221206_100415-01-230x300.jpeg 230w, https:\/\/ostrowskatv.pl\/wp-content\/uploads\/2022\/12\/20221206_100415-01-276x360.jpeg 276w\" sizes=\"auto, (max-width: 1047px) 100vw, 1047px\" \/><\/p>\n<p><img loading=\"lazy\" decoding=\"async\" src=\"https:\/\/ostrowskatv.pl\/wp-content\/uploads\/2022\/12\/20221206_100115-01.jpeg\" alt=\"\" width=\"1366\" height=\"638\" class=\"alignnone size-full wp-image-22437\" srcset=\"https:\/\/ostrowskatv.pl\/wp-content\/uploads\/2022\/12\/20221206_100115-01.jpeg 1366w, https:\/\/ostrowskatv.pl\/wp-content\/uploads\/2022\/12\/20221206_100115-01-300x140.jpeg 300w, https:\/\/ostrowskatv.pl\/wp-content\/uploads\/2022\/12\/20221206_100115-01-640x299.jpeg 640w\" sizes=\"auto, (max-width: 1366px) 100vw, 1366px\" \/><\/p>\n<p><img loading=\"lazy\" decoding=\"async\" src=\"https:\/\/ostrowskatv.pl\/wp-content\/uploads\/2022\/12\/20221206_100106-01.jpeg\" alt=\"\" width=\"1366\" height=\"708\" class=\"alignnone size-full wp-image-22438\" srcset=\"https:\/\/ostrowskatv.pl\/wp-content\/uploads\/2022\/12\/20221206_100106-01.jpeg 1366w, https:\/\/ostrowskatv.pl\/wp-content\/uploads\/2022\/12\/20221206_100106-01-300x155.jpeg 300w, https:\/\/ostrowskatv.pl\/wp-content\/uploads\/2022\/12\/20221206_100106-01-640x332.jpeg 640w\" sizes=\"auto, (max-width: 1366px) 100vw, 1366px\" \/><\/p>\n<p><img loading=\"lazy\" decoding=\"async\" src=\"https:\/\/ostrowskatv.pl\/wp-content\/uploads\/2022\/12\/20221206_100058-01.jpeg\" alt=\"\" width=\"1366\" height=\"713\" class=\"alignnone size-full wp-image-22439\" srcset=\"https:\/\/ostrowskatv.pl\/wp-content\/uploads\/2022\/12\/20221206_100058-01.jpeg 1366w, https:\/\/ostrowskatv.pl\/wp-content\/uploads\/2022\/12\/20221206_100058-01-300x157.jpeg 300w, https:\/\/ostrowskatv.pl\/wp-content\/uploads\/2022\/12\/20221206_100058-01-640x334.jpeg 640w\" sizes=\"auto, (max-width: 1366px) 100vw, 1366px\" \/><\/p>\n","protected":false},"excerpt":{"rendered":"We wtorek przed godzin\u0105 10 rano dosz\u0142o do skasowania dw\u00f3ch oznacze\u0144 drogowych przed rondem u zbiegu ulic Partyzanckiej, Zamenhofa i Wolno\u015bci w Ostrowie \n<a class=\"moretag\" href=\"https:\/\/ostrowskatv.pl\/?p=22435\"> [...]<\/a>","protected":false},"author":1,"featured_media":22438,"comment_status":"open","ping_status":"closed","sticky":false,"template":"","format":"standard","meta":{"footnotes":""},"categories":[1],"tags":[2],"class_list":["post-22435","post","type-post","status-publish","format-standard","has-post-thumbnail","hentry","category-news","tag-ostrow-wielkopolski"],"_links":{"self":[{"href":"https:\/\/ostrowskatv.pl\/index.php?rest_route=\/wp\/v2\/posts\/22435","targetHints":{"allow":["GET"]}}],"collection":[{"href":"https:\/\/ostrowskatv.pl\/index.php?rest_route=\/wp\/v2\/posts"}],"about":[{"href":"https:\/\/ostrowskatv.pl\/index.php?rest_route=\/wp\/v2\/types\/post"}],"author":[{"embeddable":true,"href":"https:\/\/ostrowskatv.pl\/index.php?rest_route=\/wp\/v2\/users\/1"}],"replies":[{"embeddable":true,"href":"https:\/\/ostrowskatv.pl\/index.php?rest_route=%2Fwp%2Fv2%2Fcomments&post=22435"}],"version-history":[{"count":0,"href":"https:\/\/ostrowskatv.pl\/index.php?rest_route=\/wp\/v2\/posts\/22435\/revisions"}],"wp:featuredmedia":[{"embeddable":true,"href":"https:\/\/ostrowskatv.pl\/index.php?rest_route=\/wp\/v2\/media\/22438"}],"wp:attachment":[{"href":"https:\/\/ostrowskatv.pl\/index.php?rest_route=%2Fwp%2Fv2%2Fmedia&parent=22435"}],"wp:term":[{"taxonomy":"category","embeddable":true,"href":"https:\/\/ostrowskatv.pl\/index.php?rest_route=%2Fwp%2Fv2%2Fcategories&post=22435"},{"taxonomy":"post_tag","embeddable":true,"href":"https:\/\/ostrowskatv.pl\/index.php?rest_route=%2Fwp%2Fv2%2Ftags&post=22435"}],"curies":[{"name":"wp","href":"https:\/\/api.w.org\/{rel}","templated":true}]}}