{"id":22430,"date":"2022-12-06T11:50:25","date_gmt":"2022-12-06T10:50:25","guid":{"rendered":"https:\/\/ostrowskatv.pl\/?p=22430"},"modified":"2022-12-06T11:50:25","modified_gmt":"2022-12-06T10:50:25","slug":"kierowca-ciezarowki-przesadzil-i-slono-go-to-kosztowalo","status":"publish","type":"post","link":"https:\/\/ostrowskatv.pl\/?p=22430","title":{"rendered":"Kierowca ci\u0119\u017car\u00f3wki przesadzi\u0142 i s\u0142ono go to kosztowa\u0142o"},"content":{"rendered":"<p><strong>We wtorek oko\u0142o godziny 8 rano obywatelsko zatrzymano kierowc\u0119 samochodu ci\u0119\u017carowego. Do zatrzymania dosz\u0142o w Odolanowie na ulicy Kaliskiej. Wst\u0119pnie podejrzewano, \u017ce mo\u017ce on by\u0107 pod wp\u0142ywem alkoholu. <\/strong><\/p>\n<p>Wszystko zacz\u0119\u0142o si\u0119 od manewru wyprzedzania wykonywanego przez kierowc\u0119 samochodu ci\u0119\u017carowego. 37-latek wyprzedzaj\u0105c spowodowa\u0142 konieczno\u015b\u0107 zjechania z drogi przez auto jad\u0105ce z przeciwka.<\/p>\n<p>Kierowca, kt\u00f3ry musia\u0142 dokona\u0107 manewru obronnego zatrzyma\u0142 kierowc\u0119 ci\u0119\u017car\u00f3wki i wezwa\u0142 policj\u0119.<\/p>\n<p>Okaza\u0142o si\u0119, \u017ce mieszkaniec wojew\u00f3dztwa dolno\u015bl\u0105skiego by\u0142 trze\u017awy, ale zosta\u0142 ukarany 1500 z\u0142 mandatem i 10 punktami karnymi za stworzenie niebezpiecze\u0144stwa na drodze. <\/p>\n","protected":false},"excerpt":{"rendered":"We wtorek oko\u0142o godziny 8 rano obywatelsko zatrzymano kierowc\u0119 samochodu ci\u0119\u017carowego. Do zatrzymania dosz\u0142o w Odolanowie na ulicy Kaliskiej. Wst\u0119pnie podejrzewano, \u017ce mo\u017ce \n<a class=\"moretag\" href=\"https:\/\/ostrowskatv.pl\/?p=22430\"> [...]<\/a>","protected":false},"author":1,"featured_media":22431,"comment_status":"open","ping_status":"closed","sticky":false,"template":"","format":"standard","meta":{"footnotes":""},"categories":[1],"tags":[38],"class_list":["post-22430","post","type-post","status-publish","format-standard","has-post-thumbnail","hentry","category-news","tag-odolanow"],"_links":{"self":[{"href":"https:\/\/ostrowskatv.pl\/index.php?rest_route=\/wp\/v2\/posts\/22430","targetHints":{"allow":["GET"]}}],"collection":[{"href":"https:\/\/ostrowskatv.pl\/index.php?rest_route=\/wp\/v2\/posts"}],"about":[{"href":"https:\/\/ostrowskatv.pl\/index.php?rest_route=\/wp\/v2\/types\/post"}],"author":[{"embeddable":true,"href":"https:\/\/ostrowskatv.pl\/index.php?rest_route=\/wp\/v2\/users\/1"}],"replies":[{"embeddable":true,"href":"https:\/\/ostrowskatv.pl\/index.php?rest_route=%2Fwp%2Fv2%2Fcomments&post=22430"}],"version-history":[{"count":0,"href":"https:\/\/ostrowskatv.pl\/index.php?rest_route=\/wp\/v2\/posts\/22430\/revisions"}],"wp:featuredmedia":[{"embeddable":true,"href":"https:\/\/ostrowskatv.pl\/index.php?rest_route=\/wp\/v2\/media\/22431"}],"wp:attachment":[{"href":"https:\/\/ostrowskatv.pl\/index.php?rest_route=%2Fwp%2Fv2%2Fmedia&parent=22430"}],"wp:term":[{"taxonomy":"category","embeddable":true,"href":"https:\/\/ostrowskatv.pl\/index.php?rest_route=%2Fwp%2Fv2%2Fcategories&post=22430"},{"taxonomy":"post_tag","embeddable":true,"href":"https:\/\/ostrowskatv.pl\/index.php?rest_route=%2Fwp%2Fv2%2Ftags&post=22430"}],"curies":[{"name":"wp","href":"https:\/\/api.w.org\/{rel}","templated":true}]}}