{"id":22399,"date":"2022-12-05T16:21:56","date_gmt":"2022-12-05T15:21:56","guid":{"rendered":"https:\/\/ostrowskatv.pl\/?p=22399"},"modified":"2022-12-05T16:21:56","modified_gmt":"2022-12-05T15:21:56","slug":"niedzielski-uciekal-przed-niewygodnym-pytaniem","status":"publish","type":"post","link":"https:\/\/ostrowskatv.pl\/?p=22399","title":{"rendered":"Niedzielski ucieka\u0142 przed niewygodnym pytaniem"},"content":{"rendered":"<p><strong>Minister zdrowia wizytowa\u0142 dzi\u015b ostrowski szpital w zwi\u0105zku z uroczystym otwarciem Bloku Operacyjnego sk\u0142adaj\u0105cego si\u0119 z nowych sal operacyjno-zabiegowych.<\/strong><\/p>\n<p>Podczas wizyty chwali\u0142 ostrowski szpital za przygotowanie podczas walki z ze znanym wirusem blisko 240 \u0142\u00f3\u017cek tylko dla tych pacjent\u00f3w. Tu warto podkre\u015bli\u0107, \u017ce szpital z ostrowa na co dzie\u0144 ma troch\u0119 ponad 500 \u0142\u00f3\u017cek dla wszystkich pacjent\u00f3w.<\/p>\n<p>Minister pomimo trzech pr\u00f3b nie potrafi\u0142 odnie\u015b\u0107 si\u0119 do wypowiedzi Jaros\u0142awa Kaczy\u0144skiego, kt\u00f3ry w niedziel\u0119 na spotkaniu w Nowej Soli m\u00f3wi\u0142 o problemach s\u0142u\u017cby zdrowia. Jego zdaniem &#8222;pogo\u0144 za pieni\u0105dzem w tym \u015brodowisku (lekarskim &#8211; red.) jest jednak przesadna i b\u0119dzie trzeba co\u015b z tym zrobi\u0107&#8221;. <\/p>\n<p>Materia\u0142 z unikania odpowiedzi ma by\u0107 wyemitowany w dzisiejszych Faktach TVN.<\/p>\n<p><img loading=\"lazy\" decoding=\"async\" src=\"https:\/\/ostrowskatv.pl\/wp-content\/uploads\/2022\/12\/20221205_130420-01.jpeg\" alt=\"\" width=\"1366\" height=\"670\" class=\"alignnone size-full wp-image-22400\" srcset=\"https:\/\/ostrowskatv.pl\/wp-content\/uploads\/2022\/12\/20221205_130420-01.jpeg 1366w, https:\/\/ostrowskatv.pl\/wp-content\/uploads\/2022\/12\/20221205_130420-01-300x147.jpeg 300w, https:\/\/ostrowskatv.pl\/wp-content\/uploads\/2022\/12\/20221205_130420-01-640x314.jpeg 640w\" sizes=\"auto, (max-width: 1366px) 100vw, 1366px\" \/><\/p>\n<p><img loading=\"lazy\" decoding=\"async\" src=\"https:\/\/ostrowskatv.pl\/wp-content\/uploads\/2022\/12\/20221205_130424-01.jpeg\" alt=\"\" width=\"1366\" height=\"769\" class=\"alignnone size-full wp-image-22401\" srcset=\"https:\/\/ostrowskatv.pl\/wp-content\/uploads\/2022\/12\/20221205_130424-01.jpeg 1366w, https:\/\/ostrowskatv.pl\/wp-content\/uploads\/2022\/12\/20221205_130424-01-300x169.jpeg 300w, https:\/\/ostrowskatv.pl\/wp-content\/uploads\/2022\/12\/20221205_130424-01-640x360.jpeg 640w\" sizes=\"auto, (max-width: 1366px) 100vw, 1366px\" \/><\/p>\n<p><img loading=\"lazy\" decoding=\"async\" src=\"https:\/\/ostrowskatv.pl\/wp-content\/uploads\/2022\/12\/20221205_130427-01.jpeg\" alt=\"\" width=\"1366\" height=\"697\" class=\"alignnone size-full wp-image-22402\" srcset=\"https:\/\/ostrowskatv.pl\/wp-content\/uploads\/2022\/12\/20221205_130427-01.jpeg 1366w, https:\/\/ostrowskatv.pl\/wp-content\/uploads\/2022\/12\/20221205_130427-01-300x153.jpeg 300w, https:\/\/ostrowskatv.pl\/wp-content\/uploads\/2022\/12\/20221205_130427-01-640x327.jpeg 640w\" sizes=\"auto, (max-width: 1366px) 100vw, 1366px\" \/><\/p>\n<p><img loading=\"lazy\" decoding=\"async\" src=\"https:\/\/ostrowskatv.pl\/wp-content\/uploads\/2022\/12\/20221205_125013-01.jpeg\" alt=\"\" width=\"1366\" height=\"552\" class=\"alignnone size-full wp-image-22403\" srcset=\"https:\/\/ostrowskatv.pl\/wp-content\/uploads\/2022\/12\/20221205_125013-01.jpeg 1366w, https:\/\/ostrowskatv.pl\/wp-content\/uploads\/2022\/12\/20221205_125013-01-300x121.jpeg 300w, https:\/\/ostrowskatv.pl\/wp-content\/uploads\/2022\/12\/20221205_125013-01-640x259.jpeg 640w\" sizes=\"auto, (max-width: 1366px) 100vw, 1366px\" \/><\/p>\n<p><img loading=\"lazy\" decoding=\"async\" src=\"https:\/\/ostrowskatv.pl\/wp-content\/uploads\/2022\/12\/20221205_125039-01.jpeg\" alt=\"\" width=\"1366\" height=\"769\" class=\"alignnone size-full wp-image-22404\" srcset=\"https:\/\/ostrowskatv.pl\/wp-content\/uploads\/2022\/12\/20221205_125039-01.jpeg 1366w, https:\/\/ostrowskatv.pl\/wp-content\/uploads\/2022\/12\/20221205_125039-01-300x169.jpeg 300w, https:\/\/ostrowskatv.pl\/wp-content\/uploads\/2022\/12\/20221205_125039-01-640x360.jpeg 640w\" sizes=\"auto, (max-width: 1366px) 100vw, 1366px\" \/><\/p>\n","protected":false},"excerpt":{"rendered":"Minister zdrowia wizytowa\u0142 dzi\u015b ostrowski szpital w zwi\u0105zku z uroczystym otwarciem Bloku Operacyjnego sk\u0142adaj\u0105cego si\u0119 z nowych sal operacyjno-zabiegowych. Podczas wizyty chwali\u0142 ostrowski \n<a class=\"moretag\" href=\"https:\/\/ostrowskatv.pl\/?p=22399\"> [...]<\/a>","protected":false},"author":1,"featured_media":22404,"comment_status":"open","ping_status":"closed","sticky":false,"template":"","format":"standard","meta":{"footnotes":""},"categories":[1],"tags":[2],"class_list":["post-22399","post","type-post","status-publish","format-standard","has-post-thumbnail","hentry","category-news","tag-ostrow-wielkopolski"],"_links":{"self":[{"href":"https:\/\/ostrowskatv.pl\/index.php?rest_route=\/wp\/v2\/posts\/22399","targetHints":{"allow":["GET"]}}],"collection":[{"href":"https:\/\/ostrowskatv.pl\/index.php?rest_route=\/wp\/v2\/posts"}],"about":[{"href":"https:\/\/ostrowskatv.pl\/index.php?rest_route=\/wp\/v2\/types\/post"}],"author":[{"embeddable":true,"href":"https:\/\/ostrowskatv.pl\/index.php?rest_route=\/wp\/v2\/users\/1"}],"replies":[{"embeddable":true,"href":"https:\/\/ostrowskatv.pl\/index.php?rest_route=%2Fwp%2Fv2%2Fcomments&post=22399"}],"version-history":[{"count":0,"href":"https:\/\/ostrowskatv.pl\/index.php?rest_route=\/wp\/v2\/posts\/22399\/revisions"}],"wp:featuredmedia":[{"embeddable":true,"href":"https:\/\/ostrowskatv.pl\/index.php?rest_route=\/wp\/v2\/media\/22404"}],"wp:attachment":[{"href":"https:\/\/ostrowskatv.pl\/index.php?rest_route=%2Fwp%2Fv2%2Fmedia&parent=22399"}],"wp:term":[{"taxonomy":"category","embeddable":true,"href":"https:\/\/ostrowskatv.pl\/index.php?rest_route=%2Fwp%2Fv2%2Fcategories&post=22399"},{"taxonomy":"post_tag","embeddable":true,"href":"https:\/\/ostrowskatv.pl\/index.php?rest_route=%2Fwp%2Fv2%2Ftags&post=22399"}],"curies":[{"name":"wp","href":"https:\/\/api.w.org\/{rel}","templated":true}]}}