{"id":2224,"date":"2016-09-20T17:01:41","date_gmt":"2016-09-20T16:01:41","guid":{"rendered":"http:\/\/ostrowska.tv\/?p=2224"},"modified":"2016-09-20T17:01:41","modified_gmt":"2016-09-20T16:01:41","slug":"emerytowany-lekarz-spowodowal-kolizje","status":"publish","type":"post","link":"https:\/\/ostrowskatv.pl\/?p=2224","title":{"rendered":"Emerytowany lekarz spowodowa\u0142 kolizj\u0119"},"content":{"rendered":"<p><strong>We wtorek po godzinie 12:00 dosz\u0142o do zderzenia dw\u00f3ch aut osobowych na skrzy\u017cowaniu ulic Pi\u0142sudskiego i Led\u00f3chowskiego. We wst\u0119pnej wersji, oboje kieruj\u0105cy wjechali na zielonym \u015bwietle. Ustalenia policjant\u00f3w by\u0142y konkretne i obarczaj\u0105ce win\u0105 kierowc\u0119 Citroena C5.<\/strong><\/p>\n<p>Seatem kierowa\u0142a kobieta, kt\u00f3ra jecha\u0142a ul. Led\u00f3chowskiego od strony \u015amigielskiego. Natomiast Citroenem kierowa\u0142 starszy wiekiem m\u0119\u017cczyzna jad\u0105cy ulic\u0105 Pi\u0142sudskiego od strony Paderewskiego. \u015awiadkowie, do kt\u00f3rych dotarli policjanci stwierdzili jednoznacznie, \u017ce to m\u0119\u017cczyzna z Citroena wjecha\u0142 na czerwonym \u015bwietle. Sprawc\u0105 kolizji okaza\u0142 si\u0119 emerytowany lekarz.<\/p>\n","protected":false},"excerpt":{"rendered":"We wtorek po godzinie 12:00 dosz\u0142o do zderzenia dw\u00f3ch aut osobowych na skrzy\u017cowaniu ulic Pi\u0142sudskiego i Led\u00f3chowskiego. We wst\u0119pnej wersji, oboje kieruj\u0105cy wjechali \n<a class=\"moretag\" href=\"https:\/\/ostrowskatv.pl\/?p=2224\"> [...]<\/a>","protected":false},"author":1,"featured_media":2226,"comment_status":"open","ping_status":"open","sticky":false,"template":"","format":"standard","meta":{"footnotes":""},"categories":[1],"tags":[2],"class_list":["post-2224","post","type-post","status-publish","format-standard","has-post-thumbnail","hentry","category-news","tag-ostrow-wielkopolski"],"_links":{"self":[{"href":"https:\/\/ostrowskatv.pl\/index.php?rest_route=\/wp\/v2\/posts\/2224","targetHints":{"allow":["GET"]}}],"collection":[{"href":"https:\/\/ostrowskatv.pl\/index.php?rest_route=\/wp\/v2\/posts"}],"about":[{"href":"https:\/\/ostrowskatv.pl\/index.php?rest_route=\/wp\/v2\/types\/post"}],"author":[{"embeddable":true,"href":"https:\/\/ostrowskatv.pl\/index.php?rest_route=\/wp\/v2\/users\/1"}],"replies":[{"embeddable":true,"href":"https:\/\/ostrowskatv.pl\/index.php?rest_route=%2Fwp%2Fv2%2Fcomments&post=2224"}],"version-history":[{"count":0,"href":"https:\/\/ostrowskatv.pl\/index.php?rest_route=\/wp\/v2\/posts\/2224\/revisions"}],"wp:featuredmedia":[{"embeddable":true,"href":"https:\/\/ostrowskatv.pl\/index.php?rest_route=\/wp\/v2\/media\/2226"}],"wp:attachment":[{"href":"https:\/\/ostrowskatv.pl\/index.php?rest_route=%2Fwp%2Fv2%2Fmedia&parent=2224"}],"wp:term":[{"taxonomy":"category","embeddable":true,"href":"https:\/\/ostrowskatv.pl\/index.php?rest_route=%2Fwp%2Fv2%2Fcategories&post=2224"},{"taxonomy":"post_tag","embeddable":true,"href":"https:\/\/ostrowskatv.pl\/index.php?rest_route=%2Fwp%2Fv2%2Ftags&post=2224"}],"curies":[{"name":"wp","href":"https:\/\/api.w.org\/{rel}","templated":true}]}}