{"id":22238,"date":"2022-11-16T14:59:03","date_gmt":"2022-11-16T13:59:03","guid":{"rendered":"https:\/\/ostrowskatv.pl\/?p=22238"},"modified":"2022-11-16T14:59:03","modified_gmt":"2022-11-16T13:59:03","slug":"mlodzi-mezczyzni-rozbili-sie-fordem","status":"publish","type":"post","link":"https:\/\/ostrowskatv.pl\/?p=22238","title":{"rendered":"M\u0142odzi m\u0119\u017cczy\u017ani rozbili si\u0119 fordem"},"content":{"rendered":"<p><strong>M\u0142odzi m\u0119\u017cczy\u017ani jad\u0105c fordem focusem wyje\u017cd\u017cali z ulicy Konopnickiej w alej\u0119 S\u0142owackiego. Na mokrej nawierzchni samoch\u00f3d straci\u0142 przyczepno\u015b\u0107 i uderzy\u0142 w kraw\u0119\u017cnik przy przej\u015bciu dla pieszych.\u00a0<\/strong><\/p>\n<p>Szcz\u0119\u015bliwie nikt poza pojazdem nie ucierpia\u0142. Na miejscu pojawi\u0142a policja, kt\u00f3ra rozliczy\u0142a m\u0142odego kierowc\u0119.<\/p>\n<p>Do zdarzenia dosz\u0142o w \u015brod\u0119 oko\u0142o godziny 12.30.<\/p>\n<p><img loading=\"lazy\" decoding=\"async\" src=\"https:\/\/ostrowskatv.pl\/wp-content\/uploads\/2022\/11\/20221116_125103-01.jpeg\" alt=\"\" width=\"1365\" height=\"795\" class=\"alignnone size-full wp-image-22237\" srcset=\"https:\/\/ostrowskatv.pl\/wp-content\/uploads\/2022\/11\/20221116_125103-01.jpeg 1365w, https:\/\/ostrowskatv.pl\/wp-content\/uploads\/2022\/11\/20221116_125103-01-300x175.jpeg 300w, https:\/\/ostrowskatv.pl\/wp-content\/uploads\/2022\/11\/20221116_125103-01-618x360.jpeg 618w\" sizes=\"auto, (max-width: 1365px) 100vw, 1365px\" \/><\/p>\n<p><img loading=\"lazy\" decoding=\"async\" src=\"https:\/\/ostrowskatv.pl\/wp-content\/uploads\/2022\/11\/20221116_125236-01.jpeg\" alt=\"\" width=\"1366\" height=\"690\" class=\"alignnone size-full wp-image-22236\" srcset=\"https:\/\/ostrowskatv.pl\/wp-content\/uploads\/2022\/11\/20221116_125236-01.jpeg 1366w, https:\/\/ostrowskatv.pl\/wp-content\/uploads\/2022\/11\/20221116_125236-01-300x152.jpeg 300w, https:\/\/ostrowskatv.pl\/wp-content\/uploads\/2022\/11\/20221116_125236-01-640x323.jpeg 640w\" sizes=\"auto, (max-width: 1366px) 100vw, 1366px\" \/><\/p>\n<p><img loading=\"lazy\" decoding=\"async\" src=\"https:\/\/ostrowskatv.pl\/wp-content\/uploads\/2022\/11\/20221116_125355-01.jpeg\" alt=\"\" width=\"1365\" height=\"893\" class=\"alignnone size-full wp-image-22235\" srcset=\"https:\/\/ostrowskatv.pl\/wp-content\/uploads\/2022\/11\/20221116_125355-01.jpeg 1365w, https:\/\/ostrowskatv.pl\/wp-content\/uploads\/2022\/11\/20221116_125355-01-300x196.jpeg 300w, https:\/\/ostrowskatv.pl\/wp-content\/uploads\/2022\/11\/20221116_125355-01-550x360.jpeg 550w\" sizes=\"auto, (max-width: 1365px) 100vw, 1365px\" \/><\/p>\n","protected":false},"excerpt":{"rendered":"M\u0142odzi m\u0119\u017cczy\u017ani jad\u0105c fordem focusem wyje\u017cd\u017cali z ulicy Konopnickiej w alej\u0119 S\u0142owackiego. Na mokrej nawierzchni samoch\u00f3d straci\u0142 przyczepno\u015b\u0107 i uderzy\u0142 w kraw\u0119\u017cnik przy \n<a class=\"moretag\" href=\"https:\/\/ostrowskatv.pl\/?p=22238\"> [...]<\/a>","protected":false},"author":1,"featured_media":22237,"comment_status":"open","ping_status":"closed","sticky":false,"template":"","format":"standard","meta":{"footnotes":""},"categories":[1],"tags":[48],"class_list":["post-22238","post","type-post","status-publish","format-standard","has-post-thumbnail","hentry","category-news","tag-kolizja"],"_links":{"self":[{"href":"https:\/\/ostrowskatv.pl\/index.php?rest_route=\/wp\/v2\/posts\/22238","targetHints":{"allow":["GET"]}}],"collection":[{"href":"https:\/\/ostrowskatv.pl\/index.php?rest_route=\/wp\/v2\/posts"}],"about":[{"href":"https:\/\/ostrowskatv.pl\/index.php?rest_route=\/wp\/v2\/types\/post"}],"author":[{"embeddable":true,"href":"https:\/\/ostrowskatv.pl\/index.php?rest_route=\/wp\/v2\/users\/1"}],"replies":[{"embeddable":true,"href":"https:\/\/ostrowskatv.pl\/index.php?rest_route=%2Fwp%2Fv2%2Fcomments&post=22238"}],"version-history":[{"count":0,"href":"https:\/\/ostrowskatv.pl\/index.php?rest_route=\/wp\/v2\/posts\/22238\/revisions"}],"wp:featuredmedia":[{"embeddable":true,"href":"https:\/\/ostrowskatv.pl\/index.php?rest_route=\/wp\/v2\/media\/22237"}],"wp:attachment":[{"href":"https:\/\/ostrowskatv.pl\/index.php?rest_route=%2Fwp%2Fv2%2Fmedia&parent=22238"}],"wp:term":[{"taxonomy":"category","embeddable":true,"href":"https:\/\/ostrowskatv.pl\/index.php?rest_route=%2Fwp%2Fv2%2Fcategories&post=22238"},{"taxonomy":"post_tag","embeddable":true,"href":"https:\/\/ostrowskatv.pl\/index.php?rest_route=%2Fwp%2Fv2%2Ftags&post=22238"}],"curies":[{"name":"wp","href":"https:\/\/api.w.org\/{rel}","templated":true}]}}