{"id":22233,"date":"2022-11-16T14:24:12","date_gmt":"2022-11-16T13:24:12","guid":{"rendered":"https:\/\/ostrowskatv.pl\/?p=22233"},"modified":"2022-11-16T14:24:12","modified_gmt":"2022-11-16T13:24:12","slug":"ponad-80-letnia-rowerzystka-zostala-potracona","status":"publish","type":"post","link":"https:\/\/ostrowskatv.pl\/?p=22233","title":{"rendered":"Ponad 80-letnia rowerzystka zosta\u0142a potr\u0105cona"},"content":{"rendered":"<p><strong>Trudno w to uwierzy\u0107, ale ponad 80-letnia kobieta postanowi\u0142a przemie\u015bci\u0107 si\u0119 rowerem. W trakcie jazdy zosta\u0142a potr\u0105cona przez samoch\u00f3d osobowy kierowany przez 41-letni\u0105 kobiet\u0119.<\/strong><\/p>\n<p>Do zdarzenia dosz\u0142o we wtorek ko\u0142o po\u0142udnia w miejscowo\u015bci Ligota (gm. Raszk\u00f3w). Potr\u0105con\u0105 rowerzystk\u0119 z obra\u017ceniami zabrano do ostrowskiego szpitala. Jej \u017cycie nie by\u0142o zagro\u017cone, ale leczenie skutk\u00f3w wypadku z pewno\u015bci\u0105 potrwa.<\/p>\n<p><img loading=\"lazy\" decoding=\"async\" src=\"https:\/\/ostrowskatv.pl\/wp-content\/uploads\/2022\/11\/Ligota3.jpeg\" alt=\"\" width=\"900\" height=\"698\" class=\"alignnone size-full wp-image-22220\" srcset=\"https:\/\/ostrowskatv.pl\/wp-content\/uploads\/2022\/11\/Ligota3.jpeg 900w, https:\/\/ostrowskatv.pl\/wp-content\/uploads\/2022\/11\/Ligota3-300x233.jpeg 300w, https:\/\/ostrowskatv.pl\/wp-content\/uploads\/2022\/11\/Ligota3-464x360.jpeg 464w\" sizes=\"auto, (max-width: 900px) 100vw, 900px\" \/><\/p>\n<p><img loading=\"lazy\" decoding=\"async\" src=\"https:\/\/ostrowskatv.pl\/wp-content\/uploads\/2022\/11\/Ligota2.jpeg\" alt=\"\" width=\"975\" height=\"730\" class=\"alignnone size-full wp-image-22219\" srcset=\"https:\/\/ostrowskatv.pl\/wp-content\/uploads\/2022\/11\/Ligota2.jpeg 975w, https:\/\/ostrowskatv.pl\/wp-content\/uploads\/2022\/11\/Ligota2-300x225.jpeg 300w, https:\/\/ostrowskatv.pl\/wp-content\/uploads\/2022\/11\/Ligota2-481x360.jpeg 481w\" sizes=\"auto, (max-width: 975px) 100vw, 975px\" \/><\/p>\n<p><img loading=\"lazy\" decoding=\"async\" src=\"https:\/\/ostrowskatv.pl\/wp-content\/uploads\/2022\/11\/Ligota1.jpeg\" alt=\"\" width=\"1136\" height=\"743\" class=\"alignnone size-full wp-image-22218\" srcset=\"https:\/\/ostrowskatv.pl\/wp-content\/uploads\/2022\/11\/Ligota1.jpeg 1136w, https:\/\/ostrowskatv.pl\/wp-content\/uploads\/2022\/11\/Ligota1-300x196.jpeg 300w, https:\/\/ostrowskatv.pl\/wp-content\/uploads\/2022\/11\/Ligota1-550x360.jpeg 550w\" sizes=\"auto, (max-width: 1136px) 100vw, 1136px\" \/><\/p>\n","protected":false},"excerpt":{"rendered":"Trudno w to uwierzy\u0107, ale ponad 80-letnia kobieta postanowi\u0142a przemie\u015bci\u0107 si\u0119 rowerem. W trakcie jazdy zosta\u0142a potr\u0105cona przez samoch\u00f3d osobowy kierowany przez 41-letni\u0105 \n<a class=\"moretag\" href=\"https:\/\/ostrowskatv.pl\/?p=22233\"> [...]<\/a>","protected":false},"author":1,"featured_media":22220,"comment_status":"open","ping_status":"closed","sticky":false,"template":"","format":"standard","meta":{"footnotes":""},"categories":[1],"tags":[11],"class_list":["post-22233","post","type-post","status-publish","format-standard","has-post-thumbnail","hentry","category-news","tag-wypadek"],"_links":{"self":[{"href":"https:\/\/ostrowskatv.pl\/index.php?rest_route=\/wp\/v2\/posts\/22233","targetHints":{"allow":["GET"]}}],"collection":[{"href":"https:\/\/ostrowskatv.pl\/index.php?rest_route=\/wp\/v2\/posts"}],"about":[{"href":"https:\/\/ostrowskatv.pl\/index.php?rest_route=\/wp\/v2\/types\/post"}],"author":[{"embeddable":true,"href":"https:\/\/ostrowskatv.pl\/index.php?rest_route=\/wp\/v2\/users\/1"}],"replies":[{"embeddable":true,"href":"https:\/\/ostrowskatv.pl\/index.php?rest_route=%2Fwp%2Fv2%2Fcomments&post=22233"}],"version-history":[{"count":0,"href":"https:\/\/ostrowskatv.pl\/index.php?rest_route=\/wp\/v2\/posts\/22233\/revisions"}],"wp:featuredmedia":[{"embeddable":true,"href":"https:\/\/ostrowskatv.pl\/index.php?rest_route=\/wp\/v2\/media\/22220"}],"wp:attachment":[{"href":"https:\/\/ostrowskatv.pl\/index.php?rest_route=%2Fwp%2Fv2%2Fmedia&parent=22233"}],"wp:term":[{"taxonomy":"category","embeddable":true,"href":"https:\/\/ostrowskatv.pl\/index.php?rest_route=%2Fwp%2Fv2%2Fcategories&post=22233"},{"taxonomy":"post_tag","embeddable":true,"href":"https:\/\/ostrowskatv.pl\/index.php?rest_route=%2Fwp%2Fv2%2Ftags&post=22233"}],"curies":[{"name":"wp","href":"https:\/\/api.w.org\/{rel}","templated":true}]}}