{"id":22222,"date":"2022-11-16T12:38:20","date_gmt":"2022-11-16T11:38:20","guid":{"rendered":"https:\/\/ostrowskatv.pl\/?p=22222"},"modified":"2022-11-16T12:38:20","modified_gmt":"2022-11-16T11:38:20","slug":"11-miesieczne-dziecko-z-powaznymi-oparzeniami","status":"publish","type":"post","link":"https:\/\/ostrowskatv.pl\/?p=22222","title":{"rendered":"11-miesi\u0119czne dziecko z powa\u017cnymi oparzeniami"},"content":{"rendered":"<p><strong>Do Wielkopolskiego Centrum Oparze\u0144 w Ostrowie Wielkopolskim zosta\u0142o przetransportowane 11 miesi\u0119czne dziecko. Powodem by\u0142y rozleg\u0142e oparzenia cia\u0142a si\u0119gaj\u0105ce 50-60%.<\/strong><\/p>\n<p>Oparzenia ze wzgl\u0119du na g\u0142\u0119boko\u015b\u0107 oparzenia dzieli si\u0119 je poszczeg\u00f3lne stopnie:<\/p>\n<p>I stopnia &#8211; uszkodzeniu uleg\u0142a wierzchnia warstwa sk\u00f3ry. Jest ona zarumieniona, czemu towarzyszy silny b\u00f3l.<br \/>\nII stopnia &#8211; jest to oparzenie po\u015brednie z obecnymi p\u0119cherzami oraz silnym b\u00f3lem.<br \/>\nIII stopnia &#8211; jest to oparzenie g\u0142\u0119bokie. Sk\u00f3ra jest jasna, twarda, woskowa. Nie obserwuje si\u0119 objaw\u00f3w b\u00f3lowych.<br \/>\nIV stopnia &#8211; uszkodzeniu ulega nie tylko sk\u00f3ra, ale i g\u0142\u0119bsze struktury. Dochodzi do zw\u0119glenia, martwicy tkanek takich jak np. mi\u0119\u015bnie, ko\u015bci.<\/p>\n<p>W tym przypadku dziecko dozna\u0142o oparze\u0144 II stopnia. Zosta\u0142o przetransportowane \u015bmig\u0142owcem LPR z rejonu pozna\u0144skiego.<\/p>\n<p>Leczenie oparze\u0144 i post\u0119powanie s\u0105 zale\u017cne od ci\u0119\u017cko\u015bci oparzenia. W wi\u0119kszo\u015bci przypadk\u00f3w ran\u0119 nale\u017cy ch\u0142odzi\u0107 pod bie\u017c\u0105c\u0105 wod\u0105 przez co najmniej 15 minut i zabezpieczy\u0107 ja\u0142owym opatrunkiem. Z oparzonych ko\u0144czyn nale\u017cy jak najszybciej zdj\u0105\u0107 bi\u017cuteri\u0119 i ubranie, ze wzgl\u0119du na szybkie narastanie obrz\u0119ku. W rozleg\u0142ych oparzeniach II stopnia, a tak\u017ce we wszystkich III i IV stopnia oraz gdy chory jest nieprzytomny lub istnieje podejrzenie oparzenia dr\u00f3g oddechowych, nale\u017cy wezwa\u0107 pogotowie.<\/p>\n<p><img loading=\"lazy\" decoding=\"async\" src=\"https:\/\/ostrowskatv.pl\/wp-content\/uploads\/2022\/11\/20221116_121055-01.jpeg\" alt=\"\" width=\"1366\" height=\"774\" class=\"alignnone size-full wp-image-22224\" srcset=\"https:\/\/ostrowskatv.pl\/wp-content\/uploads\/2022\/11\/20221116_121055-01.jpeg 1366w, https:\/\/ostrowskatv.pl\/wp-content\/uploads\/2022\/11\/20221116_121055-01-300x170.jpeg 300w, https:\/\/ostrowskatv.pl\/wp-content\/uploads\/2022\/11\/20221116_121055-01-635x360.jpeg 635w, https:\/\/ostrowskatv.pl\/wp-content\/uploads\/2022\/11\/20221116_121055-01-388x220.jpeg 388w\" sizes=\"auto, (max-width: 1366px) 100vw, 1366px\" \/><\/p>\n<p><img loading=\"lazy\" decoding=\"async\" src=\"https:\/\/ostrowskatv.pl\/wp-content\/uploads\/2022\/11\/20221116_121051-01.jpeg\" alt=\"\" width=\"1366\" height=\"633\" class=\"alignnone size-full wp-image-22225\" srcset=\"https:\/\/ostrowskatv.pl\/wp-content\/uploads\/2022\/11\/20221116_121051-01.jpeg 1366w, https:\/\/ostrowskatv.pl\/wp-content\/uploads\/2022\/11\/20221116_121051-01-300x139.jpeg 300w, https:\/\/ostrowskatv.pl\/wp-content\/uploads\/2022\/11\/20221116_121051-01-640x297.jpeg 640w\" sizes=\"auto, (max-width: 1366px) 100vw, 1366px\" \/><\/p>\n<p><img loading=\"lazy\" decoding=\"async\" src=\"https:\/\/ostrowskatv.pl\/wp-content\/uploads\/2022\/11\/20221116_121039-01.jpeg\" alt=\"\" width=\"1366\" height=\"824\" class=\"alignnone size-full wp-image-22226\" srcset=\"https:\/\/ostrowskatv.pl\/wp-content\/uploads\/2022\/11\/20221116_121039-01.jpeg 1366w, https:\/\/ostrowskatv.pl\/wp-content\/uploads\/2022\/11\/20221116_121039-01-300x181.jpeg 300w, https:\/\/ostrowskatv.pl\/wp-content\/uploads\/2022\/11\/20221116_121039-01-597x360.jpeg 597w\" sizes=\"auto, (max-width: 1366px) 100vw, 1366px\" \/><\/p>\n<p><img loading=\"lazy\" decoding=\"async\" src=\"https:\/\/ostrowskatv.pl\/wp-content\/uploads\/2022\/11\/20221116_121034-01.jpeg\" alt=\"\" width=\"1366\" height=\"734\" class=\"alignnone size-full wp-image-22227\" srcset=\"https:\/\/ostrowskatv.pl\/wp-content\/uploads\/2022\/11\/20221116_121034-01.jpeg 1366w, https:\/\/ostrowskatv.pl\/wp-content\/uploads\/2022\/11\/20221116_121034-01-300x161.jpeg 300w, https:\/\/ostrowskatv.pl\/wp-content\/uploads\/2022\/11\/20221116_121034-01-640x344.jpeg 640w\" sizes=\"auto, (max-width: 1366px) 100vw, 1366px\" \/><\/p>\n<p><img loading=\"lazy\" decoding=\"async\" src=\"https:\/\/ostrowskatv.pl\/wp-content\/uploads\/2022\/11\/20221116_121030-01.jpeg\" alt=\"\" width=\"1366\" height=\"724\" class=\"alignnone size-full wp-image-22228\" srcset=\"https:\/\/ostrowskatv.pl\/wp-content\/uploads\/2022\/11\/20221116_121030-01.jpeg 1366w, https:\/\/ostrowskatv.pl\/wp-content\/uploads\/2022\/11\/20221116_121030-01-300x159.jpeg 300w, https:\/\/ostrowskatv.pl\/wp-content\/uploads\/2022\/11\/20221116_121030-01-640x339.jpeg 640w\" sizes=\"auto, (max-width: 1366px) 100vw, 1366px\" \/><\/p>\n<p><img loading=\"lazy\" decoding=\"async\" src=\"https:\/\/ostrowskatv.pl\/wp-content\/uploads\/2022\/11\/20221116_121002-01.jpeg\" alt=\"\" width=\"1365\" height=\"851\" class=\"alignnone size-full wp-image-22229\" srcset=\"https:\/\/ostrowskatv.pl\/wp-content\/uploads\/2022\/11\/20221116_121002-01.jpeg 1365w, https:\/\/ostrowskatv.pl\/wp-content\/uploads\/2022\/11\/20221116_121002-01-300x187.jpeg 300w, https:\/\/ostrowskatv.pl\/wp-content\/uploads\/2022\/11\/20221116_121002-01-577x360.jpeg 577w\" sizes=\"auto, (max-width: 1365px) 100vw, 1365px\" \/><\/p>\n<p><img loading=\"lazy\" decoding=\"async\" src=\"https:\/\/ostrowskatv.pl\/wp-content\/uploads\/2022\/11\/IMG-20221116-WA0004-01.jpeg\" alt=\"\" width=\"1366\" height=\"1250\" class=\"alignnone size-full wp-image-22230\" srcset=\"https:\/\/ostrowskatv.pl\/wp-content\/uploads\/2022\/11\/IMG-20221116-WA0004-01.jpeg 1366w, https:\/\/ostrowskatv.pl\/wp-content\/uploads\/2022\/11\/IMG-20221116-WA0004-01-300x275.jpeg 300w, https:\/\/ostrowskatv.pl\/wp-content\/uploads\/2022\/11\/IMG-20221116-WA0004-01-393x360.jpeg 393w\" sizes=\"auto, (max-width: 1366px) 100vw, 1366px\" \/><\/p>\n<p><img loading=\"lazy\" decoding=\"async\" src=\"https:\/\/ostrowskatv.pl\/wp-content\/uploads\/2022\/11\/IMG-20221116-WA0002-01.jpeg\" alt=\"\" width=\"1366\" height=\"1268\" class=\"alignnone size-full wp-image-22231\" srcset=\"https:\/\/ostrowskatv.pl\/wp-content\/uploads\/2022\/11\/IMG-20221116-WA0002-01.jpeg 1366w, https:\/\/ostrowskatv.pl\/wp-content\/uploads\/2022\/11\/IMG-20221116-WA0002-01-300x278.jpeg 300w, https:\/\/ostrowskatv.pl\/wp-content\/uploads\/2022\/11\/IMG-20221116-WA0002-01-388x360.jpeg 388w\" sizes=\"auto, (max-width: 1366px) 100vw, 1366px\" \/><\/p>\n","protected":false},"excerpt":{"rendered":"Do Wielkopolskiego Centrum Oparze\u0144 w Ostrowie Wielkopolskim zosta\u0142o przetransportowane 11 miesi\u0119czne dziecko. Powodem by\u0142y rozleg\u0142e oparzenia cia\u0142a si\u0119gaj\u0105ce 50-60%. Oparzenia ze wzgl\u0119du na \n<a class=\"moretag\" href=\"https:\/\/ostrowskatv.pl\/?p=22222\"> [...]<\/a>","protected":false},"author":1,"featured_media":22226,"comment_status":"open","ping_status":"closed","sticky":false,"template":"","format":"standard","meta":{"footnotes":""},"categories":[1],"tags":[55],"class_list":["post-22222","post","type-post","status-publish","format-standard","has-post-thumbnail","hentry","category-news","tag-szpital"],"_links":{"self":[{"href":"https:\/\/ostrowskatv.pl\/index.php?rest_route=\/wp\/v2\/posts\/22222","targetHints":{"allow":["GET"]}}],"collection":[{"href":"https:\/\/ostrowskatv.pl\/index.php?rest_route=\/wp\/v2\/posts"}],"about":[{"href":"https:\/\/ostrowskatv.pl\/index.php?rest_route=\/wp\/v2\/types\/post"}],"author":[{"embeddable":true,"href":"https:\/\/ostrowskatv.pl\/index.php?rest_route=\/wp\/v2\/users\/1"}],"replies":[{"embeddable":true,"href":"https:\/\/ostrowskatv.pl\/index.php?rest_route=%2Fwp%2Fv2%2Fcomments&post=22222"}],"version-history":[{"count":0,"href":"https:\/\/ostrowskatv.pl\/index.php?rest_route=\/wp\/v2\/posts\/22222\/revisions"}],"wp:featuredmedia":[{"embeddable":true,"href":"https:\/\/ostrowskatv.pl\/index.php?rest_route=\/wp\/v2\/media\/22226"}],"wp:attachment":[{"href":"https:\/\/ostrowskatv.pl\/index.php?rest_route=%2Fwp%2Fv2%2Fmedia&parent=22222"}],"wp:term":[{"taxonomy":"category","embeddable":true,"href":"https:\/\/ostrowskatv.pl\/index.php?rest_route=%2Fwp%2Fv2%2Fcategories&post=22222"},{"taxonomy":"post_tag","embeddable":true,"href":"https:\/\/ostrowskatv.pl\/index.php?rest_route=%2Fwp%2Fv2%2Ftags&post=22222"}],"curies":[{"name":"wp","href":"https:\/\/api.w.org\/{rel}","templated":true}]}}