{"id":22169,"date":"2022-11-10T15:34:00","date_gmt":"2022-11-10T14:34:00","guid":{"rendered":"https:\/\/ostrowskatv.pl\/?p=22169"},"modified":"2022-11-10T15:36:59","modified_gmt":"2022-11-10T14:36:59","slug":"prezes-klubu-sciga-hejterow-policja-zaprzecza","status":"publish","type":"post","link":"https:\/\/ostrowskatv.pl\/?p=22169","title":{"rendered":"Prezes klubu \u015bciga hejter\u00f3w? Policja zaprzecza"},"content":{"rendered":"<p><strong>Kilka dni temu pojawi\u0142a si\u0119 informacja ze strony klubu \u017cu\u017clowego z Ostrowa Wielkopolskiego o z\u0142o\u017ceniu na policji zawiadomienia przeciwko hejterom i autorom gr\u00f3\u017ab karalnych. S\u0119k w tym, \u017ce policja nie potwierdza tego stanowiska. <\/strong><\/p>\n<p>To kolejna sytuacja po aferze z udzia\u0142em trenera Marka Cie\u015blaka i prezes\u00f3w poprzedniego klubu, kt\u00f3rzy jedno m\u00f3wili publicznie a p\u00f3\u017aniej policja obna\u017ca\u0142a ich rozmijanie si\u0119 z prawd\u0105. <\/p>\n<p><iframe loading=\"lazy\" title=\"Brutalna prawda - alkohol na \u017cu\u017clu\" width=\"747\" height=\"420\" src=\"https:\/\/www.youtube.com\/embed\/xJiTFgXF5I4?feature=oembed\" frameborder=\"0\" allow=\"accelerometer; autoplay; clipboard-write; encrypted-media; gyroscope; picture-in-picture; web-share\" referrerpolicy=\"strict-origin-when-cross-origin\" allowfullscreen><\/iframe><\/p>\n<p>Oczywi\u015bcie nie ma \u017cadnej tolerancji dla gr\u00f3\u017ab karalnych i k\u0142amliwych oskar\u017ce\u0144 pod adresem kogokolwiek. I faktycznie je\u015bli osoba b\u0119d\u0105ca obiektem gr\u00f3\u017ab karalnych poczuje si\u0119 zagro\u017cona, ma w\u00f3wczas pe\u0142ne prawo \u017c\u0105da\u0107 \u015bcigania sprawc\u00f3w. <\/p>\n<p>Ma\u0142gorzata Micha\u015b z ostrowskiej policji poinformowa\u0142a dzi\u015b (10 listopada) <\/p>\n<blockquote><p>Nie mamy zg\u0142oszenia. Policjanci zostali poinformowani przez osoby zwi\u0105zane z klubem o negatywnych komentarzach w mediach spo\u0142eczno\u015bciowych. Wyja\u015bniamy te sytuacj\u0119. Osoby zosta\u0142y poinformowane o mo\u017cliwo\u015bciach prawnych.<\/p><\/blockquote>\n<blockquote><p>W ostatnich dniach mia\u0142y miejsce przypadki bezpodstawnego hejtu w komentarzach pod postem w mediach spo\u0142eczno\u015bciowych prezesa T\u017b Ostrovia S.A. Waldemara G\u00f3rskiego. <\/p>\n<p>Informujemy, \u017ce sprawa komentarzy, w kt\u00f3rych zawarto gro\u017aby karalne, zosta\u0142a zg\u0142oszona na policj\u0119. <\/p>\n<p>\u201eNie pozwol\u0119 szarga\u0107 mojego dobrego imienia, a tak\u017ce uderza\u0107 w wizerunek ostrowskiego klubu. Hejterzy w Internecie nie mog\u0105 czu\u0107 si\u0119 bezkarni, st\u0105d te\u017c zg\u0142osi\u0142em t\u0119 spraw\u0119 do organ\u00f3w \u015bcigania. Jednocze\u015bnie informuj\u0119, \u017ce sytuacja finansowa T\u017b Ostrovia S.A. jest stabilna, a wszystkie zobowi\u0105zania regulowane s\u0105 na bie\u017c\u0105co. Na rynku transferowym jako klub dzia\u0142amy natomiast rozs\u0105dnie i kontraktujemy zawodnik\u00f3w na miar\u0119 naszych mo\u017cliwo\u015bci finansowych\u201d \u2013 m\u00f3wi Waldemar G\u00f3rski, prezes T\u017b Ostrovia S.A.<\/p><\/blockquote>\n<p> &#8211; napisano na fanpage klubu. <\/p>\n<p>Prezes klubu Waldemar G\u00f3rski nie odpowiedzia\u0142 na pytanie gdzie i kiedy z\u0142o\u017cy\u0142 zawiadomienie dotycz\u0105ce \u015bcigania hejter\u00f3w.<\/p>\n","protected":false},"excerpt":{"rendered":"Kilka dni temu pojawi\u0142a si\u0119 informacja ze strony klubu \u017cu\u017clowego z Ostrowa Wielkopolskiego o z\u0142o\u017ceniu na policji zawiadomienia przeciwko hejterom i autorom gr\u00f3\u017ab \n<a class=\"moretag\" href=\"https:\/\/ostrowskatv.pl\/?p=22169\"> [...]<\/a>","protected":false},"author":1,"featured_media":5659,"comment_status":"open","ping_status":"closed","sticky":false,"template":"","format":"standard","meta":{"footnotes":""},"categories":[1],"tags":[8],"class_list":["post-22169","post","type-post","status-publish","format-standard","has-post-thumbnail","hentry","category-news","tag-zuzel"],"_links":{"self":[{"href":"https:\/\/ostrowskatv.pl\/index.php?rest_route=\/wp\/v2\/posts\/22169","targetHints":{"allow":["GET"]}}],"collection":[{"href":"https:\/\/ostrowskatv.pl\/index.php?rest_route=\/wp\/v2\/posts"}],"about":[{"href":"https:\/\/ostrowskatv.pl\/index.php?rest_route=\/wp\/v2\/types\/post"}],"author":[{"embeddable":true,"href":"https:\/\/ostrowskatv.pl\/index.php?rest_route=\/wp\/v2\/users\/1"}],"replies":[{"embeddable":true,"href":"https:\/\/ostrowskatv.pl\/index.php?rest_route=%2Fwp%2Fv2%2Fcomments&post=22169"}],"version-history":[{"count":0,"href":"https:\/\/ostrowskatv.pl\/index.php?rest_route=\/wp\/v2\/posts\/22169\/revisions"}],"wp:featuredmedia":[{"embeddable":true,"href":"https:\/\/ostrowskatv.pl\/index.php?rest_route=\/wp\/v2\/media\/5659"}],"wp:attachment":[{"href":"https:\/\/ostrowskatv.pl\/index.php?rest_route=%2Fwp%2Fv2%2Fmedia&parent=22169"}],"wp:term":[{"taxonomy":"category","embeddable":true,"href":"https:\/\/ostrowskatv.pl\/index.php?rest_route=%2Fwp%2Fv2%2Fcategories&post=22169"},{"taxonomy":"post_tag","embeddable":true,"href":"https:\/\/ostrowskatv.pl\/index.php?rest_route=%2Fwp%2Fv2%2Ftags&post=22169"}],"curies":[{"name":"wp","href":"https:\/\/api.w.org\/{rel}","templated":true}]}}