{"id":22146,"date":"2022-11-10T10:27:03","date_gmt":"2022-11-10T09:27:03","guid":{"rendered":"https:\/\/ostrowskatv.pl\/?p=22146"},"modified":"2022-11-10T10:27:03","modified_gmt":"2022-11-10T09:27:03","slug":"fiu-fiu-wydmuchal-az-3-promile","status":"publish","type":"post","link":"https:\/\/ostrowskatv.pl\/?p=22146","title":{"rendered":"Fiu, fiu. Wydmucha\u0142 a\u017c 3 promile"},"content":{"rendered":"<p><strong>W \u015brod\u0119 oko\u0142o godziny 13:20 na ulicy Wroclawskiej w Ostrowie Wielkopolskim policjanci zatrzymali do kontroli pojazd marki Renault Clio. Spos\u00f3b jazdy kieruj\u0105cego wskazywa\u0142, \u017ce mo\u017ce on by\u0107 nietrze\u017awy. <\/strong><\/p>\n<p>Kieruj\u0105cym okaza\u0142 si\u0119 27-latek z powiatu k\u0119pi\u0144skiego. Badanie stanu trze\u017awo\u015bci wykaza\u0142o w jego organizmie ponad 3 promile alkoholu. M\u0119\u017cczyzna zosta\u0142 zatrzymany.<\/p>\n<p><img loading=\"lazy\" decoding=\"async\" src=\"https:\/\/ostrowskatv.pl\/wp-content\/uploads\/2022\/11\/20221109_151226-01.jpeg\" alt=\"\" width=\"1366\" height=\"769\" class=\"alignnone size-full wp-image-22147\" srcset=\"https:\/\/ostrowskatv.pl\/wp-content\/uploads\/2022\/11\/20221109_151226-01.jpeg 1366w, https:\/\/ostrowskatv.pl\/wp-content\/uploads\/2022\/11\/20221109_151226-01-300x169.jpeg 300w, https:\/\/ostrowskatv.pl\/wp-content\/uploads\/2022\/11\/20221109_151226-01-640x360.jpeg 640w\" sizes=\"auto, (max-width: 1366px) 100vw, 1366px\" \/><\/p>\n<p><img loading=\"lazy\" decoding=\"async\" src=\"https:\/\/ostrowskatv.pl\/wp-content\/uploads\/2022\/11\/20221109_151225-01.jpeg\" alt=\"\" width=\"1366\" height=\"769\" class=\"alignnone size-full wp-image-22148\" srcset=\"https:\/\/ostrowskatv.pl\/wp-content\/uploads\/2022\/11\/20221109_151225-01.jpeg 1366w, https:\/\/ostrowskatv.pl\/wp-content\/uploads\/2022\/11\/20221109_151225-01-300x169.jpeg 300w, https:\/\/ostrowskatv.pl\/wp-content\/uploads\/2022\/11\/20221109_151225-01-640x360.jpeg 640w\" sizes=\"auto, (max-width: 1366px) 100vw, 1366px\" \/><\/p>\n<p><img loading=\"lazy\" decoding=\"async\" src=\"https:\/\/ostrowskatv.pl\/wp-content\/uploads\/2022\/11\/20221109_151224-01.jpeg\" alt=\"\" width=\"1366\" height=\"679\" class=\"alignnone size-full wp-image-22149\" srcset=\"https:\/\/ostrowskatv.pl\/wp-content\/uploads\/2022\/11\/20221109_151224-01.jpeg 1366w, https:\/\/ostrowskatv.pl\/wp-content\/uploads\/2022\/11\/20221109_151224-01-300x149.jpeg 300w, https:\/\/ostrowskatv.pl\/wp-content\/uploads\/2022\/11\/20221109_151224-01-640x318.jpeg 640w\" sizes=\"auto, (max-width: 1366px) 100vw, 1366px\" \/><\/p>\n","protected":false},"excerpt":{"rendered":"W \u015brod\u0119 oko\u0142o godziny 13:20 na ulicy Wroclawskiej w Ostrowie Wielkopolskim policjanci zatrzymali do kontroli pojazd marki Renault Clio. Spos\u00f3b jazdy kieruj\u0105cego wskazywa\u0142, \n<a class=\"moretag\" href=\"https:\/\/ostrowskatv.pl\/?p=22146\"> [...]<\/a>","protected":false},"author":1,"featured_media":22149,"comment_status":"open","ping_status":"closed","sticky":false,"template":"","format":"standard","meta":{"footnotes":""},"categories":[1],"tags":[2],"class_list":["post-22146","post","type-post","status-publish","format-standard","has-post-thumbnail","hentry","category-news","tag-ostrow-wielkopolski"],"_links":{"self":[{"href":"https:\/\/ostrowskatv.pl\/index.php?rest_route=\/wp\/v2\/posts\/22146","targetHints":{"allow":["GET"]}}],"collection":[{"href":"https:\/\/ostrowskatv.pl\/index.php?rest_route=\/wp\/v2\/posts"}],"about":[{"href":"https:\/\/ostrowskatv.pl\/index.php?rest_route=\/wp\/v2\/types\/post"}],"author":[{"embeddable":true,"href":"https:\/\/ostrowskatv.pl\/index.php?rest_route=\/wp\/v2\/users\/1"}],"replies":[{"embeddable":true,"href":"https:\/\/ostrowskatv.pl\/index.php?rest_route=%2Fwp%2Fv2%2Fcomments&post=22146"}],"version-history":[{"count":0,"href":"https:\/\/ostrowskatv.pl\/index.php?rest_route=\/wp\/v2\/posts\/22146\/revisions"}],"wp:featuredmedia":[{"embeddable":true,"href":"https:\/\/ostrowskatv.pl\/index.php?rest_route=\/wp\/v2\/media\/22149"}],"wp:attachment":[{"href":"https:\/\/ostrowskatv.pl\/index.php?rest_route=%2Fwp%2Fv2%2Fmedia&parent=22146"}],"wp:term":[{"taxonomy":"category","embeddable":true,"href":"https:\/\/ostrowskatv.pl\/index.php?rest_route=%2Fwp%2Fv2%2Fcategories&post=22146"},{"taxonomy":"post_tag","embeddable":true,"href":"https:\/\/ostrowskatv.pl\/index.php?rest_route=%2Fwp%2Fv2%2Ftags&post=22146"}],"curies":[{"name":"wp","href":"https:\/\/api.w.org\/{rel}","templated":true}]}}