{"id":2214,"date":"2016-09-15T23:16:50","date_gmt":"2016-09-15T22:16:50","guid":{"rendered":"http:\/\/ostrowska.tv\/?p=2214"},"modified":"2016-09-15T23:16:50","modified_gmt":"2016-09-15T22:16:50","slug":"wielki-pozar-pod-kaliszem-dym-bylo-widac-nawet-w-ostrowie","status":"publish","type":"post","link":"https:\/\/ostrowskatv.pl\/?p=2214","title":{"rendered":"Wielki po\u017car pod Kaliszem, dym by\u0142o wida\u0107 nawet w Ostrowie"},"content":{"rendered":"<p><strong>Do du\u017cego po\u017caru dosz\u0142o w czwartek przed godzin\u0105 12:00 w T\u0142okini Wielkiej, za Kaliszem. I cho\u0107 ta ma\u0142a miejscowo\u015b\u0107 oddalona jest o 30 km od Ostrowa Wlkp., to w naszym mie\u015bcie by\u0142o wida\u0107 ogromny dym. Na miejscu pali\u0142o sk\u0142adowisko palet oraz donice z PCV. Ogie\u0144 obejmowa\u0142 300 metr\u00f3w kwadratowych. P\u0142omienie bardzo szybko trawi\u0142y kolejne \u0142atwopalne przedmioty.<\/strong><\/p>\n<p>Po godzinie prawie wszystko sp\u0142on\u0119\u0142o. Straty wyceniono na co najmniej 200 tysi\u0119cy z\u0142otych. Na szcz\u0119\u015bcie uda\u0142o si\u0119 uratowa\u0107 s\u0105siaduj\u0105ce z po\u017carem obiekty. W akcji ga\u015bniczej bra\u0142o udzia\u0142 14 jednostek stra\u017cy po\u017carnej &#8211; w sumie 60 stra\u017cak\u00f3w. Przyczyny po\u017caru nie s\u0105 znane.<\/p>\n<p><iframe loading=\"lazy\" src=\"https:\/\/www.youtube.com\/embed\/R71cRz5War4\" width=\"640\" height=\"360\" frameborder=\"0\" allowfullscreen=\"allowfullscreen\"><\/iframe><\/p>\n","protected":false},"excerpt":{"rendered":"Do du\u017cego po\u017caru dosz\u0142o w czwartek przed godzin\u0105 12:00 w T\u0142okini Wielkiej, za Kaliszem. I cho\u0107 ta ma\u0142a miejscowo\u015b\u0107 oddalona jest o 30 \n<a class=\"moretag\" href=\"https:\/\/ostrowskatv.pl\/?p=2214\"> [...]<\/a>","protected":false},"author":1,"featured_media":2215,"comment_status":"open","ping_status":"open","sticky":false,"template":"","format":"standard","meta":{"footnotes":""},"categories":[1],"tags":[80],"class_list":["post-2214","post","type-post","status-publish","format-standard","has-post-thumbnail","hentry","category-news","tag-kalisz"],"_links":{"self":[{"href":"https:\/\/ostrowskatv.pl\/index.php?rest_route=\/wp\/v2\/posts\/2214","targetHints":{"allow":["GET"]}}],"collection":[{"href":"https:\/\/ostrowskatv.pl\/index.php?rest_route=\/wp\/v2\/posts"}],"about":[{"href":"https:\/\/ostrowskatv.pl\/index.php?rest_route=\/wp\/v2\/types\/post"}],"author":[{"embeddable":true,"href":"https:\/\/ostrowskatv.pl\/index.php?rest_route=\/wp\/v2\/users\/1"}],"replies":[{"embeddable":true,"href":"https:\/\/ostrowskatv.pl\/index.php?rest_route=%2Fwp%2Fv2%2Fcomments&post=2214"}],"version-history":[{"count":0,"href":"https:\/\/ostrowskatv.pl\/index.php?rest_route=\/wp\/v2\/posts\/2214\/revisions"}],"wp:featuredmedia":[{"embeddable":true,"href":"https:\/\/ostrowskatv.pl\/index.php?rest_route=\/wp\/v2\/media\/2215"}],"wp:attachment":[{"href":"https:\/\/ostrowskatv.pl\/index.php?rest_route=%2Fwp%2Fv2%2Fmedia&parent=2214"}],"wp:term":[{"taxonomy":"category","embeddable":true,"href":"https:\/\/ostrowskatv.pl\/index.php?rest_route=%2Fwp%2Fv2%2Fcategories&post=2214"},{"taxonomy":"post_tag","embeddable":true,"href":"https:\/\/ostrowskatv.pl\/index.php?rest_route=%2Fwp%2Fv2%2Ftags&post=2214"}],"curies":[{"name":"wp","href":"https:\/\/api.w.org\/{rel}","templated":true}]}}