{"id":22120,"date":"2022-11-10T09:48:22","date_gmt":"2022-11-10T08:48:22","guid":{"rendered":"https:\/\/ostrowskatv.pl\/?p=22120"},"modified":"2022-11-10T09:48:22","modified_gmt":"2022-11-10T08:48:22","slug":"rowerzysta-zakonczyl-jazde-ze-zlamana-noga","status":"publish","type":"post","link":"https:\/\/ostrowskatv.pl\/?p=22120","title":{"rendered":"Rowerzysta zako\u0144czy\u0142 jazd\u0119 ze z\u0142aman\u0105 nog\u0105"},"content":{"rendered":"<p><strong>Rowerzysta zako\u0144czy\u0142 jazd\u0119 ze z\u0142aman\u0105 ko\u015bci\u0105 prawej nogi. Do wypadku dosz\u0142o na skrzy\u017cowaniu ulic Rejtana i Gorzyckiej w Ostrowie Wielkopolskim. Zderzy\u0142 si\u0119 tam rowerzysta z samochodem volkswagen new battle na ostrzeszowskich tablicach. <\/strong><\/p>\n<p>Samochodem kierowa\u0142a 43-latka z Ostrowa Wlkp. Badanie alkomatem wykaza\u0142o, \u017ce jest trze\u017awa. Rowerem od strony Odolanowskiej jecha\u0142 jej r\u00f3wie\u015bnik. Uderzy\u0142 w bok osob\u00f3wki i dozna\u0142 z\u0142amania nogi. <\/p>\n<p><img loading=\"lazy\" decoding=\"async\" src=\"https:\/\/ostrowskatv.pl\/wp-content\/uploads\/2022\/11\/20221109_171117-01.jpeg\" alt=\"\" width=\"1366\" height=\"667\" class=\"alignnone size-full wp-image-22122\" srcset=\"https:\/\/ostrowskatv.pl\/wp-content\/uploads\/2022\/11\/20221109_171117-01.jpeg 1366w, https:\/\/ostrowskatv.pl\/wp-content\/uploads\/2022\/11\/20221109_171117-01-300x146.jpeg 300w, https:\/\/ostrowskatv.pl\/wp-content\/uploads\/2022\/11\/20221109_171117-01-640x313.jpeg 640w\" sizes=\"auto, (max-width: 1366px) 100vw, 1366px\" \/><\/p>\n<p><img loading=\"lazy\" decoding=\"async\" src=\"https:\/\/ostrowskatv.pl\/wp-content\/uploads\/2022\/11\/20221109_171112-01.jpeg\" alt=\"\" width=\"1366\" height=\"621\" class=\"alignnone size-full wp-image-22123\" srcset=\"https:\/\/ostrowskatv.pl\/wp-content\/uploads\/2022\/11\/20221109_171112-01.jpeg 1366w, https:\/\/ostrowskatv.pl\/wp-content\/uploads\/2022\/11\/20221109_171112-01-300x136.jpeg 300w, https:\/\/ostrowskatv.pl\/wp-content\/uploads\/2022\/11\/20221109_171112-01-640x291.jpeg 640w\" sizes=\"auto, (max-width: 1366px) 100vw, 1366px\" \/><\/p>\n<p><img loading=\"lazy\" decoding=\"async\" src=\"https:\/\/ostrowskatv.pl\/wp-content\/uploads\/2022\/11\/20221109_170006-01.jpeg\" alt=\"\" width=\"1366\" height=\"546\" class=\"alignnone size-full wp-image-22124\" srcset=\"https:\/\/ostrowskatv.pl\/wp-content\/uploads\/2022\/11\/20221109_170006-01.jpeg 1366w, https:\/\/ostrowskatv.pl\/wp-content\/uploads\/2022\/11\/20221109_170006-01-300x120.jpeg 300w, https:\/\/ostrowskatv.pl\/wp-content\/uploads\/2022\/11\/20221109_170006-01-640x256.jpeg 640w\" sizes=\"auto, (max-width: 1366px) 100vw, 1366px\" \/><\/p>\n","protected":false},"excerpt":{"rendered":"Rowerzysta zako\u0144czy\u0142 jazd\u0119 ze z\u0142aman\u0105 ko\u015bci\u0105 prawej nogi. Do wypadku dosz\u0142o na skrzy\u017cowaniu ulic Rejtana i Gorzyckiej w Ostrowie Wielkopolskim. Zderzy\u0142 si\u0119 tam \n<a class=\"moretag\" href=\"https:\/\/ostrowskatv.pl\/?p=22120\"> [...]<\/a>","protected":false},"author":1,"featured_media":22124,"comment_status":"open","ping_status":"closed","sticky":false,"template":"","format":"standard","meta":{"footnotes":""},"categories":[1],"tags":[11],"class_list":["post-22120","post","type-post","status-publish","format-standard","has-post-thumbnail","hentry","category-news","tag-wypadek"],"_links":{"self":[{"href":"https:\/\/ostrowskatv.pl\/index.php?rest_route=\/wp\/v2\/posts\/22120","targetHints":{"allow":["GET"]}}],"collection":[{"href":"https:\/\/ostrowskatv.pl\/index.php?rest_route=\/wp\/v2\/posts"}],"about":[{"href":"https:\/\/ostrowskatv.pl\/index.php?rest_route=\/wp\/v2\/types\/post"}],"author":[{"embeddable":true,"href":"https:\/\/ostrowskatv.pl\/index.php?rest_route=\/wp\/v2\/users\/1"}],"replies":[{"embeddable":true,"href":"https:\/\/ostrowskatv.pl\/index.php?rest_route=%2Fwp%2Fv2%2Fcomments&post=22120"}],"version-history":[{"count":0,"href":"https:\/\/ostrowskatv.pl\/index.php?rest_route=\/wp\/v2\/posts\/22120\/revisions"}],"wp:featuredmedia":[{"embeddable":true,"href":"https:\/\/ostrowskatv.pl\/index.php?rest_route=\/wp\/v2\/media\/22124"}],"wp:attachment":[{"href":"https:\/\/ostrowskatv.pl\/index.php?rest_route=%2Fwp%2Fv2%2Fmedia&parent=22120"}],"wp:term":[{"taxonomy":"category","embeddable":true,"href":"https:\/\/ostrowskatv.pl\/index.php?rest_route=%2Fwp%2Fv2%2Fcategories&post=22120"},{"taxonomy":"post_tag","embeddable":true,"href":"https:\/\/ostrowskatv.pl\/index.php?rest_route=%2Fwp%2Fv2%2Ftags&post=22120"}],"curies":[{"name":"wp","href":"https:\/\/api.w.org\/{rel}","templated":true}]}}