{"id":22032,"date":"2022-11-01T21:46:30","date_gmt":"2022-11-01T20:46:30","guid":{"rendered":"https:\/\/ostrowskatv.pl\/?p=22032"},"modified":"2022-11-01T22:21:52","modified_gmt":"2022-11-01T21:21:52","slug":"potracil-bylego-tescia-chwila-grozy-w-ostrowie","status":"publish","type":"post","link":"https:\/\/ostrowskatv.pl\/?p=22032","title":{"rendered":"Potr\u0105ci\u0142 nowego partnera by\u0142ej \u017cony. Chwila grozy w Ostrowie"},"content":{"rendered":"<p><strong>1 listopada omal nie zako\u0144czy\u0142 si\u0119 tragedi\u0105. Na ulicy Grunwaldzkiej w Ostrowie Wielkopolskim dosz\u0142o do potr\u0105cenia 38-letniego m\u0119\u017cczyzny. Powodem jest trwaj\u0105cy konflikt rodzinny. <\/strong><\/p>\n<p>Wed\u0142ug \u015bwiadk\u00f3w m\u0142ody m\u0119\u017cczyzna siedzia\u0142 w samochodzie zaparkowanym na pobliskiej myjni samoobs\u0142ugowej. Pojazd by\u0142 przygotowany do wyjazdu.<\/p>\n<p>Kiedy z pobliskiej posesji zacz\u0119li wychodzi\u0107 go\u015bcie, m\u0119\u017cczyzna ruszy\u0142 srebrnym renault thalia. Za pierwszym razem zatrzyma\u0142 si\u0119 przy nowym partnerze swojej by\u0142ej \u017cony. Dosz\u0142o do ostrej wymiany zda\u0144.<\/p>\n<p>Kierowca renault odjecha\u0142, zawr\u00f3ci\u0142 i potr\u0105ci\u0142 wybranka serca swojej by\u0142ej \u017cony. Bezpo\u015brednio po zdarzeniu odjecha\u0142, nie udzielaj\u0105c pomocy.<\/p>\n<p>Poszkodowany by\u0142 przytomny, ale uskar\u017ca\u0142 si\u0119 na szereg dolegliwo\u015bci b\u00f3lowych. Dok\u0142adna diagnostyka w szpitalu pozwoli pozna\u0107 rozmiar obra\u017ce\u0144 cia\u0142a.<\/p>\n<p>Policja szuka m\u0119\u017cczyzny podejrzanego o spowodowanie potr\u0105cenia. Jak uda\u0142o si\u0119 ustali\u0107 pochodzi z Lewkowa a obecnie mieszka w Ostrowie.<\/p>\n<p><img loading=\"lazy\" decoding=\"async\" src=\"https:\/\/ostrowskatv.pl\/wp-content\/uploads\/2022\/11\/Grunwaldzka-01.jpeg\" alt=\"\" width=\"1366\" height=\"769\" class=\"alignnone size-full wp-image-22033\" srcset=\"https:\/\/ostrowskatv.pl\/wp-content\/uploads\/2022\/11\/Grunwaldzka-01.jpeg 1366w, https:\/\/ostrowskatv.pl\/wp-content\/uploads\/2022\/11\/Grunwaldzka-01-300x169.jpeg 300w, https:\/\/ostrowskatv.pl\/wp-content\/uploads\/2022\/11\/Grunwaldzka-01-640x360.jpeg 640w\" sizes=\"auto, (max-width: 1366px) 100vw, 1366px\" \/><\/p>\n<p><img loading=\"lazy\" decoding=\"async\" src=\"https:\/\/ostrowskatv.pl\/wp-content\/uploads\/2022\/11\/20221101_204818-01-01.jpeg\" alt=\"\" width=\"1366\" height=\"1349\" class=\"alignnone size-full wp-image-22034\" srcset=\"https:\/\/ostrowskatv.pl\/wp-content\/uploads\/2022\/11\/20221101_204818-01-01.jpeg 1366w, https:\/\/ostrowskatv.pl\/wp-content\/uploads\/2022\/11\/20221101_204818-01-01-300x296.jpeg 300w, https:\/\/ostrowskatv.pl\/wp-content\/uploads\/2022\/11\/20221101_204818-01-01-365x360.jpeg 365w\" sizes=\"auto, (max-width: 1366px) 100vw, 1366px\" \/><\/p>\n<p><img loading=\"lazy\" decoding=\"async\" src=\"https:\/\/ostrowskatv.pl\/wp-content\/uploads\/2022\/11\/20221101_204727-01-01.jpeg\" alt=\"\" width=\"1366\" height=\"854\" class=\"alignnone size-full wp-image-22035\" srcset=\"https:\/\/ostrowskatv.pl\/wp-content\/uploads\/2022\/11\/20221101_204727-01-01.jpeg 1366w, https:\/\/ostrowskatv.pl\/wp-content\/uploads\/2022\/11\/20221101_204727-01-01-300x188.jpeg 300w, https:\/\/ostrowskatv.pl\/wp-content\/uploads\/2022\/11\/20221101_204727-01-01-576x360.jpeg 576w\" sizes=\"auto, (max-width: 1366px) 100vw, 1366px\" \/><\/p>\n<p><img loading=\"lazy\" decoding=\"async\" src=\"https:\/\/ostrowskatv.pl\/wp-content\/uploads\/2022\/11\/20221101_205502-02.jpeg\" alt=\"\" width=\"1366\" height=\"769\" class=\"alignnone size-full wp-image-22036\" srcset=\"https:\/\/ostrowskatv.pl\/wp-content\/uploads\/2022\/11\/20221101_205502-02.jpeg 1366w, https:\/\/ostrowskatv.pl\/wp-content\/uploads\/2022\/11\/20221101_205502-02-300x169.jpeg 300w, https:\/\/ostrowskatv.pl\/wp-content\/uploads\/2022\/11\/20221101_205502-02-640x360.jpeg 640w\" sizes=\"auto, (max-width: 1366px) 100vw, 1366px\" \/><\/p>\n<p><img loading=\"lazy\" decoding=\"async\" src=\"https:\/\/ostrowskatv.pl\/wp-content\/uploads\/2022\/11\/20221101_205054-01.jpeg\" alt=\"\" width=\"1366\" height=\"679\" class=\"alignnone size-full wp-image-22037\" srcset=\"https:\/\/ostrowskatv.pl\/wp-content\/uploads\/2022\/11\/20221101_205054-01.jpeg 1366w, https:\/\/ostrowskatv.pl\/wp-content\/uploads\/2022\/11\/20221101_205054-01-300x149.jpeg 300w, https:\/\/ostrowskatv.pl\/wp-content\/uploads\/2022\/11\/20221101_205054-01-640x318.jpeg 640w\" sizes=\"auto, (max-width: 1366px) 100vw, 1366px\" \/><\/p>\n","protected":false},"excerpt":{"rendered":"1 listopada omal nie zako\u0144czy\u0142 si\u0119 tragedi\u0105. Na ulicy Grunwaldzkiej w Ostrowie Wielkopolskim dosz\u0142o do potr\u0105cenia 38-letniego m\u0119\u017cczyzny. Powodem jest trwaj\u0105cy konflikt rodzinny. \n<a class=\"moretag\" href=\"https:\/\/ostrowskatv.pl\/?p=22032\"> [...]<\/a>","protected":false},"author":1,"featured_media":22041,"comment_status":"open","ping_status":"closed","sticky":false,"template":"","format":"standard","meta":{"footnotes":""},"categories":[1],"tags":[2],"class_list":["post-22032","post","type-post","status-publish","format-standard","has-post-thumbnail","hentry","category-news","tag-ostrow-wielkopolski"],"_links":{"self":[{"href":"https:\/\/ostrowskatv.pl\/index.php?rest_route=\/wp\/v2\/posts\/22032","targetHints":{"allow":["GET"]}}],"collection":[{"href":"https:\/\/ostrowskatv.pl\/index.php?rest_route=\/wp\/v2\/posts"}],"about":[{"href":"https:\/\/ostrowskatv.pl\/index.php?rest_route=\/wp\/v2\/types\/post"}],"author":[{"embeddable":true,"href":"https:\/\/ostrowskatv.pl\/index.php?rest_route=\/wp\/v2\/users\/1"}],"replies":[{"embeddable":true,"href":"https:\/\/ostrowskatv.pl\/index.php?rest_route=%2Fwp%2Fv2%2Fcomments&post=22032"}],"version-history":[{"count":0,"href":"https:\/\/ostrowskatv.pl\/index.php?rest_route=\/wp\/v2\/posts\/22032\/revisions"}],"wp:featuredmedia":[{"embeddable":true,"href":"https:\/\/ostrowskatv.pl\/index.php?rest_route=\/wp\/v2\/media\/22041"}],"wp:attachment":[{"href":"https:\/\/ostrowskatv.pl\/index.php?rest_route=%2Fwp%2Fv2%2Fmedia&parent=22032"}],"wp:term":[{"taxonomy":"category","embeddable":true,"href":"https:\/\/ostrowskatv.pl\/index.php?rest_route=%2Fwp%2Fv2%2Fcategories&post=22032"},{"taxonomy":"post_tag","embeddable":true,"href":"https:\/\/ostrowskatv.pl\/index.php?rest_route=%2Fwp%2Fv2%2Ftags&post=22032"}],"curies":[{"name":"wp","href":"https:\/\/api.w.org\/{rel}","templated":true}]}}