{"id":22024,"date":"2022-11-01T09:26:16","date_gmt":"2022-11-01T08:26:16","guid":{"rendered":"https:\/\/ostrowskatv.pl\/?p=22024"},"modified":"2022-11-01T09:26:16","modified_gmt":"2022-11-01T08:26:16","slug":"skonczyl-na-drzewie-przy-kosciele","status":"publish","type":"post","link":"https:\/\/ostrowskatv.pl\/?p=22024","title":{"rendered":"Sko\u0144czy\u0142 na drzewie przy ko\u015bciele"},"content":{"rendered":"<p><strong>M\u0119\u017cczyzna jad\u0105c ulic\u0105 Limanowskiego w Ostrowie Wielkopolskim w stron\u0119 centrum straci\u0142 panowanie nad autem i wjecha\u0142 w drzewo. Mercedes mia\u0142 uszkodzony prz\u00f3d a kierowca powierzchowne rany.<\/strong><\/p>\n<p>Na miejsce wys\u0142ano karetk\u0119 pogotowia ratunkowego, stra\u017c po\u017carn\u0105 oraz policj\u0119. Zesp\u00f3\u0142 karetki udzieli\u0142 kierowcy pierwszej pomocy a stra\u017cacy zabezpieczyli miejsce zdarzenia.<\/p>\n<p><img loading=\"lazy\" decoding=\"async\" src=\"https:\/\/ostrowskatv.pl\/wp-content\/uploads\/2022\/11\/20221101_085123-01.jpeg\" alt=\"\" width=\"1366\" height=\"769\" class=\"alignnone size-full wp-image-22025\" srcset=\"https:\/\/ostrowskatv.pl\/wp-content\/uploads\/2022\/11\/20221101_085123-01.jpeg 1366w, https:\/\/ostrowskatv.pl\/wp-content\/uploads\/2022\/11\/20221101_085123-01-300x169.jpeg 300w, https:\/\/ostrowskatv.pl\/wp-content\/uploads\/2022\/11\/20221101_085123-01-640x360.jpeg 640w\" sizes=\"auto, (max-width: 1366px) 100vw, 1366px\" \/><\/p>\n<p><img loading=\"lazy\" decoding=\"async\" src=\"https:\/\/ostrowskatv.pl\/wp-content\/uploads\/2022\/11\/20221101_085156-02.jpeg\" alt=\"\" width=\"1366\" height=\"769\" class=\"alignnone size-full wp-image-22026\" srcset=\"https:\/\/ostrowskatv.pl\/wp-content\/uploads\/2022\/11\/20221101_085156-02.jpeg 1366w, https:\/\/ostrowskatv.pl\/wp-content\/uploads\/2022\/11\/20221101_085156-02-300x169.jpeg 300w, https:\/\/ostrowskatv.pl\/wp-content\/uploads\/2022\/11\/20221101_085156-02-640x360.jpeg 640w\" sizes=\"auto, (max-width: 1366px) 100vw, 1366px\" \/><\/p>\n<p><img loading=\"lazy\" decoding=\"async\" src=\"https:\/\/ostrowskatv.pl\/wp-content\/uploads\/2022\/11\/20221101_085156-01.jpeg\" alt=\"\" width=\"1366\" height=\"621\" class=\"alignnone size-full wp-image-22027\" srcset=\"https:\/\/ostrowskatv.pl\/wp-content\/uploads\/2022\/11\/20221101_085156-01.jpeg 1366w, https:\/\/ostrowskatv.pl\/wp-content\/uploads\/2022\/11\/20221101_085156-01-300x136.jpeg 300w, https:\/\/ostrowskatv.pl\/wp-content\/uploads\/2022\/11\/20221101_085156-01-640x291.jpeg 640w\" sizes=\"auto, (max-width: 1366px) 100vw, 1366px\" \/><\/p>\n<p><img loading=\"lazy\" decoding=\"async\" src=\"https:\/\/ostrowskatv.pl\/wp-content\/uploads\/2022\/11\/20221101_085207-01.jpeg\" alt=\"\" width=\"1366\" height=\"769\" class=\"alignnone size-full wp-image-22028\" srcset=\"https:\/\/ostrowskatv.pl\/wp-content\/uploads\/2022\/11\/20221101_085207-01.jpeg 1366w, https:\/\/ostrowskatv.pl\/wp-content\/uploads\/2022\/11\/20221101_085207-01-300x169.jpeg 300w, https:\/\/ostrowskatv.pl\/wp-content\/uploads\/2022\/11\/20221101_085207-01-640x360.jpeg 640w\" sizes=\"auto, (max-width: 1366px) 100vw, 1366px\" \/><\/p>\n<p><img loading=\"lazy\" decoding=\"async\" src=\"https:\/\/ostrowskatv.pl\/wp-content\/uploads\/2022\/11\/20221101_085257-01.jpeg\" alt=\"\" width=\"1003\" height=\"1366\" class=\"alignnone size-full wp-image-22029\" srcset=\"https:\/\/ostrowskatv.pl\/wp-content\/uploads\/2022\/11\/20221101_085257-01.jpeg 1003w, https:\/\/ostrowskatv.pl\/wp-content\/uploads\/2022\/11\/20221101_085257-01-220x300.jpeg 220w, https:\/\/ostrowskatv.pl\/wp-content\/uploads\/2022\/11\/20221101_085257-01-264x360.jpeg 264w\" sizes=\"auto, (max-width: 1003px) 100vw, 1003px\" \/><\/p>\n<p><img loading=\"lazy\" decoding=\"async\" src=\"https:\/\/ostrowskatv.pl\/wp-content\/uploads\/2022\/11\/20221101_085733-01.jpeg\" alt=\"\" width=\"1366\" height=\"1050\" class=\"alignnone size-full wp-image-22030\" srcset=\"https:\/\/ostrowskatv.pl\/wp-content\/uploads\/2022\/11\/20221101_085733-01.jpeg 1366w, https:\/\/ostrowskatv.pl\/wp-content\/uploads\/2022\/11\/20221101_085733-01-300x231.jpeg 300w, https:\/\/ostrowskatv.pl\/wp-content\/uploads\/2022\/11\/20221101_085733-01-468x360.jpeg 468w\" sizes=\"auto, (max-width: 1366px) 100vw, 1366px\" \/><\/p>\n","protected":false},"excerpt":{"rendered":"M\u0119\u017cczyzna jad\u0105c ulic\u0105 Limanowskiego w Ostrowie Wielkopolskim w stron\u0119 centrum straci\u0142 panowanie nad autem i wjecha\u0142 w drzewo. Mercedes mia\u0142 uszkodzony prz\u00f3d a \n<a class=\"moretag\" href=\"https:\/\/ostrowskatv.pl\/?p=22024\"> [...]<\/a>","protected":false},"author":1,"featured_media":22030,"comment_status":"open","ping_status":"closed","sticky":false,"template":"","format":"standard","meta":{"footnotes":""},"categories":[1],"tags":[2],"class_list":["post-22024","post","type-post","status-publish","format-standard","has-post-thumbnail","hentry","category-news","tag-ostrow-wielkopolski"],"_links":{"self":[{"href":"https:\/\/ostrowskatv.pl\/index.php?rest_route=\/wp\/v2\/posts\/22024","targetHints":{"allow":["GET"]}}],"collection":[{"href":"https:\/\/ostrowskatv.pl\/index.php?rest_route=\/wp\/v2\/posts"}],"about":[{"href":"https:\/\/ostrowskatv.pl\/index.php?rest_route=\/wp\/v2\/types\/post"}],"author":[{"embeddable":true,"href":"https:\/\/ostrowskatv.pl\/index.php?rest_route=\/wp\/v2\/users\/1"}],"replies":[{"embeddable":true,"href":"https:\/\/ostrowskatv.pl\/index.php?rest_route=%2Fwp%2Fv2%2Fcomments&post=22024"}],"version-history":[{"count":0,"href":"https:\/\/ostrowskatv.pl\/index.php?rest_route=\/wp\/v2\/posts\/22024\/revisions"}],"wp:featuredmedia":[{"embeddable":true,"href":"https:\/\/ostrowskatv.pl\/index.php?rest_route=\/wp\/v2\/media\/22030"}],"wp:attachment":[{"href":"https:\/\/ostrowskatv.pl\/index.php?rest_route=%2Fwp%2Fv2%2Fmedia&parent=22024"}],"wp:term":[{"taxonomy":"category","embeddable":true,"href":"https:\/\/ostrowskatv.pl\/index.php?rest_route=%2Fwp%2Fv2%2Fcategories&post=22024"},{"taxonomy":"post_tag","embeddable":true,"href":"https:\/\/ostrowskatv.pl\/index.php?rest_route=%2Fwp%2Fv2%2Ftags&post=22024"}],"curies":[{"name":"wp","href":"https:\/\/api.w.org\/{rel}","templated":true}]}}