{"id":22009,"date":"2022-10-30T18:54:35","date_gmt":"2022-10-30T17:54:35","guid":{"rendered":"https:\/\/ostrowskatv.pl\/?p=22009"},"modified":"2022-10-30T18:54:35","modified_gmt":"2022-10-30T17:54:35","slug":"pijana-matka-rozbila-auto-poszkodowane-takze-dziecko","status":"publish","type":"post","link":"https:\/\/ostrowskatv.pl\/?p=22009","title":{"rendered":"Pijana matka rozbi\u0142a auto. Poszkodowane tak\u017ce dziecko"},"content":{"rendered":"<p><strong>Do bulwersuj\u0105cej sytuacji dosz\u0142o w niedzielny wiecz\u00f3r. Na skrzy\u017cowaniu ulic Krotoszy\u0144skiej i Polnej w Ostrowie Wielkopolskim peugeot 307 wjecha\u0142 w przydro\u017cne s\u0142upki i ogrodzenie pobliskiej posesji.<\/strong><\/p>\n<p>Okaza\u0142o si\u0119, \u017ce 24-letnia kobieta kierowa\u0142a samochodem w stanie po spo\u017cyciu alkoholu. Wydmucha\u0142a 0,38 promila. Na miejscu pasa\u017cera podr\u00f3\u017cowa\u0142 jej m\u0105\u017c, kt\u00f3ry na kolanach trzyma\u0142 3-letnie dziecko.<\/p>\n<p>Po zdarzeniu dozna\u0142o rozci\u0119cia g\u0142owy. Do szpitala zabrano kieruj\u0105c\u0105 i dziecko. <\/p>\n<p><img loading=\"lazy\" decoding=\"async\" src=\"https:\/\/ostrowskatv.pl\/wp-content\/uploads\/2022\/10\/Kroto1.jpeg\" alt=\"\" width=\"1024\" height=\"740\" class=\"alignnone size-full wp-image-22010\" srcset=\"https:\/\/ostrowskatv.pl\/wp-content\/uploads\/2022\/10\/Kroto1.jpeg 1024w, https:\/\/ostrowskatv.pl\/wp-content\/uploads\/2022\/10\/Kroto1-300x217.jpeg 300w, https:\/\/ostrowskatv.pl\/wp-content\/uploads\/2022\/10\/Kroto1-498x360.jpeg 498w\" sizes=\"auto, (max-width: 1024px) 100vw, 1024px\" \/><\/p>\n<p><img loading=\"lazy\" decoding=\"async\" src=\"https:\/\/ostrowskatv.pl\/wp-content\/uploads\/2022\/10\/Kroto2.jpeg\" alt=\"\" width=\"882\" height=\"668\" class=\"alignnone size-full wp-image-22011\" srcset=\"https:\/\/ostrowskatv.pl\/wp-content\/uploads\/2022\/10\/Kroto2.jpeg 882w, https:\/\/ostrowskatv.pl\/wp-content\/uploads\/2022\/10\/Kroto2-300x227.jpeg 300w, https:\/\/ostrowskatv.pl\/wp-content\/uploads\/2022\/10\/Kroto2-475x360.jpeg 475w\" sizes=\"auto, (max-width: 882px) 100vw, 882px\" \/><\/p>\n<p><img loading=\"lazy\" decoding=\"async\" src=\"https:\/\/ostrowskatv.pl\/wp-content\/uploads\/2022\/10\/Kroto3.jpeg\" alt=\"\" width=\"1020\" height=\"645\" class=\"alignnone size-full wp-image-22012\" srcset=\"https:\/\/ostrowskatv.pl\/wp-content\/uploads\/2022\/10\/Kroto3.jpeg 1020w, https:\/\/ostrowskatv.pl\/wp-content\/uploads\/2022\/10\/Kroto3-300x190.jpeg 300w, https:\/\/ostrowskatv.pl\/wp-content\/uploads\/2022\/10\/Kroto3-569x360.jpeg 569w\" sizes=\"auto, (max-width: 1020px) 100vw, 1020px\" \/><\/p>\n","protected":false},"excerpt":{"rendered":"Do bulwersuj\u0105cej sytuacji dosz\u0142o w niedzielny wiecz\u00f3r. Na skrzy\u017cowaniu ulic Krotoszy\u0144skiej i Polnej w Ostrowie Wielkopolskim peugeot 307 wjecha\u0142 w przydro\u017cne s\u0142upki i \n<a class=\"moretag\" href=\"https:\/\/ostrowskatv.pl\/?p=22009\"> [...]<\/a>","protected":false},"author":1,"featured_media":22012,"comment_status":"open","ping_status":"closed","sticky":false,"template":"","format":"standard","meta":{"footnotes":""},"categories":[1],"tags":[2],"class_list":["post-22009","post","type-post","status-publish","format-standard","has-post-thumbnail","hentry","category-news","tag-ostrow-wielkopolski"],"_links":{"self":[{"href":"https:\/\/ostrowskatv.pl\/index.php?rest_route=\/wp\/v2\/posts\/22009","targetHints":{"allow":["GET"]}}],"collection":[{"href":"https:\/\/ostrowskatv.pl\/index.php?rest_route=\/wp\/v2\/posts"}],"about":[{"href":"https:\/\/ostrowskatv.pl\/index.php?rest_route=\/wp\/v2\/types\/post"}],"author":[{"embeddable":true,"href":"https:\/\/ostrowskatv.pl\/index.php?rest_route=\/wp\/v2\/users\/1"}],"replies":[{"embeddable":true,"href":"https:\/\/ostrowskatv.pl\/index.php?rest_route=%2Fwp%2Fv2%2Fcomments&post=22009"}],"version-history":[{"count":0,"href":"https:\/\/ostrowskatv.pl\/index.php?rest_route=\/wp\/v2\/posts\/22009\/revisions"}],"wp:featuredmedia":[{"embeddable":true,"href":"https:\/\/ostrowskatv.pl\/index.php?rest_route=\/wp\/v2\/media\/22012"}],"wp:attachment":[{"href":"https:\/\/ostrowskatv.pl\/index.php?rest_route=%2Fwp%2Fv2%2Fmedia&parent=22009"}],"wp:term":[{"taxonomy":"category","embeddable":true,"href":"https:\/\/ostrowskatv.pl\/index.php?rest_route=%2Fwp%2Fv2%2Fcategories&post=22009"},{"taxonomy":"post_tag","embeddable":true,"href":"https:\/\/ostrowskatv.pl\/index.php?rest_route=%2Fwp%2Fv2%2Ftags&post=22009"}],"curies":[{"name":"wp","href":"https:\/\/api.w.org\/{rel}","templated":true}]}}