{"id":2199,"date":"2016-09-15T10:02:29","date_gmt":"2016-09-15T09:02:29","guid":{"rendered":"http:\/\/ostrowska.tv\/?p=2199"},"modified":"2016-09-15T13:26:53","modified_gmt":"2016-09-15T12:26:53","slug":"czolowe-zderzenie-kolo-przygodzic","status":"publish","type":"post","link":"https:\/\/ostrowskatv.pl\/?p=2199","title":{"rendered":"Czo\u0142owe zderzenie ko\u0142o Przygodzic"},"content":{"rendered":"<p><strong>Na drodze krajowej nr 11 pomi\u0119dzy Przygodzicami, a G\u00f3recznikiem dosz\u0142o do czo\u0142owego zderzenia osob\u00f3wki z samochodem ci\u0119\u017carowym MAN. Ze wst\u0119pnych ustale\u0144 wynika, \u017ce kobieta nie zd\u0105rzy\u0142a zjecha\u0107 na sw\u00f3j pas po wyprzedzeniu TIR-a i zderzy\u0142a si\u0119 z innym samochodem ci\u0119\u017carowym jad\u0105cym od strony Antonina.<\/strong><br \/>\nKobiet\u0119 w stanie ci\u0119\u017ckim przewieziono do ostrowskiego szpitala. Wraz z ni\u0105 jecha\u0142o oko\u0142o roczne dziecko. Po zdarzeniu zajmowa\u0142 si\u0119 nim jeden ze stra\u017cak\u00f3w, pr\u00f3buj\u0105c je uspokoi\u0107.<br \/>\nNa miejsce wypadku, zaraz po zderzeniu, dojecha\u0142 kierowca z OSP Czarnylas, kt\u00f3ry powiadomi\u0142 pozosta\u0142e s\u0142u\u017cby.<br \/>\nDroga by\u0142a zablokowana przez ponad godzin\u0119.<\/p>\n<p>Policja, przekierowywa\u0142a ruch nie tylko osobowy, ale r\u00f3wnie\u017c ci\u0119\u017car\u00f3wki po drogach do tego nieprzystosowanych przez Pardalin\/Jank\u00f3w Przygodzki\/D\u0119bnic\u0119.<\/p>\n<div id='gallery-1' class='gallery galleryid-2199 gallery-columns-3 gallery-size-thumbnail'><figure class='gallery-item'>\n\t\t\t<div class='gallery-icon landscape'>\n\t\t\t\t<a href='https:\/\/ostrowskatv.pl\/?attachment_id=2197'><img loading=\"lazy\" decoding=\"async\" width=\"150\" height=\"150\" src=\"https:\/\/ostrowskatv.pl\/wp-content\/uploads\/2016\/09\/tmp_16359-PicsArt_09-15-10.58.531967703632-150x150.jpg\" class=\"attachment-thumbnail size-thumbnail\" alt=\"\" \/><\/a>\n\t\t\t<\/div><\/figure><figure class='gallery-item'>\n\t\t\t<div class='gallery-icon landscape'>\n\t\t\t\t<a href='https:\/\/ostrowskatv.pl\/?attachment_id=2198'><img loading=\"lazy\" decoding=\"async\" width=\"150\" height=\"150\" src=\"https:\/\/ostrowskatv.pl\/wp-content\/uploads\/2016\/09\/tmp_16359-PicsArt_09-15-10.58.24-1442505129-150x150.jpg\" class=\"attachment-thumbnail size-thumbnail\" alt=\"\" \/><\/a>\n\t\t\t<\/div><\/figure><figure class='gallery-item'>\n\t\t\t<div class='gallery-icon landscape'>\n\t\t\t\t<a href='https:\/\/ostrowskatv.pl\/?attachment_id=2203'><img loading=\"lazy\" decoding=\"async\" width=\"150\" height=\"150\" src=\"https:\/\/ostrowskatv.pl\/wp-content\/uploads\/2016\/09\/tmp_9398-PicsArt_09-15-02.22.34-855276212-150x150.jpg\" class=\"attachment-thumbnail size-thumbnail\" alt=\"\" \/><\/a>\n\t\t\t<\/div><\/figure><figure class='gallery-item'>\n\t\t\t<div class='gallery-icon landscape'>\n\t\t\t\t<a href='https:\/\/ostrowskatv.pl\/?attachment_id=2204'><img loading=\"lazy\" decoding=\"async\" width=\"150\" height=\"150\" src=\"https:\/\/ostrowskatv.pl\/wp-content\/uploads\/2016\/09\/tmp_9398-PicsArt_09-15-02.22.01-178040908-150x150.jpg\" class=\"attachment-thumbnail size-thumbnail\" alt=\"\" \/><\/a>\n\t\t\t<\/div><\/figure>\n\t\t<\/div>\n\n","protected":false},"excerpt":{"rendered":"Na drodze krajowej nr 11 pomi\u0119dzy Przygodzicami, a G\u00f3recznikiem dosz\u0142o do czo\u0142owego zderzenia osob\u00f3wki z samochodem ci\u0119\u017carowym MAN. Ze wst\u0119pnych ustale\u0144 wynika, \u017ce \n<a class=\"moretag\" href=\"https:\/\/ostrowskatv.pl\/?p=2199\"> [...]<\/a>","protected":false},"author":1,"featured_media":2197,"comment_status":"open","ping_status":"open","sticky":false,"template":"","format":"standard","meta":{"footnotes":""},"categories":[1],"tags":[27],"class_list":["post-2199","post","type-post","status-publish","format-standard","has-post-thumbnail","hentry","category-news","tag-przygodzice"],"_links":{"self":[{"href":"https:\/\/ostrowskatv.pl\/index.php?rest_route=\/wp\/v2\/posts\/2199","targetHints":{"allow":["GET"]}}],"collection":[{"href":"https:\/\/ostrowskatv.pl\/index.php?rest_route=\/wp\/v2\/posts"}],"about":[{"href":"https:\/\/ostrowskatv.pl\/index.php?rest_route=\/wp\/v2\/types\/post"}],"author":[{"embeddable":true,"href":"https:\/\/ostrowskatv.pl\/index.php?rest_route=\/wp\/v2\/users\/1"}],"replies":[{"embeddable":true,"href":"https:\/\/ostrowskatv.pl\/index.php?rest_route=%2Fwp%2Fv2%2Fcomments&post=2199"}],"version-history":[{"count":0,"href":"https:\/\/ostrowskatv.pl\/index.php?rest_route=\/wp\/v2\/posts\/2199\/revisions"}],"wp:featuredmedia":[{"embeddable":true,"href":"https:\/\/ostrowskatv.pl\/index.php?rest_route=\/wp\/v2\/media\/2197"}],"wp:attachment":[{"href":"https:\/\/ostrowskatv.pl\/index.php?rest_route=%2Fwp%2Fv2%2Fmedia&parent=2199"}],"wp:term":[{"taxonomy":"category","embeddable":true,"href":"https:\/\/ostrowskatv.pl\/index.php?rest_route=%2Fwp%2Fv2%2Fcategories&post=2199"},{"taxonomy":"post_tag","embeddable":true,"href":"https:\/\/ostrowskatv.pl\/index.php?rest_route=%2Fwp%2Fv2%2Ftags&post=2199"}],"curies":[{"name":"wp","href":"https:\/\/api.w.org\/{rel}","templated":true}]}}